{"id":38691,"date":"2023-04-14T07:18:49","date_gmt":"2023-04-14T07:18:49","guid":{"rendered":"https:\/\/www.automakersnews.cz\/?p=38691"},"modified":"2023-04-14T07:18:49","modified_gmt":"2023-04-14T07:18:49","slug":"skoda-podpori-modernizaci-nemocnice","status":"publish","type":"post","link":"https:\/\/www.automakersnews.cz\/index.php\/2023\/04\/14\/skoda-podpori-modernizaci-nemocnice\/","title":{"rendered":"\u0160koda podpo\u0159\u00ed modernizaci nemocnice"},"content":{"rendered":"<p><strong>Z\u00e1stupci \u0160kody Auto se z\u00fa\u010dastnili slavnostn\u00edho polo\u017een\u00ed z\u00e1kladn\u00edho kamene nov\u00e9ho pavilonu Nemocnice Rychnov nad Kn\u011b\u017enou. Projekt je sou\u010d\u00e1st\u00ed rozs\u00e1hlej\u0161\u00ed modernizace zdej\u0161\u00edho zdravotnick\u00e9ho za\u0159\u00edzen\u00ed.<\/strong><!--more--><\/p>\n<p>Stavba prob\u00edh\u00e1 na z\u00e1klad\u011b Memoranda o spolupr\u00e1ci na rozvoji pr\u016fmyslov\u00e9 z\u00f3ny Solnice-Kvasiny a okoln\u00edho regionu uzav\u0159en\u00e9ho mezi vl\u00e1dou \u010cesk\u00e9 republiky, Kr\u00e1lov\u00e9hradeck\u00fdm krajem a spole\u010dnost\u00ed \u0160koda Auto.<\/p>\n<p>Nov\u00fd pavilon bude spojen s budovou ozna\u010denou podle specializace jako DIGP (d\u011btsk\u00e9, intern\u00ed, gynekologick\u00e9 a porodn\u00ed odd\u011blen\u00ed) a z\u00e1sadn\u011b p\u0159isp\u011bje ke zlep\u0161en\u00ed zdravotn\u00ed p\u00e9\u010de.<\/p>\n<p>V r\u00e1mci rekonstrukce vzniknou nov\u00e9 prostory pro urgentn\u00ed p\u0159\u00edjem, z\u00e1zem\u00ed pro z\u00e1chrannou slu\u017ebu, odd\u011blen\u00ed JIP a ARO a dal\u0161\u00ed ordinace. \u0160koda Auto pom\u00e1h\u00e1 rychnovsk\u00e9 nemocnici ji\u017e p\u00e1t\u00fdm rokem. Podpora zdravotnictv\u00ed pat\u0159\u00ed mezi kl\u00ed\u010dov\u00e9 oblasti spole\u010densk\u00e9 odpov\u011bdnosti v regionech, kde automobilka provozuje sv\u00e9 v\u00fdrobn\u00ed z\u00e1vody.<\/p>\n<div>Slavnostn\u00edho polo\u017een\u00ed z\u00e1kladn\u00edho kamene se za z\u00e1vod spole\u010dnosti \u0160koda Auto v\u00a0Kvasin\u00e1ch z\u00fa\u010dastnil jeho vedouc\u00ed Milo\u0161 Halbich (druh\u00fd zleva).<\/div>\n<div><img loading=\"lazy\" decoding=\"async\" class=\"alignnone size-large wp-image-38724\" src=\"http:\/\/www.automakersnews.cz\/wp-content\/uploads\/2023\/04\/skoda-rychnov-1024x716.png\" alt=\"\" width=\"1024\" height=\"716\" \/><\/div>\n<div><\/div>\n<div>D\u00e1le se z\u00fa\u010dastnili tak\u00e9 Pavel Bul\u00ed\u010dek, 1. n\u00e1m\u011bstek hejtmana Kr\u00e1lov\u00e9hradeck\u00e9ho kraje (prvn\u00ed zleva), Martin \u010cerv\u00ed\u010dek, hejtman Kr\u00e1lov\u00e9hradeck\u00e9ho kraje (t\u0159et\u00ed zleva), sen\u00e1tor Jan Gurlich (p\u00e1t\u00fd zleva), \u0159editel rychnovsk\u00e9 nemocnice Lubo\u0161 Mottl (druh\u00fd zprava) a z\u00e1stupci dodavatel\u016f stavby.<\/div>\n","protected":false},"excerpt":{"rendered":"<div class=\"mh-excerpt\"><p>Z\u00e1stupci \u0160kody Auto se z\u00fa\u010dastnili slavnostn\u00edho polo\u017een\u00ed z\u00e1kladn\u00edho kamene nov\u00e9ho pavilonu Nemocnice Rychnov nad Kn\u011b\u017enou. Projekt je sou\u010d\u00e1st\u00ed rozs\u00e1hlej\u0161\u00ed modernizace zdej\u0161\u00edho zdravotnick\u00e9ho za\u0159\u00edzen\u00ed.<\/p>\n<\/div>","protected":false},"author":1,"featured_media":38725,"comment_status":"open","ping_status":"open","sticky":false,"template":"","format":"standard","meta":{"footnotes":""},"categories":[60],"tags":[],"class_list":["post-38691","post","type-post","status-publish","format-standard","has-post-thumbnail","hentry","category-spolecenska-zodpovednost"],"_links":{"self":[{"href":"https:\/\/www.automakersnews.cz\/index.php\/wp-json\/wp\/v2\/posts\/38691","targetHints":{"allow":["GET"]}}],"collection":[{"href":"https:\/\/www.automakersnews.cz\/index.php\/wp-json\/wp\/v2\/posts"}],"about":[{"href":"https:\/\/www.automakersnews.cz\/index.php\/wp-json\/wp\/v2\/types\/post"}],"author":[{"embeddable":true,"href":"https:\/\/www.automakersnews.cz\/index.php\/wp-json\/wp\/v2\/users\/1"}],"replies":[{"embeddable":true,"href":"https:\/\/www.automakersnews.cz\/index.php\/wp-json\/wp\/v2\/comments?post=38691"}],"version-history":[{"count":0,"href":"https:\/\/www.automakersnews.cz\/index.php\/wp-json\/wp\/v2\/posts\/38691\/revisions"}],"wp:featuredmedia":[{"embeddable":true,"href":"https:\/\/www.automakersnews.cz\/index.php\/wp-json\/wp\/v2\/media\/38725"}],"wp:attachment":[{"href":"https:\/\/www.automakersnews.cz\/index.php\/wp-json\/wp\/v2\/media?parent=38691"}],"wp:term":[{"taxonomy":"category","embeddable":true,"href":"https:\/\/www.automakersnews.cz\/index.php\/wp-json\/wp\/v2\/categories?post=38691"},{"taxonomy":"post_tag","embeddable":true,"href":"https:\/\/www.automakersnews.cz\/index.php\/wp-json\/wp\/v2\/tags?post=38691"}],"curies":[{"name":"wp","href":"https:\/\/api.w.org\/{rel}","templated":true}]}}