{"id":38721,"date":"2023-04-14T07:44:49","date_gmt":"2023-04-14T07:44:49","guid":{"rendered":"https:\/\/www.automakersnews.cz\/?p=38721"},"modified":"2023-04-14T08:33:39","modified_gmt":"2023-04-14T08:33:39","slug":"mitsubishi-asx-melo-premieru-v-panske-zahrade","status":"publish","type":"post","link":"https:\/\/www.automakersnews.cz\/index.php\/2023\/04\/14\/mitsubishi-asx-melo-premieru-v-panske-zahrade\/","title":{"rendered":"Pansk\u00e1 zahrada hostila premi\u00e9ru Mitsubishi ASX"},"content":{"rendered":"<p class=\"v1MsoNormal\"><strong>Mana\u017ee\u0159i M Motors svolali 13. dubna novin\u00e1\u0159e do restaurantu Pansk\u00e1 zahrada v Dob\u0159ichovic\u00edch na n\u00e1rodn\u00ed premi\u00e9ru nov\u00e9ho Mitsubishi ASX. V\u011b\u0159\u00ed, \u017ee novinka vr\u00e1t\u00ed dealery zna\u010dky ke star\u00fdm prodejn\u00edm objem\u016fm.<\/strong><!--more--><\/p>\n<p>Japonsk\u00e9 Mitsubishi p\u0159ed \u010dasem pohrozilo sta\u017een\u00edm sv\u00fdch aktivit z Evropy, co\u017e by znamenalo \u017eivotn\u00ed probl\u00e9m pro jeho m\u00edstn\u00ed import\u00e9ry, dealery i z\u00e1kazn\u00edky. Japonci nakonec pl\u00e1ny revidovali a zna\u010dka v Evrop\u011b z\u016fstala, v\u010detn\u011b v\u00fdroby ve \u0160pan\u011blsku.<\/p>\n<p><img loading=\"lazy\" decoding=\"async\" class=\"alignnone size-large wp-image-38761\" src=\"http:\/\/www.automakersnews.cz\/wp-content\/uploads\/2023\/04\/Mitsubishi-ASX-Berounka-1024x576.jpg\" alt=\"\" width=\"1024\" height=\"576\" \/><\/p>\n<p>&#8222;V \u010cesku a na Slovensku m\u00e1me celkem 23 autorizovan\u00fdch partner\u016f, sedm servis\u016f, 27 tis\u00edc aktivn\u00edch z\u00e1kazn\u00edk\u016f a jsem r\u00e1d \u017ee jim m\u00e1me st\u00e1le co nab\u00eddnout. Oba trhy nyn\u00ed rostou a nov\u00fd model ASX vyr\u00e1b\u011bn\u00fd ve \u0161pan\u011blsk\u00e9m Valladolidu je st\u0159\u00edbrn\u00e1 kulka, kterou pot\u0159ebujeme k \u00fasp\u011bchu,&#8220; uvedl premi\u00e9ru \u0161\u00e9f importu Kamil \u0160ilhav\u00fd.<\/p>\n<p><img loading=\"lazy\" decoding=\"async\" class=\"alignnone size-large wp-image-38767\" src=\"http:\/\/www.automakersnews.cz\/wp-content\/uploads\/2023\/04\/Mitsubishi-Silhavy-Zahrada-1024x576.jpg\" alt=\"\" width=\"1024\" height=\"576\" srcset=\"https:\/\/www.automakersnews.cz\/wp-content\/uploads\/2023\/04\/Mitsubishi-Silhavy-Zahrada-1024x576.jpg 1024w, https:\/\/www.automakersnews.cz\/wp-content\/uploads\/2023\/04\/Mitsubishi-Silhavy-Zahrada-300x169.jpg 300w, https:\/\/www.automakersnews.cz\/wp-content\/uploads\/2023\/04\/Mitsubishi-Silhavy-Zahrada-768x432.jpg 768w, https:\/\/www.automakersnews.cz\/wp-content\/uploads\/2023\/04\/Mitsubishi-Silhavy-Zahrada-1536x864.jpg 1536w, https:\/\/www.automakersnews.cz\/wp-content\/uploads\/2023\/04\/Mitsubishi-Silhavy-Zahrada-678x381.jpg 678w, https:\/\/www.automakersnews.cz\/wp-content\/uploads\/2023\/04\/Mitsubishi-Silhavy-Zahrada.jpg 2048w\" sizes=\"auto, (max-width: 1024px) 100vw, 1024px\" \/><\/p>\n<p>ASX podle n\u011bj umo\u017en\u00ed \u010desk\u00fdm dealer\u016fm doplnit sou\u010dasn\u00e9 modelov\u00e9 \u0159ady zna\u010dky a vr\u00e1tit se k prodej\u016fm ve vy\u0161\u0161\u00edch objemech.<\/p>\n<p>Model ASX slibuje celkem 14 verz\u00ed v\u00fdbav, 3 typy pohonn\u00fdch jednotek a t\u0159i typy p\u0159evodovek. K tomu lze p\u0159ipo\u010d\u00edst 5letou tov\u00e1rn\u00ed z\u00e1ruku a a\u017e 15 let asisten\u010dn\u00ed slu\u017eby.<\/p>\n<p><img loading=\"lazy\" decoding=\"async\" class=\"alignnone size-large wp-image-38763\" src=\"http:\/\/www.automakersnews.cz\/wp-content\/uploads\/2023\/04\/Mitsubishi-ASX-bok-Berounka-1024x576.jpg\" alt=\"\" width=\"1024\" height=\"576\" \/><\/p>\n<p>Cena startuje na 489 950 korun\u00e1ch a kon\u010d\u00ed na jednom milionu korun za plugin hybridn\u00ed verzi. S technick\u00fdmi fi\u010durami sezn\u00e1mil na tiskovce novin\u00e1\u0159e Robin Babick\u00fd.<\/p>\n<p><img loading=\"lazy\" decoding=\"async\" class=\"alignnone size-large wp-image-38771\" src=\"http:\/\/www.automakersnews.cz\/wp-content\/uploads\/2023\/04\/Mitsubishi-ASX-Marek-Vodicka-1024x768.jpg\" alt=\"\" width=\"1024\" height=\"768\" \/><\/p>\n<p>&#8222;Prvn\u00ed dod\u00e1vky na sklady dealer\u016f prob\u011bhnou do konce m\u011bs\u00edce dubna, tov\u00e1rn\u011b jsme poslali objedn\u00e1vky na 300 voz\u016f. Ne\u010dek\u00e1me dlouh\u00e9 dodac\u00ed lh\u016fty, proto\u017ee v\u00fdrobn\u00ed cyklus se zkr\u00e1til na 1,5 m\u011bs\u00edce. Po\u010d\u00edt\u00e1me s centr\u00e1ln\u00ed marketingovou podporou na\u0161ich dealer\u016f,&#8220; up\u0159esnil na tiskov\u00e9 konferenci \u0161\u00e9f marketingu zna\u010dky Marek Vodi\u010dka.<\/p>\n<p><strong>Zdroj: Erich Handl, Dob\u0159ichovice, FOTO: Lud\u011bk Kortus a autor<\/strong><\/p>\n<p><img loading=\"lazy\" decoding=\"async\" class=\"alignnone size-large wp-image-38766\" src=\"http:\/\/www.automakersnews.cz\/wp-content\/uploads\/2023\/04\/TK-Mitsubishi-Panska-zahrada-1024x576.jpg\" alt=\"\" width=\"1024\" height=\"576\" \/><\/p>\n<p>&nbsp;<\/p>\n<p>&nbsp;<\/p>\n","protected":false},"excerpt":{"rendered":"<div class=\"mh-excerpt\"><p>Mana\u017ee\u0159i M Motors svolali 13. dubna novin\u00e1\u0159e do restaurantu Pansk\u00e1 zahrada v Dob\u0159ichovic\u00edch na n\u00e1rodn\u00ed premi\u00e9ru nov\u00e9ho Mitsubishi ASX. V\u011b\u0159\u00ed, \u017ee novinka vr\u00e1t\u00ed dealery zna\u010dky <a class=\"mh-excerpt-more\" href=\"https:\/\/www.automakersnews.cz\/index.php\/2023\/04\/14\/mitsubishi-asx-melo-premieru-v-panske-zahrade\/\" title=\"Pansk\u00e1 zahrada hostila premi\u00e9ru Mitsubishi ASX\">[&#8230;]<\/a><\/p>\n<\/div>","protected":false},"author":1,"featured_media":38723,"comment_status":"open","ping_status":"open","sticky":false,"template":"","format":"standard","meta":{"footnotes":""},"categories":[2,31],"tags":[],"class_list":["post-38721","post","type-post","status-publish","format-standard","has-post-thumbnail","hentry","category-news","category-premiery"],"_links":{"self":[{"href":"https:\/\/www.automakersnews.cz\/index.php\/wp-json\/wp\/v2\/posts\/38721","targetHints":{"allow":["GET"]}}],"collection":[{"href":"https:\/\/www.automakersnews.cz\/index.php\/wp-json\/wp\/v2\/posts"}],"about":[{"href":"https:\/\/www.automakersnews.cz\/index.php\/wp-json\/wp\/v2\/types\/post"}],"author":[{"embeddable":true,"href":"https:\/\/www.automakersnews.cz\/index.php\/wp-json\/wp\/v2\/users\/1"}],"replies":[{"embeddable":true,"href":"https:\/\/www.automakersnews.cz\/index.php\/wp-json\/wp\/v2\/comments?post=38721"}],"version-history":[{"count":0,"href":"https:\/\/www.automakersnews.cz\/index.php\/wp-json\/wp\/v2\/posts\/38721\/revisions"}],"wp:featuredmedia":[{"embeddable":true,"href":"https:\/\/www.automakersnews.cz\/index.php\/wp-json\/wp\/v2\/media\/38723"}],"wp:attachment":[{"href":"https:\/\/www.automakersnews.cz\/index.php\/wp-json\/wp\/v2\/media?parent=38721"}],"wp:term":[{"taxonomy":"category","embeddable":true,"href":"https:\/\/www.automakersnews.cz\/index.php\/wp-json\/wp\/v2\/categories?post=38721"},{"taxonomy":"post_tag","embeddable":true,"href":"https:\/\/www.automakersnews.cz\/index.php\/wp-json\/wp\/v2\/tags?post=38721"}],"curies":[{"name":"wp","href":"https:\/\/api.w.org\/{rel}","templated":true}]}}