{"id":38773,"date":"2023-04-14T08:18:17","date_gmt":"2023-04-14T08:18:17","guid":{"rendered":"https:\/\/www.automakersnews.cz\/?p=38773"},"modified":"2023-04-14T08:37:09","modified_gmt":"2023-04-14T08:37:09","slug":"tomas-hyan-na-new-york-motor-show","status":"publish","type":"post","link":"https:\/\/www.automakersnews.cz\/index.php\/2023\/04\/14\/tomas-hyan-na-new-york-motor-show\/","title":{"rendered":"Tom\u00e1\u0161 Hyan na New York Motor Show"},"content":{"rendered":"<div dir=\"auto\"><strong>New York host\u00ed tradi\u010dn\u00ed International Motor Show, autosalon pokra\u010duje do ned\u011ble 16. dubna. Jako z\u0159ejm\u011b jedin\u00fd \u010desk\u00fd novin\u00e1\u0159 se na veletrh vypravil Tom\u00e1\u0161 Hyan. Jak\u00e9 jsou jeho dojmy z akce?<\/strong><\/div>\n<p><!--more--><\/p>\n<div dir=\"auto\">Tom\u00e1\u0161 jezd\u00ed na tradi\u010dn\u00ed dubnovou v\u00fdstavu v New Yorku u\u017e dlouh\u00e1 l\u00e9ta a nevynechal ani letos, p\u0159esto\u017ee leteck\u00e9 linky cest\u00e1m z Prahy do USA nep\u0159ej\u00ed. P\u0159\u00edm\u00e9 spojen\u00ed z Ruzyn\u011b do NY toti\u017e bude a\u017e v kv\u011btnu a Hyan tak musel dojet vozem do V\u00eddn\u011b a let\u011bt p\u0159es oce\u00e1n ze Schwechatu.<\/div>\n<div dir=\"auto\"><img loading=\"lazy\" decoding=\"async\" class=\"alignnone size-large wp-image-38776\" src=\"http:\/\/www.automakersnews.cz\/wp-content\/uploads\/2023\/04\/New-York-Highlander-1024x768.jpg\" alt=\"\" width=\"1024\" height=\"768\" srcset=\"https:\/\/www.automakersnews.cz\/wp-content\/uploads\/2023\/04\/New-York-Highlander-1024x768.jpg 1024w, https:\/\/www.automakersnews.cz\/wp-content\/uploads\/2023\/04\/New-York-Highlander-300x225.jpg 300w, https:\/\/www.automakersnews.cz\/wp-content\/uploads\/2023\/04\/New-York-Highlander-768x576.jpg 768w, https:\/\/www.automakersnews.cz\/wp-content\/uploads\/2023\/04\/New-York-Highlander-1536x1152.jpg 1536w, https:\/\/www.automakersnews.cz\/wp-content\/uploads\/2023\/04\/New-York-Highlander-678x509.jpg 678w, https:\/\/www.automakersnews.cz\/wp-content\/uploads\/2023\/04\/New-York-Highlander-326x245.jpg 326w, https:\/\/www.automakersnews.cz\/wp-content\/uploads\/2023\/04\/New-York-Highlander-80x60.jpg 80w, https:\/\/www.automakersnews.cz\/wp-content\/uploads\/2023\/04\/New-York-Highlander.jpg 2048w\" sizes=\"auto, (max-width: 1024px) 100vw, 1024px\" \/><\/div>\n<div dir=\"auto\"><\/div>\n<div dir=\"auto\">&#8222;Ameri\u010dani se zbl\u00e1znili a p\u0159est\u00e1vaj\u00ed vyr\u00e1b\u011bt klasick\u00e1 osobn\u00ed auta. Ford m\u00e1 jen Mustang, Lincoln jen SUV, Buick jen SUV, Chevrolet prod\u00e1v\u00e1 jen Malibu,&#8220; p\u00ed\u0161e Tom\u00e1\u0161 z New Yorku.<\/div>\n<div dir=\"auto\"><img loading=\"lazy\" decoding=\"async\" class=\"alignnone size-large wp-image-38777\" src=\"http:\/\/www.automakersnews.cz\/wp-content\/uploads\/2023\/04\/New-York-Chevrolet-1024x768.jpg\" alt=\"\" width=\"1024\" height=\"768\" srcset=\"https:\/\/www.automakersnews.cz\/wp-content\/uploads\/2023\/04\/New-York-Chevrolet-1024x768.jpg 1024w, https:\/\/www.automakersnews.cz\/wp-content\/uploads\/2023\/04\/New-York-Chevrolet-300x225.jpg 300w, https:\/\/www.automakersnews.cz\/wp-content\/uploads\/2023\/04\/New-York-Chevrolet-768x576.jpg 768w, https:\/\/www.automakersnews.cz\/wp-content\/uploads\/2023\/04\/New-York-Chevrolet-1536x1152.jpg 1536w, https:\/\/www.automakersnews.cz\/wp-content\/uploads\/2023\/04\/New-York-Chevrolet-678x509.jpg 678w, https:\/\/www.automakersnews.cz\/wp-content\/uploads\/2023\/04\/New-York-Chevrolet-326x245.jpg 326w, https:\/\/www.automakersnews.cz\/wp-content\/uploads\/2023\/04\/New-York-Chevrolet-80x60.jpg 80w, https:\/\/www.automakersnews.cz\/wp-content\/uploads\/2023\/04\/New-York-Chevrolet.jpg 2048w\" sizes=\"auto, (max-width: 1024px) 100vw, 1024px\" \/><\/div>\n<div dir=\"auto\"><\/div>\n<div dir=\"auto\">&#8222;Tak\u017ee Ameri\u010dan\u00e9 bez boje nechali trh Toyot\u011b, Hond\u011b, Hyundai, Kia, Subaru, lehk\u00fdm n\u00e1kladn\u00edm voz\u016fm vl\u00e1dne Hino a Isuzu\u2026V 1. \u010dtvrtlet\u00ed ale prodali 2 elektrick\u00e9 pickupy GMC Hummer (loni jich za stejnou dobu bylo 99),&#8220; up\u0159esnil Hyan s m\u00edrnou ironi\u00ed pro n\u00e1\u0161 port\u00e1l p\u0159\u00edmo z v\u00fdstavi\u0161t\u011b.<\/div>\n<div dir=\"auto\"><\/div>\n<div dir=\"auto\"><strong>FOTO: Tom\u00e1\u0161 Hyan<\/strong><\/div>\n<div dir=\"auto\"><img loading=\"lazy\" decoding=\"async\" class=\"alignnone size-large wp-image-38775\" src=\"http:\/\/www.automakersnews.cz\/wp-content\/uploads\/2023\/04\/New-York-Hyan-Camaro-1024x768.jpg\" alt=\"\" width=\"1024\" height=\"768\" srcset=\"https:\/\/www.automakersnews.cz\/wp-content\/uploads\/2023\/04\/New-York-Hyan-Camaro-1024x768.jpg 1024w, https:\/\/www.automakersnews.cz\/wp-content\/uploads\/2023\/04\/New-York-Hyan-Camaro-300x225.jpg 300w, https:\/\/www.automakersnews.cz\/wp-content\/uploads\/2023\/04\/New-York-Hyan-Camaro-768x576.jpg 768w, https:\/\/www.automakersnews.cz\/wp-content\/uploads\/2023\/04\/New-York-Hyan-Camaro-1536x1152.jpg 1536w, https:\/\/www.automakersnews.cz\/wp-content\/uploads\/2023\/04\/New-York-Hyan-Camaro-678x509.jpg 678w, https:\/\/www.automakersnews.cz\/wp-content\/uploads\/2023\/04\/New-York-Hyan-Camaro-326x245.jpg 326w, https:\/\/www.automakersnews.cz\/wp-content\/uploads\/2023\/04\/New-York-Hyan-Camaro-80x60.jpg 80w, https:\/\/www.automakersnews.cz\/wp-content\/uploads\/2023\/04\/New-York-Hyan-Camaro.jpg 2048w\" sizes=\"auto, (max-width: 1024px) 100vw, 1024px\" \/><\/div>\n<div dir=\"auto\"><img loading=\"lazy\" decoding=\"async\" class=\"alignnone size-large wp-image-38780\" src=\"http:\/\/www.automakersnews.cz\/wp-content\/uploads\/2023\/04\/New-York-Dodge-1024x768.jpg\" alt=\"\" width=\"1024\" height=\"768\" srcset=\"https:\/\/www.automakersnews.cz\/wp-content\/uploads\/2023\/04\/New-York-Dodge-1024x768.jpg 1024w, https:\/\/www.automakersnews.cz\/wp-content\/uploads\/2023\/04\/New-York-Dodge-300x225.jpg 300w, https:\/\/www.automakersnews.cz\/wp-content\/uploads\/2023\/04\/New-York-Dodge-768x576.jpg 768w, https:\/\/www.automakersnews.cz\/wp-content\/uploads\/2023\/04\/New-York-Dodge-1536x1152.jpg 1536w, https:\/\/www.automakersnews.cz\/wp-content\/uploads\/2023\/04\/New-York-Dodge-678x509.jpg 678w, https:\/\/www.automakersnews.cz\/wp-content\/uploads\/2023\/04\/New-York-Dodge-326x245.jpg 326w, https:\/\/www.automakersnews.cz\/wp-content\/uploads\/2023\/04\/New-York-Dodge-80x60.jpg 80w, https:\/\/www.automakersnews.cz\/wp-content\/uploads\/2023\/04\/New-York-Dodge.jpg 2048w\" sizes=\"auto, (max-width: 1024px) 100vw, 1024px\" \/><img loading=\"lazy\" decoding=\"async\" class=\"alignnone size-large wp-image-38779\" src=\"http:\/\/www.automakersnews.cz\/wp-content\/uploads\/2023\/04\/News-York-Willis-1024x768.jpg\" alt=\"\" width=\"1024\" height=\"768\" srcset=\"https:\/\/www.automakersnews.cz\/wp-content\/uploads\/2023\/04\/News-York-Willis-1024x768.jpg 1024w, https:\/\/www.automakersnews.cz\/wp-content\/uploads\/2023\/04\/News-York-Willis-300x225.jpg 300w, https:\/\/www.automakersnews.cz\/wp-content\/uploads\/2023\/04\/News-York-Willis-768x576.jpg 768w, https:\/\/www.automakersnews.cz\/wp-content\/uploads\/2023\/04\/News-York-Willis-1536x1152.jpg 1536w, https:\/\/www.automakersnews.cz\/wp-content\/uploads\/2023\/04\/News-York-Willis-678x509.jpg 678w, https:\/\/www.automakersnews.cz\/wp-content\/uploads\/2023\/04\/News-York-Willis-326x245.jpg 326w, https:\/\/www.automakersnews.cz\/wp-content\/uploads\/2023\/04\/News-York-Willis-80x60.jpg 80w, https:\/\/www.automakersnews.cz\/wp-content\/uploads\/2023\/04\/News-York-Willis.jpg 2048w\" sizes=\"auto, (max-width: 1024px) 100vw, 1024px\" \/><\/div>\n","protected":false},"excerpt":{"rendered":"<div class=\"mh-excerpt\"><p>New York host\u00ed tradi\u010dn\u00ed International Motor Show, autosalon pokra\u010duje do ned\u011ble 16. dubna. Jako z\u0159ejm\u011b jedin\u00fd \u010desk\u00fd novin\u00e1\u0159 se na veletrh vypravil Tom\u00e1\u0161 Hyan. Jak\u00e9 <a class=\"mh-excerpt-more\" href=\"https:\/\/www.automakersnews.cz\/index.php\/2023\/04\/14\/tomas-hyan-na-new-york-motor-show\/\" title=\"Tom\u00e1\u0161 Hyan na New York Motor Show\">[&#8230;]<\/a><\/p>\n<\/div>","protected":false},"author":1,"featured_media":38774,"comment_status":"open","ping_status":"open","sticky":false,"template":"","format":"standard","meta":{"footnotes":""},"categories":[49,28],"tags":[],"class_list":["post-38773","post","type-post","status-publish","format-standard","has-post-thumbnail","hentry","category-novinari","category-vystavy"],"_links":{"self":[{"href":"https:\/\/www.automakersnews.cz\/index.php\/wp-json\/wp\/v2\/posts\/38773","targetHints":{"allow":["GET"]}}],"collection":[{"href":"https:\/\/www.automakersnews.cz\/index.php\/wp-json\/wp\/v2\/posts"}],"about":[{"href":"https:\/\/www.automakersnews.cz\/index.php\/wp-json\/wp\/v2\/types\/post"}],"author":[{"embeddable":true,"href":"https:\/\/www.automakersnews.cz\/index.php\/wp-json\/wp\/v2\/users\/1"}],"replies":[{"embeddable":true,"href":"https:\/\/www.automakersnews.cz\/index.php\/wp-json\/wp\/v2\/comments?post=38773"}],"version-history":[{"count":0,"href":"https:\/\/www.automakersnews.cz\/index.php\/wp-json\/wp\/v2\/posts\/38773\/revisions"}],"wp:featuredmedia":[{"embeddable":true,"href":"https:\/\/www.automakersnews.cz\/index.php\/wp-json\/wp\/v2\/media\/38774"}],"wp:attachment":[{"href":"https:\/\/www.automakersnews.cz\/index.php\/wp-json\/wp\/v2\/media?parent=38773"}],"wp:term":[{"taxonomy":"category","embeddable":true,"href":"https:\/\/www.automakersnews.cz\/index.php\/wp-json\/wp\/v2\/categories?post=38773"},{"taxonomy":"post_tag","embeddable":true,"href":"https:\/\/www.automakersnews.cz\/index.php\/wp-json\/wp\/v2\/tags?post=38773"}],"curies":[{"name":"wp","href":"https:\/\/api.w.org\/{rel}","templated":true}]}}