{"id":39291,"date":"2023-04-17T06:56:29","date_gmt":"2023-04-17T06:56:29","guid":{"rendered":"https:\/\/www.automakersnews.cz\/?p=39291"},"modified":"2023-04-17T07:09:41","modified_gmt":"2023-04-17T07:09:41","slug":"citroen-partnerem-prazskeho-filharmonickeho-sboru","status":"publish","type":"post","link":"https:\/\/www.automakersnews.cz\/index.php\/2023\/04\/17\/citroen-partnerem-prazskeho-filharmonickeho-sboru\/","title":{"rendered":"Citro\u00ebn sponzorem Pra\u017esk\u00e9ho filharmonick\u00e9ho sboru"},"content":{"rendered":"<p><strong>Citro\u00ebn spojil s\u00edly s Pra\u017esk\u00fdm filharmonick\u00fdm sborem. P\u0159edal mu k u\u017e\u00edv\u00e1n\u00ed svoji vlajkovou lo\u010f, model C5 X Plug-In Hybrid, a tak\u00e9 velkoprostorov\u00fd SpaceTourer.<\/strong><!--more--><\/p>\n<p>Nejstar\u0161\u00ed \u010desk\u00fd profesion\u00e1ln\u00ed sbor s nep\u0159eru\u0161enou histori\u00ed od roku 1935 reprezentuje \u0161pi\u010dkovou kulturu na\u0161\u00ed zem\u011b a je p\u0159edn\u00edm evropsk\u00fdm t\u011blesem. V roce 2018 z\u00edskal presti\u017en\u00ed ocen\u011bn\u00ed Classic Prague Award za Nejlep\u0161\u00ed vok\u00e1ln\u00ed koncert a Ceny \u010cesk\u00e9 televize \u2013 Klasika roku. Spolupracuje s nejlep\u0161\u00edmi orchestry a dirigenty z cel\u00e9ho sv\u011bta. Pra\u017esk\u00fd filharmonick\u00fd sbor je tak\u00e9 reziden\u010dn\u00edm sborem opern\u00edho festivalu v rakousk\u00e9m Bregenz.<\/p>\n<p>Citro\u00ebn ji\u017e od sv\u00e9ho zalo\u017een\u00ed v roce 1919 navrhuje vozy, kter\u00e9 se \u0159ad\u00ed mezi \u0161pi\u010dku s ohledem na cestovn\u00ed komfort. V sou\u010dasn\u00e9 dob\u011b nab\u00edz\u00ed \u0161irokou \u0161k\u00e1lu vozidel, od kompaktn\u00edch osobn\u00edch automobil\u016f po obl\u00edben\u00e1 SUV a u\u017eitkov\u00e9 vozy. Pro odv\u00e1\u017enou a inovativn\u00ed zna\u010dku je d\u016fle\u017eit\u00fd klid a pohoda z\u00e1kazn\u00edk\u016f, modern\u00ed design a v\u00fdvoj nov\u00fdch technologi\u00ed jako jsou pohon na elekt\u0159inu nebo pokro\u010dil\u00e9 asisten\u010dn\u00ed syst\u00e9my.<\/p>\n<p>Na za\u010d\u00e1tku roku p\u0159evzal \u0159editel sboru David Mare\u010dek nov\u00fd v\u016fz Citro\u00ebn C5 X, kter\u00fd dokonale napl\u0148uje filozofii zna\u010dky a nab\u00edz\u00ed skute\u010dn\u00fd klid a pohodl\u00ed d\u00edky programu Citro\u00ebn Advanced Comfort\u00ae, jen\u017e prostor pro cestuj\u00edc\u00ed vn\u00edm\u00e1 jako interi\u00e9r domu a zahrnuje zejm\u00e9na aktivn\u00ed tlumi\u010de Citro\u00ebn Advanced Comfort a sedadla Advanced Comfort.<\/p>\n<p>\u201eCitro\u00ebn C5 X mi poskytuje absolutn\u011b komfortn\u00ed a akustick\u00fd z\u00e1\u017eitek z j\u00edzdy. M\u00e1m r\u00e1d ticho a neru\u0161en\u00fd poslech hudby. Kdy\u017e si pust\u00edm sv\u00e9 obl\u00edben\u00e9 skladby, p\u0159ipad\u00e1m si jako v koncertn\u00edm s\u00e1le. D\u00edky plug-in hybridn\u00edmu motoru jezd\u00edm po Praze s nulov\u00fdmi emisemi a velmi rychle jsem si zvykl i na technologie jako head-up display a asisten\u010dn\u00ed syst\u00e9my \u0159\u00edzen\u00ed, kter\u00e9 mi zjednodu\u0161uj\u00ed \u017eivot za volantem,\u201c popisuje \u0159editel Mare\u010dek.<\/p>\n<p>&#8222;Jsme hrd\u00ed na to, \u017ee se m\u016f\u017eeme st\u00e1t partnerem Pra\u017esk\u00e9ho filharmonick\u00e9ho sboru, a \u017ee m\u00e1me mo\u017enost podpo\u0159it tuto vynikaj\u00edc\u00ed organizaci, kter\u00e1 m\u00e1 takov\u00fd v\u00fdznam pro \u010deskou kulturu. V\u011b\u0159\u00edme, \u017ee na\u0161e vozy C5 X a SpaceTourer jsou pro sbor prost\u0159edkem, jak ho pohodln\u011b p\u0159epravit na jeho vystoupen\u00ed po cel\u00e9 \u010cesk\u00e9 republice,&#8220; \u0159ekl \u0159editel Citro\u00ebnu Franti\u0161ek Neuman.<\/p>\n<figure id=\"attachment_25806\" aria-describedby=\"caption-attachment-25806\" style=\"width: 1024px\" class=\"wp-caption alignnone\"><img loading=\"lazy\" decoding=\"async\" class=\"size-large wp-image-25806\" src=\"http:\/\/www.automakersnews.cz\/wp-content\/uploads\/2023\/03\/Citroen-Neuman-orez-1024x503.jpg\" alt=\"\" width=\"1024\" height=\"503\" \/><figcaption id=\"caption-attachment-25806\" class=\"wp-caption-text\">Franti\u0161ek Neuman<\/figcaption><\/figure>\n<p>Reprezentativn\u00ed a modern\u00ed cestovn\u00ed v\u016fz Citro\u00ebn C5 X spojuj\u00edc\u00ed hatchback, kombi a SUV je k dispozici s benz\u00ednov\u00fdmi nebo plug-in hybridn\u00edmi motory za cenu od 800 000 K\u010d.<\/p>\n<p><img loading=\"lazy\" decoding=\"async\" class=\"alignnone wp-image-39293\" src=\"http:\/\/www.automakersnews.cz\/wp-content\/uploads\/2023\/04\/PFS_citroen_webres-3-small-1-200x300.jpg\" alt=\"\" width=\"924\" height=\"1386\" srcset=\"https:\/\/www.automakersnews.cz\/wp-content\/uploads\/2023\/04\/PFS_citroen_webres-3-small-1-200x300.jpg 200w, https:\/\/www.automakersnews.cz\/wp-content\/uploads\/2023\/04\/PFS_citroen_webres-3-small-1-682x1024.jpg 682w\" sizes=\"auto, (max-width: 924px) 100vw, 924px\" \/><\/p>\n","protected":false},"excerpt":{"rendered":"<div class=\"mh-excerpt\"><p>Citro\u00ebn spojil s\u00edly s Pra\u017esk\u00fdm filharmonick\u00fdm sborem. P\u0159edal mu k u\u017e\u00edv\u00e1n\u00ed svoji vlajkovou lo\u010f, model C5 X Plug-In Hybrid, a tak\u00e9 velkoprostorov\u00fd SpaceTourer.<\/p>\n<\/div>","protected":false},"author":4,"featured_media":39292,"comment_status":"open","ping_status":"open","sticky":false,"template":"","format":"standard","meta":{"footnotes":""},"categories":[2],"tags":[],"class_list":["post-39291","post","type-post","status-publish","format-standard","has-post-thumbnail","hentry","category-news"],"_links":{"self":[{"href":"https:\/\/www.automakersnews.cz\/index.php\/wp-json\/wp\/v2\/posts\/39291","targetHints":{"allow":["GET"]}}],"collection":[{"href":"https:\/\/www.automakersnews.cz\/index.php\/wp-json\/wp\/v2\/posts"}],"about":[{"href":"https:\/\/www.automakersnews.cz\/index.php\/wp-json\/wp\/v2\/types\/post"}],"author":[{"embeddable":true,"href":"https:\/\/www.automakersnews.cz\/index.php\/wp-json\/wp\/v2\/users\/4"}],"replies":[{"embeddable":true,"href":"https:\/\/www.automakersnews.cz\/index.php\/wp-json\/wp\/v2\/comments?post=39291"}],"version-history":[{"count":0,"href":"https:\/\/www.automakersnews.cz\/index.php\/wp-json\/wp\/v2\/posts\/39291\/revisions"}],"wp:featuredmedia":[{"embeddable":true,"href":"https:\/\/www.automakersnews.cz\/index.php\/wp-json\/wp\/v2\/media\/39292"}],"wp:attachment":[{"href":"https:\/\/www.automakersnews.cz\/index.php\/wp-json\/wp\/v2\/media?parent=39291"}],"wp:term":[{"taxonomy":"category","embeddable":true,"href":"https:\/\/www.automakersnews.cz\/index.php\/wp-json\/wp\/v2\/categories?post=39291"},{"taxonomy":"post_tag","embeddable":true,"href":"https:\/\/www.automakersnews.cz\/index.php\/wp-json\/wp\/v2\/tags?post=39291"}],"curies":[{"name":"wp","href":"https:\/\/api.w.org\/{rel}","templated":true}]}}