{"id":39295,"date":"2023-04-17T06:53:45","date_gmt":"2023-04-17T06:53:45","guid":{"rendered":"https:\/\/www.automakersnews.cz\/?p=39295"},"modified":"2023-04-17T06:53:45","modified_gmt":"2023-04-17T06:53:45","slug":"ckp-konci-bezplatne-kryti-skod-za-ukrajince","status":"publish","type":"post","link":"https:\/\/www.automakersnews.cz\/index.php\/2023\/04\/17\/ckp-konci-bezplatne-kryti-skod-za-ukrajince\/","title":{"rendered":"\u010cKP: kon\u010d\u00ed bezplatn\u00e9 kryt\u00ed \u0161kod za Ukrajince"},"content":{"rendered":"<p><strong>Spr\u00e1vn\u00ed rada \u010cesk\u00e9 kancel\u00e1\u0159e pojistitel\u016f (\u010cKP) se rozhodla ukon\u010dit bezplatn\u00e9 kryt\u00ed \u0161kod vypl\u00fdvaj\u00edc\u00edch z provozu ukrajinsk\u00fdch vozidel ke dni 13. dubna 2023. <\/strong><!--more--><\/p>\n<p>Podle rozhodnut\u00ed Spr\u00e1vn\u00ed rady \u010cesk\u00e9 kancel\u00e1\u0159e pojistitel\u016f se budou nov\u011b nehody, kter\u00e9 zavinili nepoji\u0161t\u011bn\u00ed ukrajin\u0161t\u00ed motorist\u00e9 a vym\u00e1han\u00ed z nich vypl\u00fdvaj\u00edc\u00edch \u0161kod, posuzovat individu\u00e1ln\u011b. Plo\u0161n\u00e1 pomoc tady byla od 1. b\u0159ezna 2022 a platila po dobu \u0161esti m\u011bs\u00edc\u016f od p\u0159ekro\u010den\u00ed ukrajinsk\u00fdch hranic.<\/p>\n<p>St\u00e1le plat\u00ed to, \u017ee pojistit ukrajinsk\u00e9 vozidlo u \u010desk\u00fdch poji\u0161\u0165oven legislativn\u011b nelze. Ukrajin\u0161t\u00ed motorist\u00e9 v\u0161ak maj\u00ed mo\u017enost uzav\u0159\u00edt si poji\u0161t\u011bn\u00ed pro svoje vozidlo p\u0159\u00edmo na Ukrajin\u011b nebo on-line ze zahrani\u010d\u00ed u n\u011bkter\u00e9 z ukrajinsk\u00fdch poji\u0161\u0165oven, kter\u00e9 jim vystav\u00ed elektronickou zelenou kartu. Vypl\u00fdv\u00e1 tak\u00e9, \u017ee podstatn\u00e1 \u010d\u00e1st ukrajinsk\u00fdch motorist\u016f se po tuzemsk\u00fdch komunikac\u00edch pohybuje poji\u0161t\u011bna a po\u010det nepoji\u0161t\u011bn\u00fdch vozidel v\u00fdznamn\u011b kles\u00e1. \u201eLze odhadnout, \u017ee aktu\u00e1ln\u011b se v \u010cR provozuje 4 000 nepoji\u0161t\u011bn\u00fdch ukrajinsk\u00fdch vozidel a 34 000 poji\u0161t\u011bn\u00fdch vozidel na Ukrajin\u011b,\u201c podot\u00fdk\u00e1 Petr Jedli\u010dka, pojistn\u00fd matematik \u010cKP.<\/p>\n<p>Na z\u00e1klad\u011b t\u011bchto \u00fadaj\u016f se rozhodla Spr\u00e1vn\u00ed rada \u010cKP ke dni 13. dubna 2023 o ukon\u010den\u00ed plo\u0161n\u00e9ho bezplatn\u00e9ho kryt\u00ed \u0161kod, kter\u00e9 zp\u016fsobili nepoji\u0161t\u011bn\u00ed ukrajin\u0161t\u00ed motorist\u00e9. Podle Spr\u00e1vn\u00ed rady \u010cKP tak\u00e9 bude nov\u011b platit to, \u017ee p\u0159\u00edpady nepoji\u0161t\u011bn\u00fdch ukrajinsk\u00fdch motorist\u016f se budou posuzovat jednotliv\u011b. V p\u0159\u00edpadech hodn\u00fdch zvl\u00e1\u0161tn\u00edho z\u0159etele uprchl\u00edk\u016f ve zjevn\u00e9 nouzi m\u016f\u017ee b\u00fdt n\u00e1sledn\u011b od vym\u00e1h\u00e1n\u00ed ustoupeno. \u201eMus\u00edme si b\u00fdt v\u011bdomi, \u017ee Ukrajina se p\u0159es normalizaci v oblasti poji\u0161t\u011bn\u00ed vozidel nach\u00e1z\u00ed ve v\u00e1le\u010dn\u00e9m stavu a na na\u0161em \u00fazem\u00ed mohou st\u00e1le hledat bezpe\u010d\u00ed lid\u00e9, kte\u0159\u00ed doslova p\u0159i\u0161li o v\u0161echno,\u201c dopl\u0148uje rozhodnut\u00ed v\u00fdkonn\u00fd \u0159editel \u010cKP Jan Matou\u0161ek.<\/p>\n<p>V p\u0159\u00edpad\u011b nehody z\u016fst\u00e1v\u00e1 postup pro nahl\u00e1\u0161en\u00ed ve vztahu k po\u0161kozen\u00e9mu motoristovi stejn\u00fd. Po\u0161kozen\u00e9mu \u010cKP vyplat\u00ed \u0161kodu z Garan\u010dn\u00edho fondu, cel\u00fd p\u0159\u00edpad posoud\u00ed a a\u017e p\u0159i neshled\u00e1n\u00ed zjevn\u00e9 nouze bude tyto finan\u010dn\u00ed prost\u0159edky po nepoji\u0161t\u011bn\u00e9m ukrajinsk\u00e9m vin\u00edkovi vym\u00e1hat.<\/p>\n<p>\u201e\u010cKP od b\u0159ezna 2022 do konce stejn\u00e9ho m\u011bs\u00edce 2023 \u0159e\u0161ila 179 nepoji\u0161t\u011bn\u00fdch \u0161kod, kter\u00e9 se t\u00fdkaly ukrajinsk\u00fdch automobil\u016f. Z\u00e1vazek za tyto \u0161kody v\u016f\u010di po\u0161kozen\u00fdm je vy\u010d\u00edslen\u00fd na 18,9 mil. K\u010d. Jedn\u00e1 se o n\u00edzk\u00e9 jednotky procent, nebo\u0165 ve stejn\u00e9m obdob\u00ed bylo celkov\u011b zaznamen\u00e1no 2 827 nepoji\u0161t\u011bn\u00fdch \u0161kod \u010desk\u00fdch a zahrani\u010dn\u00edch vozidel, za kter\u00e9 z\u00e1vazek za stejn\u00e9 obdob\u00ed vych\u00e1z\u00ed na 498 mil. K\u010d,\u201c uv\u00e1d\u00ed dal\u0161\u00ed statistiky Petr Jedli\u010dka.<\/p>\n","protected":false},"excerpt":{"rendered":"<div class=\"mh-excerpt\"><p>Spr\u00e1vn\u00ed rada \u010cesk\u00e9 kancel\u00e1\u0159e pojistitel\u016f (\u010cKP) se rozhodla ukon\u010dit bezplatn\u00e9 kryt\u00ed \u0161kod vypl\u00fdvaj\u00edc\u00edch z provozu ukrajinsk\u00fdch vozidel ke dni 13. dubna 2023.<\/p>\n<\/div>","protected":false},"author":4,"featured_media":39296,"comment_status":"open","ping_status":"open","sticky":false,"template":"","format":"standard","meta":{"footnotes":""},"categories":[5],"tags":[],"class_list":["post-39295","post","type-post","status-publish","format-standard","has-post-thumbnail","hentry","category-pojisteni"],"_links":{"self":[{"href":"https:\/\/www.automakersnews.cz\/index.php\/wp-json\/wp\/v2\/posts\/39295","targetHints":{"allow":["GET"]}}],"collection":[{"href":"https:\/\/www.automakersnews.cz\/index.php\/wp-json\/wp\/v2\/posts"}],"about":[{"href":"https:\/\/www.automakersnews.cz\/index.php\/wp-json\/wp\/v2\/types\/post"}],"author":[{"embeddable":true,"href":"https:\/\/www.automakersnews.cz\/index.php\/wp-json\/wp\/v2\/users\/4"}],"replies":[{"embeddable":true,"href":"https:\/\/www.automakersnews.cz\/index.php\/wp-json\/wp\/v2\/comments?post=39295"}],"version-history":[{"count":0,"href":"https:\/\/www.automakersnews.cz\/index.php\/wp-json\/wp\/v2\/posts\/39295\/revisions"}],"wp:featuredmedia":[{"embeddable":true,"href":"https:\/\/www.automakersnews.cz\/index.php\/wp-json\/wp\/v2\/media\/39296"}],"wp:attachment":[{"href":"https:\/\/www.automakersnews.cz\/index.php\/wp-json\/wp\/v2\/media?parent=39295"}],"wp:term":[{"taxonomy":"category","embeddable":true,"href":"https:\/\/www.automakersnews.cz\/index.php\/wp-json\/wp\/v2\/categories?post=39295"},{"taxonomy":"post_tag","embeddable":true,"href":"https:\/\/www.automakersnews.cz\/index.php\/wp-json\/wp\/v2\/tags?post=39295"}],"curies":[{"name":"wp","href":"https:\/\/api.w.org\/{rel}","templated":true}]}}