{"id":39298,"date":"2023-04-17T07:00:28","date_gmt":"2023-04-17T07:00:28","guid":{"rendered":"https:\/\/www.automakersnews.cz\/?p=39298"},"modified":"2023-04-17T07:00:28","modified_gmt":"2023-04-17T07:00:28","slug":"autoopravar-junior-2023-zna-sve-viteze","status":"publish","type":"post","link":"https:\/\/www.automakersnews.cz\/index.php\/2023\/04\/17\/autoopravar-junior-2023-zna-sve-viteze\/","title":{"rendered":"Autooprav\u00e1\u0159 Junior 2023 zn\u00e1 sv\u00e9 v\u00edt\u011bze"},"content":{"rendered":"<p><strong>Porsche \u010cesk\u00e1 republika se i v leto\u0161n\u00edm roce pod\u00edlelo na organizaci a hladk\u00e9m pr\u016fb\u011bhu sout\u011b\u017ee Autooprav\u00e1\u0159 Junior, a to v\u010detn\u011b fin\u00e1lov\u00e9ho kola, v n\u011bm\u017e pom\u011b\u0159ovali sv\u00e9 znalosti a dovednosti nejlep\u0161\u00ed \u017e\u00e1ci v oborech automechanik, karos\u00e1\u0159, autolak\u00fdrn\u00edk a autotronik. <\/strong><!--more--><\/p>\n<p>Na slavnostn\u00edm vyhl\u00e1\u0161en\u00ed v\u00fdsledk\u016f p\u0159evzali trofeje pro v\u00edt\u011bze Jakub Zelen\u00fd ze S\u0160 PTA Jihlava v oboru Automechanik, Dalibor \u0160epina ze stejn\u00e9 \u0161koly v oboru Karos\u00e1\u0159, Kacper Jaszcur ze \u0160KODA AUTO a.s., SOU Stroj\u00edrensk\u00e9, Mlad\u00e1 Boleslav v oboru Autolak\u00fdrn\u00edk a Vladim\u00edr Hoch z VO\u0160\/SP\u0160 strojn\u00ed a technick\u00e1 \u010cesk\u00e9 Bud\u011bjovice v oboru Autotronik.<\/p>\n<p>Celost\u00e1tn\u00ed fin\u00e1le 28. ro\u010dn\u00edku sout\u011b\u017ee odborn\u00fdch znalost\u00ed a dovednost\u00ed Autooprav\u00e1\u0159 Junior 2023 se uskute\u010dnilo ve dnech 11.\u201313. dubna 2023 v prostor\u00e1ch Servisn\u00edho tr\u00e9ninkov\u00e9ho centra \u0160KODA AUTO (kategorie Automechanik a Karos\u00e1\u0159), Tr\u00e9ninkov\u00e9 akademie Porsche \u010cesk\u00e1 republika (kategorie Autotronik) a Servisn\u00edho centra \u0160KODA AUTO (Autolak\u00fdrn\u00edk).<\/p>\n<p>Spole\u010dnost Porsche \u010cesk\u00e1 republika podpo\u0159ila jako hlavn\u00ed partner \u0161koln\u00ed, krajsk\u00e9 i fin\u00e1lov\u00e9 kolo tradi\u010dn\u00ed akce. Z\u00e1stupci nejv\u011bt\u0161\u00edho dovozce automobil\u016f do \u010cR se pod\u00edleli na hladk\u00e9m pr\u016fb\u011bhu cel\u00e9 sout\u011b\u017ee. Na slavnostn\u00edm zah\u00e1jen\u00ed sout\u011b\u017ee ve \u0160KODA Muzeu v Mlad\u00e9 Boleslavi povzbudili \u00fa\u010dastn\u00edky jednatel spole\u010dnosti Porsche \u010cesk\u00e1 republika Christoph Gr\u00fcn a vedouc\u00ed After Sales Jan \u0160pinar .<\/p>\n<p>O dva dny pozd\u011bji p\u0159ed\u00e1val na slavnostn\u00edm vyhl\u00e1\u0161en\u00ed v\u00fdsledk\u016f v Servisn\u00edm tr\u00e9ninkov\u00e9m centru \u0160KODA AUTO v Kosmonos\u00edch hlavn\u00ed cenu v\u00edt\u011bz\u016fm jednatel spole\u010dnosti Porsche \u010cesk\u00e1 republika Jan Hurt, kter\u00fd \u0159\u00edk\u00e1: \u201eZa spole\u010dnost Porsche \u010cesk\u00e1 republika srde\u010dn\u011b blahop\u0159eji v\u0161em v\u00edt\u011bz\u016fm leto\u0161n\u00edho ro\u010dn\u00edku sout\u011b\u017ee Autooprav\u00e1\u0159 Junior! Ale respekt pat\u0159\u00ed i v\u0161em \u00fa\u010dastn\u00edk\u016fm, kte\u0159\u00ed se ve fin\u00e1le neum\u00edstili, a tak\u00e9 v\u0161em student\u016fm, kte\u0159\u00ed se p\u0159ihl\u00e1sili do leto\u0161n\u00ed sout\u011b\u017ee, proto\u017ee pod\u00e1vali velmi dobr\u00e9 v\u00fdkony. Jako partnera sout\u011b\u017ee Autooprav\u00e1\u0159 Junior n\u00e1s velmi t\u011b\u0161\u00ed, \u017ee jsme mohli region\u00e1ln\u00ed i fin\u00e1lov\u00e9 kolo presti\u017en\u00ed sout\u011b\u017ee poprv\u00e9 hostit v na\u0161\u00ed nov\u00e9 Tr\u00e9ninkov\u00e9 akademii, kterou jsme loni na konci l\u00e9ta otev\u0159eli v obci Zlatn\u00edky-Hodkovice. S intenzivn\u00ed podporou v\u00fduky automobilov\u00fdch obor\u016f v \u010cesk\u00e9 republice samoz\u0159ejm\u011b po\u010d\u00edt\u00e1me i do budoucna!\u201c<\/p>\n<p><img loading=\"lazy\" decoding=\"async\" class=\"alignnone wp-image-39299\" src=\"http:\/\/www.automakersnews.cz\/wp-content\/uploads\/2023\/04\/Autoopravar-Junior-2023-small-1-300x200.jpg\" alt=\"\" width=\"893\" height=\"595\" srcset=\"https:\/\/www.automakersnews.cz\/wp-content\/uploads\/2023\/04\/Autoopravar-Junior-2023-small-1-300x200.jpg 300w, https:\/\/www.automakersnews.cz\/wp-content\/uploads\/2023\/04\/Autoopravar-Junior-2023-small-1-768x512.jpg 768w, https:\/\/www.automakersnews.cz\/wp-content\/uploads\/2023\/04\/Autoopravar-Junior-2023-small-1.jpg 978w\" sizes=\"auto, (max-width: 893px) 100vw, 893px\" \/><\/p>\n<p>Autooprav\u00e1\u0159 Junior je nejv\u011bt\u0161\u00ed sout\u011b\u017e\u00ed v technick\u00fdch oborech v \u010cesk\u00e9 republice, jej\u00ed\u017e tradice sah\u00e1 a\u017e do roku 1995. Jej\u00edm vyhla\u0161ovatelem je Svaz prodejc\u016f a oprav\u00e1\u0159\u016f motorov\u00fdch vozidel \u010cR pod z\u00e1\u0161titou Ministerstva \u0161kolstv\u00ed, ml\u00e1de\u017ee a t\u011blov\u00fdchovy \u010cR (M\u0160MT). Hlavn\u00edm c\u00edlem t\u0159\u00edkolov\u00e9 sout\u011b\u017ee je systematicky motivovat \u017e\u00e1ky st\u0159edn\u00edch \u0161kol s v\u00fdukou automobilov\u00fdch obor\u016f, kter\u00fdch je v sou\u010dasnosti 120, propagovat technick\u00e9 obory a rozv\u00edjet spolupr\u00e1ci mezi budouc\u00edmi zam\u011bstnavateli \u017e\u00e1k\u016f a st\u0159edn\u00edmi \u0161kolami. Dal\u0161\u00edm c\u00edlem je porovn\u00e1v\u00e1n\u00ed znalost\u00ed a dovednost\u00ed sout\u011b\u017e\u00edc\u00edch a navazov\u00e1n\u00ed spolupr\u00e1ce mezi vyu\u010duj\u00edc\u00edmi a \u017e\u00e1ky jednotliv\u00fdch \u0161kol.<\/p>\n<p>Leto\u0161n\u00ed ro\u010dn\u00edk sout\u011b\u017ee Autooprav\u00e1\u0159 Junior byl v\u00fdjime\u010dn\u00fd hned v n\u011bkolika ohledech. Specialitou bylo spole\u010dn\u00e9 po\u0159\u00e1d\u00e1n\u00ed 28. ro\u010dn\u00edku \u010desk\u00e9ho fin\u00e1le Autooprav\u00e1\u0159 Junior a 21. ro\u010dn\u00edku slovensk\u00e9ho fin\u00e1le Autooprav\u00e1r Junior. Budouc\u00ed odborn\u00edci tak m\u011bli jedine\u010dnou p\u0159\u00edle\u017eitost nav\u00e1zat kontakty jak s kolegy z r\u016fzn\u00fdch kraj\u016f \u010ceska, tak ze zahrani\u010d\u00ed. Krom\u011b toho byly t\u0159i tradi\u010dn\u00ed sout\u011b\u017en\u00ed kategorie \u2013 Automechanik, Karos\u00e1\u0159 a Autolak\u00fdrn\u00edk \u2013 za\u0159azeny do p\u0159ehl\u00eddky \u010cesk\u00e9 ru\u010di\u010dky. Cel\u00e1 sout\u011b\u017e je tak\u00e9 sou\u010d\u00e1st\u00ed CzechSkills. V\u00edt\u011bzov\u00e9 v\u0161ech \u010dty\u0159 kategori\u00ed si tak vybojovali postup do mezin\u00e1rodn\u00ed sout\u011b\u017ee EuroSkills.<\/p>\n<p>Obsah sout\u011b\u017e\u00ed Autooprav\u00e1\u0159 Junior vych\u00e1z\u00ed z r\u00e1mcov\u00fdch vzd\u011bl\u00e1vac\u00edch program\u016f a m\u00e1 t\u0159i \u010d\u00e1sti \u2013 teoretickou, pozn\u00e1vac\u00ed a praktickou. Na automechaniky \u010dekalo v leto\u0161n\u00edm fin\u00e1le v pozn\u00e1vac\u00ed \u010d\u00e1sti \u0161est \u00fakol\u016f, v praktick\u00e9 \u010d\u00e1sti pak 12 \u00fakol\u016f. Karos\u00e1\u0159i prokazovali sv\u00e9 praktick\u00e9 dovednosti p\u0159i pln\u011bn\u00ed 11 \u00fakol\u016f jak v pozn\u00e1vac\u00ed, tak v praktick\u00e9 \u010d\u00e1sti. Na autolak\u00fdrn\u00edky si organiz\u00e1to\u0159i p\u0159ipravili 10 \u00fakol\u016f v pozn\u00e1vac\u00ed \u010d\u00e1sti a jeden \u0161estihodinov\u00fd \u00fakol v praktick\u00e9 \u010d\u00e1sti. Autotronici museli po teoretick\u00e9m testu splnit po 10 \u00fakolech v pozn\u00e1vac\u00ed i praktick\u00e9 \u010d\u00e1sti.<\/p>\n<p>Fin\u00e1lov\u00e9 kolo kategorie Autotronik se konalo v modern\u00edch multifunk\u010dn\u00edch prostor\u00e1ch Tr\u00e9ninkov\u00e9 akademie, kterou spole\u010dnost Porsche \u010cesk\u00e1 republika vybudovala v obci Zlatn\u00edky-Hodkovice v okrese Praha-Z\u00e1pad. Dev\u011bt u\u010deben Tr\u00e9ninkov\u00e9 akademie slou\u017e\u00ed prim\u00e1rn\u011b ke \u0161kolen\u00ed odborn\u00edk\u016f jak v oblasti mechanick\u00fdch \u010dinnost\u00ed, tak \u010d\u00edm d\u00e1l v\u00edce popt\u00e1van\u00fdch z\u00e1sah\u016f v oblasti elektroniky, digitalizace a elektromobility. Budova je vhodn\u00e1 tak\u00e9 pro po\u0159\u00e1d\u00e1n\u00ed konferenc\u00ed, nebo, jako v tomto p\u0159\u00edpad\u011b, nejr\u016fzn\u011bj\u0161\u00edch sout\u011b\u017en\u00edch akc\u00ed.<\/p>\n<p>Spole\u010dnost Porsche \u010cesk\u00e1 republika se svou dlouhodobou podporou u\u010d\u0148ovsk\u00e9ho \u0161kolstv\u00ed v \u010cesk\u00e9 republice c\u00edlen\u011b zasazuje o to, aby studenti automobilov\u00fdch obor\u016f z\u00edsk\u00e1vali kvalitn\u00ed odborn\u00e9 vzd\u011bl\u00e1n\u00ed na z\u00e1klad\u011b propojen\u00ed teorie a praxe, kter\u00e9 zohled\u0148uje nejnov\u011bj\u0161\u00ed trendy a vyu\u017e\u00edv\u00e1 nejmodern\u011bj\u0161\u00ed technologie. Krom\u011b partnerstv\u00ed se sout\u011b\u017e\u00ed Autooprav\u00e1\u0159 Junior realizuje spole\u010dnost Porsche \u010cesk\u00e1 republika tak\u00e9 projekt \u201eBest Employer\u201c s motiva\u010dn\u00edm programem pro studenty QHERO.<\/p>\n<p><img loading=\"lazy\" decoding=\"async\" class=\"alignnone wp-image-39301\" src=\"http:\/\/www.automakersnews.cz\/wp-content\/uploads\/2023\/04\/Autoopravar-Junior-2023-small-3-300x200.jpg\" alt=\"\" width=\"933\" height=\"622\" srcset=\"https:\/\/www.automakersnews.cz\/wp-content\/uploads\/2023\/04\/Autoopravar-Junior-2023-small-3-300x200.jpg 300w, https:\/\/www.automakersnews.cz\/wp-content\/uploads\/2023\/04\/Autoopravar-Junior-2023-small-3-768x512.jpg 768w, https:\/\/www.automakersnews.cz\/wp-content\/uploads\/2023\/04\/Autoopravar-Junior-2023-small-3.jpg 978w\" sizes=\"auto, (max-width: 933px) 100vw, 933px\" \/><\/p>\n","protected":false},"excerpt":{"rendered":"<div class=\"mh-excerpt\"><p>Porsche \u010cesk\u00e1 republika se i v leto\u0161n\u00edm roce pod\u00edlelo na organizaci a hladk\u00e9m pr\u016fb\u011bhu sout\u011b\u017ee Autooprav\u00e1\u0159 Junior, a to v\u010detn\u011b fin\u00e1lov\u00e9ho kola, v n\u011bm\u017e pom\u011b\u0159ovali <a class=\"mh-excerpt-more\" href=\"https:\/\/www.automakersnews.cz\/index.php\/2023\/04\/17\/autoopravar-junior-2023-zna-sve-viteze\/\" title=\"Autooprav\u00e1\u0159 Junior 2023 zn\u00e1 sv\u00e9 v\u00edt\u011bze\">[&#8230;]<\/a><\/p>\n<\/div>","protected":false},"author":4,"featured_media":39300,"comment_status":"open","ping_status":"open","sticky":false,"template":"","format":"standard","meta":{"footnotes":""},"categories":[50],"tags":[],"class_list":["post-39298","post","type-post","status-publish","format-standard","has-post-thumbnail","hentry","category-vysledky"],"_links":{"self":[{"href":"https:\/\/www.automakersnews.cz\/index.php\/wp-json\/wp\/v2\/posts\/39298","targetHints":{"allow":["GET"]}}],"collection":[{"href":"https:\/\/www.automakersnews.cz\/index.php\/wp-json\/wp\/v2\/posts"}],"about":[{"href":"https:\/\/www.automakersnews.cz\/index.php\/wp-json\/wp\/v2\/types\/post"}],"author":[{"embeddable":true,"href":"https:\/\/www.automakersnews.cz\/index.php\/wp-json\/wp\/v2\/users\/4"}],"replies":[{"embeddable":true,"href":"https:\/\/www.automakersnews.cz\/index.php\/wp-json\/wp\/v2\/comments?post=39298"}],"version-history":[{"count":0,"href":"https:\/\/www.automakersnews.cz\/index.php\/wp-json\/wp\/v2\/posts\/39298\/revisions"}],"wp:featuredmedia":[{"embeddable":true,"href":"https:\/\/www.automakersnews.cz\/index.php\/wp-json\/wp\/v2\/media\/39300"}],"wp:attachment":[{"href":"https:\/\/www.automakersnews.cz\/index.php\/wp-json\/wp\/v2\/media?parent=39298"}],"wp:term":[{"taxonomy":"category","embeddable":true,"href":"https:\/\/www.automakersnews.cz\/index.php\/wp-json\/wp\/v2\/categories?post=39298"},{"taxonomy":"post_tag","embeddable":true,"href":"https:\/\/www.automakersnews.cz\/index.php\/wp-json\/wp\/v2\/tags?post=39298"}],"curies":[{"name":"wp","href":"https:\/\/api.w.org\/{rel}","templated":true}]}}