{"id":39460,"date":"2023-04-17T07:08:08","date_gmt":"2023-04-17T07:08:08","guid":{"rendered":"https:\/\/www.automakersnews.cz\/?p=39460"},"modified":"2023-04-17T07:08:08","modified_gmt":"2023-04-17T07:08:08","slug":"volkswagen-id-7-ma-svetovou-premieru","status":"publish","type":"post","link":"https:\/\/www.automakersnews.cz\/index.php\/2023\/04\/17\/volkswagen-id-7-ma-svetovou-premieru\/","title":{"rendered":"Volkswagen ID.7 m\u00e1 sv\u011btovou premi\u00e9ru"},"content":{"rendered":"<p><b>Volkswagen ID.7, elektromobil vy\u0161\u0161\u00ed st\u0159edn\u00ed t\u0159\u00eddy, m\u00e1 17. dubna sv\u011btovou premi\u00e9ru, a to sou\u010dasn\u011b v Evrop\u011b, \u010c\u00edn\u011b a USA. Odhalen\u00ed vozu\u00a0se uskute\u010dn\u00ed soub\u011b\u017en\u011b v \u010c\u00edn\u011b, USA a \u010dty\u0159ech evropsk\u00fdch metropol\u00edch. <\/b><!--more--><\/p>\n<p><b>Zah\u00e1jen\u00ed s\u00e9riov\u00e9 v\u00fdroby pro glob\u00e1ln\u00ed trhy.<\/b><\/p>\n<p>Vozy ID.7 bude pro evropsk\u00e9 a severoamerick\u00e9 trhy vyr\u00e1b\u011bt n\u011bmeck\u00fd z\u00e1vod Emden. Volkswagen investoval do p\u0159echodu na elektromobilitu ve sv\u00e9 tov\u00e1rn\u011b v\u00a0severn\u00edm N\u011bmecku v\u00edce ne\u017e miliardu eur. V\u00fdroba verz\u00ed modelu ID.7 pro \u010c\u00ednu bude zaji\u0161t\u011bna lok\u00e1ln\u011b.<\/p>\n<p><b>ID.7 bude dal\u0161\u00edm glob\u00e1ln\u00edm elektrick\u00fdm modelem.<\/b>\u00a0V\u00a0\u010c\u00edn\u011b zavr\u0161\u00ed ID.7 spektrum nab\u00edzen\u00fdch elektromobil\u016f modelov\u00fdch \u0159ad ID.3, ID.4 a ID.6<sup>3<\/sup>. Tak\u00e9 na severoamerick\u00e9m trhu budou nab\u00edzeny t\u0159i nov\u00e9 modely ID. V\u00a0roce 2023 bude zah\u00e1jen prodej modelu ID. Buzz<sup>4<\/sup>\u00a0v\u00a0USA a Kanad\u011b, v\u00a0roce 2024 bude n\u00e1sledovat ID.7. Modely ID.7 a ID. Buzz urychl\u00ed spole\u010dn\u011b s\u00a0modelem ID.4 vyr\u00e1b\u011bn\u00fdm v\u00a0z\u00e1vod\u011b Chattanooga elektrickou ofenzivu v\u00a0Americe. Volkswagen bude do roku 2027 v\u00a0Severn\u00ed Americe investovat v\u00edce ne\u017e sedm miliard eur do elektrick\u00e9 a digit\u00e1ln\u00ed transformace sv\u00e9 zna\u010dky.<\/p>\n<p>V\u0161echny uveden\u00e9 elektromobily pat\u0159\u00ed mezi celkem deset nov\u00fdch model\u016f ID., kter\u00e9 Volkswagen slibuje\u00a0 uv\u00e9st na trh do roku 2026 \u2013 v Evrop\u011b, ale tak\u00e9 v ostatn\u00edch sv\u011btov\u00fdch regionech, nap\u0159\u00edklad v USA nebo \u010c\u00edn\u011b.<\/p>\n<p>\u201eSoub\u011b\u017en\u011b s\u00a0elektrickou ofenzivou v\u00a0Evrop\u011b se zam\u011b\u0159ujeme rovn\u011b\u017e na Asii a Severn\u00ed Ameriku. V\u00a0\u010c\u00edn\u011b, Kanad\u011b a USA je ID.7 pro zna\u010dku Volkswagen extr\u00e9mn\u011b d\u016fle\u017eit\u00fdm modelem. P\u0159esv\u011bd\u010d\u00ed velkou nab\u00eddkou m\u00edsta, inovativn\u00edmi asisten\u010dn\u00edmi syst\u00e9my a modern\u00edmi prvky v\u00fdbavy, nap\u0159\u00edklad highendov\u00fdm informa\u010dn\u00edm a z\u00e1bavn\u00edm syst\u00e9mem \u2013 s\u00a0prvn\u00edm zcela elektrick\u00fdm vrcholn\u00fdm modelem zna\u010dky Volkswagen z\u00edskaj\u00ed na\u0161i z\u00e1kazn\u00edci opravdu pr\u00e9miov\u00fd automobil,\u201c vysv\u011btluje Imelda Labb\u00e9ov\u00e1, \u010dlenka p\u0159edstavenstva odpov\u011bdn\u00e1 za prodej, marketing a poprodejn\u00ed slu\u017eby zna\u010dky Volkswagen.<\/p>\n<p><i><sup>1<\/sup><\/i><i>\u00a0ID.7 \u2013 maskovan\u00e1 studie ve stavu bl\u00edzk\u00e9m s\u00e9riov\u011b vyr\u00e1b\u011bn\u00e9mu modelu. Vozidlo se zat\u00edm neprod\u00e1v\u00e1<\/i><\/p>\n<p><i><sup>2\u00a0<\/sup><\/i><i>ID. 2all: studie<\/i><\/p>\n<p><i><sup>3\u00a0<\/sup><\/i><i>ID.6 \u2013 vozidlo se v\u00a0N\u011bmecku neprod\u00e1v\u00e1<\/i><\/p>\n<p><i><sup>4\u00a0<\/sup>ID. Buzz \u2013 ID. Buzz Pro: kombinovan\u00e1 spot\u0159eba elektrick\u00e9 energie v kWh\/100 km: 21,7\u201320,6; kombinovan\u00e9 emise CO<sub>2<\/sub>\u00a0v g\/km: 0. \u00dadaje o spot\u0159eb\u011b elektrick\u00e9 energie a emis\u00edch jsou pro tento model k\u00a0dispozici ji\u017e jen podle metodiky WLTP, a nikoli podle metodiky EU. Uveden\u00e9 \u00fadaje o spot\u0159eb\u011b elektrick\u00e9 energie a emis\u00edch CO<sub>2<\/sub>\u00a0jsou z\u00e1visl\u00e9 na zvolen\u00e9 v\u00fdbav\u011b vozidla.<\/i><\/p>\n","protected":false},"excerpt":{"rendered":"<div class=\"mh-excerpt\"><p>Volkswagen ID.7, elektromobil vy\u0161\u0161\u00ed st\u0159edn\u00ed t\u0159\u00eddy, m\u00e1 17. dubna sv\u011btovou premi\u00e9ru, a to sou\u010dasn\u011b v Evrop\u011b, \u010c\u00edn\u011b a USA. Odhalen\u00ed vozu\u00a0se uskute\u010dn\u00ed soub\u011b\u017en\u011b v \u010c\u00edn\u011b, <a class=\"mh-excerpt-more\" href=\"https:\/\/www.automakersnews.cz\/index.php\/2023\/04\/17\/volkswagen-id-7-ma-svetovou-premieru\/\" title=\"Volkswagen ID.7 m\u00e1 sv\u011btovou premi\u00e9ru\">[&#8230;]<\/a><\/p>\n<\/div>","protected":false},"author":1,"featured_media":39461,"comment_status":"open","ping_status":"open","sticky":false,"template":"","format":"standard","meta":{"footnotes":""},"categories":[22,31],"tags":[],"class_list":["post-39460","post","type-post","status-publish","format-standard","has-post-thumbnail","hentry","category-elektromobily","category-premiery"],"_links":{"self":[{"href":"https:\/\/www.automakersnews.cz\/index.php\/wp-json\/wp\/v2\/posts\/39460","targetHints":{"allow":["GET"]}}],"collection":[{"href":"https:\/\/www.automakersnews.cz\/index.php\/wp-json\/wp\/v2\/posts"}],"about":[{"href":"https:\/\/www.automakersnews.cz\/index.php\/wp-json\/wp\/v2\/types\/post"}],"author":[{"embeddable":true,"href":"https:\/\/www.automakersnews.cz\/index.php\/wp-json\/wp\/v2\/users\/1"}],"replies":[{"embeddable":true,"href":"https:\/\/www.automakersnews.cz\/index.php\/wp-json\/wp\/v2\/comments?post=39460"}],"version-history":[{"count":0,"href":"https:\/\/www.automakersnews.cz\/index.php\/wp-json\/wp\/v2\/posts\/39460\/revisions"}],"wp:featuredmedia":[{"embeddable":true,"href":"https:\/\/www.automakersnews.cz\/index.php\/wp-json\/wp\/v2\/media\/39461"}],"wp:attachment":[{"href":"https:\/\/www.automakersnews.cz\/index.php\/wp-json\/wp\/v2\/media?parent=39460"}],"wp:term":[{"taxonomy":"category","embeddable":true,"href":"https:\/\/www.automakersnews.cz\/index.php\/wp-json\/wp\/v2\/categories?post=39460"},{"taxonomy":"post_tag","embeddable":true,"href":"https:\/\/www.automakersnews.cz\/index.php\/wp-json\/wp\/v2\/tags?post=39460"}],"curies":[{"name":"wp","href":"https:\/\/api.w.org\/{rel}","templated":true}]}}