{"id":39493,"date":"2023-04-17T07:40:04","date_gmt":"2023-04-17T07:40:04","guid":{"rendered":"https:\/\/www.automakersnews.cz\/?p=39493"},"modified":"2023-04-19T06:41:42","modified_gmt":"2023-04-19T06:41:42","slug":"v-ankete-pr-roku-sda-hlasovalo-28-novinaru","status":"publish","type":"post","link":"https:\/\/www.automakersnews.cz\/index.php\/2023\/04\/17\/v-ankete-pr-roku-sda-hlasovalo-28-novinaru\/","title":{"rendered":"Anketa PR roku s\u010d\u00edt\u00e1 hlasy novin\u00e1\u0159\u016f"},"content":{"rendered":"<p><strong>\u010casopis Automakers letos op\u011bt organizuje, ve spolupr\u00e1ci s novin\u00e1\u0159sk\u00fdmi kluby, anketu o nejlep\u0161\u00ed medi\u00e1ln\u00ed servis v r\u00e1mci Svazu dovozc\u016f automobil\u016f v roce 2022. Posledn\u00ed hlasy byly odevzd\u00e1ny 13. dubna a za\u010d\u00edn\u00e1 jejich s\u010d\u00edt\u00e1n\u00ed. Kdo je letos v porot\u011b?<br \/>\n<\/strong><span id=\"more-147229\"><\/span><span id=\"more-7322\"><\/span><!--more--><\/p>\n<p>Klub motoristick\u00fdch novin\u00e1\u0159\u016f a Klub motoristick\u00fdch publicist\u016f vyhla\u0161uj\u00ed anketu v novodob\u00e9 historii u\u017e posedm\u00e9.<\/p>\n<p>Jejich \u010dlenov\u00e9 mohli d\u00e1vat sv\u00e9 hlasy v\u0161em ofici\u00e1ln\u00edm mluv\u010d\u00edm spole\u010dnost\u00ed sdru\u017een\u00fdch v SDA, kte\u0159\u00ed poskytovali PR servis v pr\u016fb\u011bhu roku 2022.<\/p>\n<p>\u201eHlasovac\u00ed l\u00edstky byly distribuov\u00e1ny b\u011bhem leto\u0161n\u00ed zimy, nakonec se hlasov\u00e1n\u00ed prot\u00e1hlo a\u017e do poloviny dubna. Vyhl\u00e1\u0161en\u00ed mana\u017eer\u016f, kte\u0159\u00ed loni poskytovali nejdostupn\u011bj\u0161\u00ed informa\u010dn\u00ed servis pro jejich redakce, chyst\u00e1me na kv\u011bten,\u201c up\u0159es\u0148uje p\u0159edseda KMN Michal Busta.<\/p>\n<p><strong>Letos celkem 28 porotc\u016f<\/strong><\/p>\n<p>Do sout\u011b\u017ee bude op\u011bt nominov\u00e1n ka\u017ed\u00fd mana\u017eer, kter\u00fd obdr\u017e\u00ed alespo\u0148 jeden novin\u00e1\u0159sk\u00fd hlas. Loni takto volilo sv\u00e9 obl\u00edben\u00e9 mluv\u010d\u00ed p\u0159es 20 motonovin\u00e1\u0159\u016f. Letos se sout\u011b\u017ee \u00fa\u010dastn\u00ed celkem 28 porotc\u016f. (seznam \u010dlen\u016f poroty n\u00ed\u017ee)<\/p>\n<p><strong>Jak hlasov\u00e1n\u00ed prob\u00edhalo<\/strong><\/p>\n<p>&#8222;Novin\u00e1\u0159i mohli hlasovat koresponden\u010dn\u011b na emailovou adresu veden\u00ed obou klub\u016f, celkem deset hlasovac\u00edch l\u00edstk\u016f jsem od novin\u00e1\u0159\u016f vybral na r\u016fzn\u00fdch tiskovk\u00e1ch,&#8220; up\u0159esnil \u0161\u00e9fredaktor Automakers Erich Handl.<\/p>\n<p>Posledn\u00ed hlasovac\u00ed l\u00edstky byly vypln\u011bny na tiskovce M Motors 13. dubna v Dob\u0159ichovic\u00edch.<\/p>\n<p><strong>Za\u010d\u00edn\u00e1 s\u010d\u00edt\u00e1n\u00ed hlas\u016f<\/strong><\/p>\n<p>V\u00fdsledky ankety dosud nikdo nezn\u00e1, ani organiza\u010dn\u00ed pracovn\u00edci. Sb\u011br l\u00edstk\u016f toti\u017e prob\u00edh\u00e1 odd\u011blen\u011b v oblou klubech a teprve p\u0159ed s\u010d\u00edt\u00e1n\u00edm se oba soubory slu\u010duj\u00ed, co\u017e pom\u00e1h\u00e1 zajistit regul\u00e9rnost sout\u011b\u017ee. Z\u00e1stupci klub\u016f si nejprve sd\u011bl\u00ed po\u010dty vybran\u00fdch hlas\u016f, jejich sou\u010det mus\u00ed sed\u011bt i na konci s\u010d\u00edt\u00e1n\u00ed.<\/p>\n<p>V \u00fater\u00fd 18. dubna za\u010dne postupn\u00e9 s\u010d\u00edt\u00e1n\u00ed hlas\u016f, v\u00edt\u011bz bude ohl\u00e1\u0161en v Import\u00e9rsk\u00e9m speci\u00e1lu Automakers, kter\u00fd vych\u00e1z\u00ed 30. dubna. Slavnostn\u00ed p\u0159ed\u00e1n\u00ed cen v\u00edt\u011bz\u016fm se chyst\u00e1 na kv\u011bten.<\/p>\n<p><strong>Seznam \u010dlen\u016f poroty:<\/strong><\/p>\n<p>Bart\u00e1k Petr<\/p>\n<p>Ber\u00e1nek Karel<\/p>\n<p>Brej\u017eek Bohumil<\/p>\n<p>Busta Michal<\/p>\n<p>Dittrich Luk\u00e1\u0161<\/p>\n<p>Fiala Franti\u0161ek<\/p>\n<p>Handl, Erich<\/p>\n<p>Hanke Petr<\/p>\n<p>Hor\u00e1k Petr<\/p>\n<p>Jirou\u0161 Milan<\/p>\n<p>Koll\u00e1r Jakub<\/p>\n<p>Kortus Lud\u011bk<\/p>\n<p>Kot\u00e1s Hugo<\/p>\n<p>Krenar Ji\u0159\u00ed<\/p>\n<p>Kvartek Jan<\/p>\n<p>Kv\u00e1\u0161ov\u00e1 Sabina<\/p>\n<p>Majurn\u00edk, Jan<\/p>\n<p>Novotn\u00fd Jan<\/p>\n<p>Pec\u00e1k Radek<\/p>\n<p>Pechr Zby\u0161ek<\/p>\n<p>Rybeck\u00fd Vladimir,<\/p>\n<p>Rychtera, Mario<\/p>\n<p>\u0160idl\u00e1k, Martin<\/p>\n<p>Svoboda Ji\u0159\u00ed<\/p>\n<p>Tom\u00ed\u0161ek Marek<\/p>\n<p>Vavera Jaroslav<\/p>\n<p>Vondr\u00e1\u010dek Pavel<\/p>\n<p>nepodepsan\u00fd l\u00edstek 1<\/p>\n<figure id=\"attachment_13853\" aria-describedby=\"caption-attachment-13853\" style=\"width: 1024px\" class=\"wp-caption alignnone\"><img loading=\"lazy\" decoding=\"async\" class=\"size-large wp-image-13853\" src=\"http:\/\/www.automakersnews.cz\/wp-content\/uploads\/2023\/01\/Auto-roku-2023-Certousy-porota-1024x768.jpg\" alt=\"\" width=\"1024\" height=\"768\" \/><figcaption id=\"caption-attachment-13853\" class=\"wp-caption-text\">U\u017e tento t\u00fdden bude jasn\u00e9, kolik PR mana\u017eer\u016f z rodiny SDA novin\u00e1\u0159i nominovali do sout\u011b\u017ee<\/figcaption><\/figure>\n<p>&nbsp;<\/p>\n<p>&nbsp;<\/p>\n","protected":false},"excerpt":{"rendered":"<div class=\"mh-excerpt\"><p>\u010casopis Automakers letos op\u011bt organizuje, ve spolupr\u00e1ci s novin\u00e1\u0159sk\u00fdmi kluby, anketu o nejlep\u0161\u00ed medi\u00e1ln\u00ed servis v r\u00e1mci Svazu dovozc\u016f automobil\u016f v roce 2022. Posledn\u00ed hlasy <a class=\"mh-excerpt-more\" href=\"https:\/\/www.automakersnews.cz\/index.php\/2023\/04\/17\/v-ankete-pr-roku-sda-hlasovalo-28-novinaru\/\" title=\"Anketa PR roku s\u010d\u00edt\u00e1 hlasy novin\u00e1\u0159\u016f\">[&#8230;]<\/a><\/p>\n<\/div>","protected":false},"author":1,"featured_media":7351,"comment_status":"open","ping_status":"open","sticky":false,"template":"","format":"standard","meta":{"footnotes":""},"categories":[7,49],"tags":[],"class_list":["post-39493","post","type-post","status-publish","format-standard","has-post-thumbnail","hentry","category-ankety","category-novinari"],"_links":{"self":[{"href":"https:\/\/www.automakersnews.cz\/index.php\/wp-json\/wp\/v2\/posts\/39493","targetHints":{"allow":["GET"]}}],"collection":[{"href":"https:\/\/www.automakersnews.cz\/index.php\/wp-json\/wp\/v2\/posts"}],"about":[{"href":"https:\/\/www.automakersnews.cz\/index.php\/wp-json\/wp\/v2\/types\/post"}],"author":[{"embeddable":true,"href":"https:\/\/www.automakersnews.cz\/index.php\/wp-json\/wp\/v2\/users\/1"}],"replies":[{"embeddable":true,"href":"https:\/\/www.automakersnews.cz\/index.php\/wp-json\/wp\/v2\/comments?post=39493"}],"version-history":[{"count":0,"href":"https:\/\/www.automakersnews.cz\/index.php\/wp-json\/wp\/v2\/posts\/39493\/revisions"}],"wp:featuredmedia":[{"embeddable":true,"href":"https:\/\/www.automakersnews.cz\/index.php\/wp-json\/wp\/v2\/media\/7351"}],"wp:attachment":[{"href":"https:\/\/www.automakersnews.cz\/index.php\/wp-json\/wp\/v2\/media?parent=39493"}],"wp:term":[{"taxonomy":"category","embeddable":true,"href":"https:\/\/www.automakersnews.cz\/index.php\/wp-json\/wp\/v2\/categories?post=39493"},{"taxonomy":"post_tag","embeddable":true,"href":"https:\/\/www.automakersnews.cz\/index.php\/wp-json\/wp\/v2\/tags?post=39493"}],"curies":[{"name":"wp","href":"https:\/\/api.w.org\/{rel}","templated":true}]}}