{"id":39827,"date":"2023-04-19T07:28:29","date_gmt":"2023-04-19T07:28:29","guid":{"rendered":"https:\/\/www.automakersnews.cz\/?p=39827"},"modified":"2023-04-19T07:28:29","modified_gmt":"2023-04-19T07:28:29","slug":"renault-cr-resi-problem-s-nedostatkem-servisu","status":"publish","type":"post","link":"https:\/\/www.automakersnews.cz\/index.php\/2023\/04\/19\/renault-cr-resi-problem-s-nedostatkem-servisu\/","title":{"rendered":"Renault \u010cR \u0159e\u0161\u00ed probl\u00e9m s nedostatkem servis\u016f"},"content":{"rendered":"<p><strong><span style=\"color: #000000;\"><span style=\"font-family: Open Sans, Helvetica, Arial, sans-serif;\"><span style=\"font-size: medium;\">Skupina Renault (t\u00e9\u017e zna\u010dky Dacia a Alpine) loni v \u010cR registrovala 15 876 aut loni, co\u017e znamenalo meziro\u010dn\u00ed p\u0159\u00edr\u016fstek 2 procenta. Osobn\u00ed vozy z toho \u010dinily 13 035 kus\u016f (plus 6,4 procenta meziro\u010dn\u011b). U\u017eitkov\u00e9 se pod\u00edlely 2827\u00a0 kusy (plus 6,3 %). Prodejn\u00ed objemy ale p\u0159inesly probl\u00e9m s kapacitou servis\u016f.<\/span><\/span><\/span><\/strong><!--more--><\/p>\n<p><strong><span style=\"color: #000000;\">\u201e<\/span><\/strong><span style=\"color: #000000;\"><span style=\"font-family: Open Sans, Helvetica, Arial, sans-serif;\"><span style=\"font-size: medium;\">Prodali bychom v\u00edce aut, ale nemohli jsme dodat v\u00edce kv\u016fli omezen\u00edm ve v\u00fdrob\u011b, uvedl gener\u00e1ln\u00ed \u0159editel importu Zden\u011bk Grunt na v\u00fdro\u010dn\u00ed konferenci v pra\u017esk\u00e9 Truhl\u00e1rn\u011b s t\u00edm, \u017ee jeho zna\u010dky byly \u00fasp\u011b\u0161n\u00e9 zejm\u00e9na v prodej\u00edch priv\u00e1tn\u00edm z\u00e1kazn\u00edk\u016fm. <\/span><\/span><\/span><\/p>\n<p><span style=\"color: #000000;\"><span style=\"font-family: Open Sans, Helvetica, Arial, sans-serif;\"><span style=\"font-size: medium;\">P\u0159i konstantn\u00edm mno\u017estv\u00ed autoservis\u016f obou zna\u010dek se neust\u00e1le prodlu\u017euj\u00ed \u010dekac\u00ed lh\u016fty na prohl\u00eddky \u010di opravy. Markantn\u00ed je to v Praze, kde ned\u00e1vno ubyl velk\u00fd autoservis Autoavant v \u010e\u00e1blic\u00edch a v\u0161ichni motorist\u00e9 obou zna\u010dek z milionov\u00e9 Prahy jsou odk\u00e1z\u00e1ni jen na t\u0159i opravy \u2013 TUKas na \u010cernokosteleck\u00e9, Auto Louda na Zli\u010d\u00edn\u011b a opravnu Daci\u00ed Dispo v Mod\u0159anech. Na b\u011b\u017en\u00fd servis se tak \u010dek\u00e1 zpravidla d\u00e9le ne\u017e m\u011bs\u00edc, v dob\u011b p\u0159ezouv\u00e1n\u00ed pneumatik i d\u00e9le.<\/span><\/span><\/span><\/p>\n<p><span style=\"color: #000000;\"><span style=\"font-family: Open Sans, Helvetica, Arial, sans-serif;\"><span style=\"font-size: medium;\">Na \u0159e\u0161en\u00ed probl\u00e9mu jsme se na tiskovce zeptali Zde\u0148ka Grunta: \u201eO probl\u00e9mu v\u00edme, je to ur\u010dit\u00e1 da\u0148 za prodejn\u00ed \u00fasp\u011bchy. Chceme ho \u0159e\u0161it efektivn\u011bj\u0161\u00edm vyu\u017eit\u00edm servisn\u00edch m\u00edst, o navy\u0161ov\u00e1n\u00ed po\u010dtu partnersk\u00fdch m\u00edst ale zhat\u00edm neuva\u017eujeme,\u201c \u0159ekl n\u00e1m \u0161\u00e9f importu.<\/span><\/span><\/span><\/p>\n<p><img loading=\"lazy\" decoding=\"async\" class=\"alignnone size-large wp-image-22415\" src=\"http:\/\/www.automakersnews.cz\/wp-content\/uploads\/2023\/02\/Alpine-TK-Grunt-2023-1024x585.jpg\" alt=\"\" width=\"1024\" height=\"585\" \/><\/p>\n<p>&nbsp;<\/p>\n","protected":false},"excerpt":{"rendered":"<div class=\"mh-excerpt\"><p>Skupina Renault (t\u00e9\u017e zna\u010dky Dacia a Alpine) loni v \u010cR registrovala 15 876 aut loni, co\u017e znamenalo meziro\u010dn\u00ed p\u0159\u00edr\u016fstek 2 procenta. Osobn\u00ed vozy z toho <a class=\"mh-excerpt-more\" href=\"https:\/\/www.automakersnews.cz\/index.php\/2023\/04\/19\/renault-cr-resi-problem-s-nedostatkem-servisu\/\" title=\"Renault \u010cR \u0159e\u0161\u00ed probl\u00e9m s nedostatkem servis\u016f\">[&#8230;]<\/a><\/p>\n<\/div>","protected":false},"author":1,"featured_media":22408,"comment_status":"open","ping_status":"open","sticky":false,"template":"","format":"standard","meta":{"footnotes":""},"categories":[17],"tags":[],"class_list":["post-39827","post","type-post","status-publish","format-standard","has-post-thumbnail","hentry","category-servis"],"_links":{"self":[{"href":"https:\/\/www.automakersnews.cz\/index.php\/wp-json\/wp\/v2\/posts\/39827","targetHints":{"allow":["GET"]}}],"collection":[{"href":"https:\/\/www.automakersnews.cz\/index.php\/wp-json\/wp\/v2\/posts"}],"about":[{"href":"https:\/\/www.automakersnews.cz\/index.php\/wp-json\/wp\/v2\/types\/post"}],"author":[{"embeddable":true,"href":"https:\/\/www.automakersnews.cz\/index.php\/wp-json\/wp\/v2\/users\/1"}],"replies":[{"embeddable":true,"href":"https:\/\/www.automakersnews.cz\/index.php\/wp-json\/wp\/v2\/comments?post=39827"}],"version-history":[{"count":0,"href":"https:\/\/www.automakersnews.cz\/index.php\/wp-json\/wp\/v2\/posts\/39827\/revisions"}],"wp:featuredmedia":[{"embeddable":true,"href":"https:\/\/www.automakersnews.cz\/index.php\/wp-json\/wp\/v2\/media\/22408"}],"wp:attachment":[{"href":"https:\/\/www.automakersnews.cz\/index.php\/wp-json\/wp\/v2\/media?parent=39827"}],"wp:term":[{"taxonomy":"category","embeddable":true,"href":"https:\/\/www.automakersnews.cz\/index.php\/wp-json\/wp\/v2\/categories?post=39827"},{"taxonomy":"post_tag","embeddable":true,"href":"https:\/\/www.automakersnews.cz\/index.php\/wp-json\/wp\/v2\/tags?post=39827"}],"curies":[{"name":"wp","href":"https:\/\/api.w.org\/{rel}","templated":true}]}}