{"id":39944,"date":"2023-04-19T07:35:56","date_gmt":"2023-04-19T07:35:56","guid":{"rendered":"https:\/\/www.automakersnews.cz\/?p=39944"},"modified":"2023-04-19T14:59:22","modified_gmt":"2023-04-19T14:59:22","slug":"renault-ukazal-facelift-modelu-clio","status":"publish","type":"post","link":"https:\/\/www.automakersnews.cz\/index.php\/2023\/04\/19\/renault-ukazal-facelift-modelu-clio\/","title":{"rendered":"Renault uk\u00e1zal facelift modelu Clio (VIDEO)"},"content":{"rendered":"<p><strong>Francouzsk\u00fd Renault p\u0159edstavil 18. dubna facelift p\u00e1t\u00e9 generace hatchbacku Clio, kter\u00fd se s 16 miliony prodan\u00fdch kus\u016f \u0159ad\u00ed mezi nejprod\u00e1van\u011bj\u0161\u00ed francouzsk\u00e9 vozy v historii.<\/strong><!--more--><\/p>\n<p>Na historick\u00fd \u00fasp\u011bch chce zna\u010dka nav\u00e1zat v\u00fdrazn\u00fdm designem, ekologi\u010dt\u011bj\u0161\u00ed kabinou a tak\u00e9 modern\u00ed technickou i technologickou v\u00fdbavou. P\u0159\u00ed\u010f dostala v\u011bt\u0161\u00ed masku chladi\u010de, vypln\u011bnou \u0161achovnicov\u00fdm chromovan\u00fdm dekorem.<\/p>\n<p>Ve st\u0159edu masky pak vid\u00edme nov\u00e9 logo zna\u010dky na tmav\u00e9m pozad\u00ed, jeho\u017e r\u00e1me\u010dek p\u0159ech\u00e1z\u00ed v linky propojuj\u00edc\u00ed hlavn\u00ed sv\u011btlomety. Ty pro\u0161ly tak\u00e9 prom\u011bnou, kter\u00e1 je zbavila ikonick\u00e9ho C-segmentu prota\u017een\u00e9ho do n\u00e1razn\u00edku. M\u00edsto toho maj\u00ed sv\u011btlomety nov\u00fd hranat\u011bj\u0161\u00ed tvar, nov\u00fd sv\u011bteln\u00fd podpis a tak\u00e9 zcela nov\u00fd dekor ve tvaru \u0161ipky, um\u00edst\u011bn\u00fd v roz\u00edch p\u0159edn\u00edho n\u00e1razn\u00edku.<\/p>\n<p>Pod kapotou nov\u00e9ho Clia by m\u011bla b\u00fdt nej\u0161ir\u0161\u00ed nab\u00eddka pohonn\u00fdch jednotek v\u00a0segmentu. Automobilka je p\u0159itom nejpy\u0161n\u011bj\u0161\u00ed na full-hybrid E-Tech o v\u00fdkonu 145 kon\u00ed, kter\u00fd byl v\u00a0modelu poprv\u00e9 p\u0159edstaven v\u00a0roce 2020.<\/p>\n<p>P\u0159ipome\u0148me, \u017ee pohonn\u00e9 \u00fastroj\u00ed kombinuje 1,6litrov\u00fd atmosf\u00e9rick\u00fd \u010dty\u0159v\u00e1lec o v\u00fdkonu 69 kW s\u00a0elektromotorem o v\u00fdkonu 36 kW a start\u00e9r-gener\u00e1torem o v\u00fdkonu 18 kW. Syst\u00e9m pracuje s\u00a01,2kWh bateri\u00ed a multim\u00f3dovou p\u0159evodovkou.<\/p>\n<p><strong>VIDEO:<\/strong><\/p>\n<p><iframe loading=\"lazy\"  style=\"display: block; margin: 0px auto;\"  id=\"_ytid_16907\"  width=\"800\" height=\"450\"  data-origwidth=\"800\" data-origheight=\"450\" src=\"https:\/\/www.youtube.com\/embed\/qJkV_FH1I-M?enablejsapi=1&#038;autoplay=1&#038;cc_load_policy=0&#038;iv_load_policy=1&#038;loop=1&#038;playlist=qJkV_FH1I-M&#038;modestbranding=0&#038;fs=1&#038;playsinline=0&#038;controls=1&#038;color=red&#038;cc_lang_pref=&#038;rel=1&#038;autohide=2&#038;theme=dark&#038;\" class=\"__youtube_prefs__  epyt-is-override  no-lazyload\" title=\"YouTube player\"  allow=\"accelerometer; autoplay; clipboard-write; encrypted-media; gyroscope; picture-in-picture\" allowfullscreen data-no-lazy=\"1\" data-skipgform_ajax_framebjll=\"\"><\/iframe><\/p>\n","protected":false},"excerpt":{"rendered":"<div class=\"mh-excerpt\"><p>Francouzsk\u00fd Renault p\u0159edstavil 18. dubna facelift p\u00e1t\u00e9 generace hatchbacku Clio, kter\u00fd se s 16 miliony prodan\u00fdch kus\u016f \u0159ad\u00ed mezi nejprod\u00e1van\u011bj\u0161\u00ed francouzsk\u00e9 vozy v historii.<\/p>\n<\/div>","protected":false},"author":1,"featured_media":39946,"comment_status":"open","ping_status":"open","sticky":false,"template":"","format":"standard","meta":{"footnotes":""},"categories":[19,31],"tags":[],"class_list":["post-39944","post","type-post","status-publish","format-standard","has-post-thumbnail","hentry","category-design","category-premiery"],"_links":{"self":[{"href":"https:\/\/www.automakersnews.cz\/index.php\/wp-json\/wp\/v2\/posts\/39944","targetHints":{"allow":["GET"]}}],"collection":[{"href":"https:\/\/www.automakersnews.cz\/index.php\/wp-json\/wp\/v2\/posts"}],"about":[{"href":"https:\/\/www.automakersnews.cz\/index.php\/wp-json\/wp\/v2\/types\/post"}],"author":[{"embeddable":true,"href":"https:\/\/www.automakersnews.cz\/index.php\/wp-json\/wp\/v2\/users\/1"}],"replies":[{"embeddable":true,"href":"https:\/\/www.automakersnews.cz\/index.php\/wp-json\/wp\/v2\/comments?post=39944"}],"version-history":[{"count":0,"href":"https:\/\/www.automakersnews.cz\/index.php\/wp-json\/wp\/v2\/posts\/39944\/revisions"}],"wp:featuredmedia":[{"embeddable":true,"href":"https:\/\/www.automakersnews.cz\/index.php\/wp-json\/wp\/v2\/media\/39946"}],"wp:attachment":[{"href":"https:\/\/www.automakersnews.cz\/index.php\/wp-json\/wp\/v2\/media?parent=39944"}],"wp:term":[{"taxonomy":"category","embeddable":true,"href":"https:\/\/www.automakersnews.cz\/index.php\/wp-json\/wp\/v2\/categories?post=39944"},{"taxonomy":"post_tag","embeddable":true,"href":"https:\/\/www.automakersnews.cz\/index.php\/wp-json\/wp\/v2\/tags?post=39944"}],"curies":[{"name":"wp","href":"https:\/\/api.w.org\/{rel}","templated":true}]}}