{"id":40069,"date":"2023-04-19T15:11:38","date_gmt":"2023-04-19T15:11:38","guid":{"rendered":"https:\/\/www.automakersnews.cz\/?p=40069"},"modified":"2023-04-19T15:11:38","modified_gmt":"2023-04-19T15:11:38","slug":"projekt-ae-mobility-spolupracuje-s-albertem","status":"publish","type":"post","link":"https:\/\/www.automakersnews.cz\/index.php\/2023\/04\/19\/projekt-ae-mobility-spolupracuje-s-albertem\/","title":{"rendered":"Projekt AE-MOBILITY spolupracuje s Albertem"},"content":{"rendered":"<p align=\"JUSTIFY\"><strong>Zakladatel projektu AE-MOBILITY Radek Donner p\u0159edal 14. dubna do rukou Facility Services Managera Kamila Navr\u00e1tila z\u00a0Albert \u010cesk\u00e1 republika dokon\u010denou zak\u00e1zku na pilotn\u00ed instalaci wallbox\u016f a nab\u00edjec\u00ed infrastruktury pro pot\u0159eby dob\u00edjen\u00ed plug-in hybridn\u00edch a \u010dist\u011b elektrick\u00fdch slu\u017eebn\u00edch voz\u016f.<\/strong><!--more--><\/p>\n<p align=\"JUSTIFY\">V\u00a0r\u00e1mci projektu AE-MOBILITY byla dod\u00e1vkou kompletn\u00ed nab\u00edjec\u00ed infrastruktury pov\u011b\u0159ena jedna z\u00a0nejv\u00fdznamn\u011bj\u0161\u00edch firem ve sv\u00e9m oboru na trhu &#8211; spole\u010dnost <b>ChargeUp<\/b>, kterou p\u0159i p\u0159ed\u00e1n\u00ed zastupoval Sales Manager <b>Ond\u0159ej Mi\u0161kovsk\u00fd<\/b>, samotnou fin\u00e1ln\u00ed instalac\u00ed pak zajistil nem\u00e9n\u011b zku\u0161en\u00fd t\u00fdm profesion\u00e1l\u016f z <b>POWERLOGIC<\/b>.<\/p>\n<p align=\"JUSTIFY\">\u201eInstalace wallbox\u016f v\u00a0s\u00eddle na\u0161\u00ed spole\u010dnosti je teprve za\u010d\u00e1tkem spolupr\u00e1ce s\u00a0AE-MOBILITY, je to pilotn\u00ed f\u00e1ze na cest\u011b k\u00a0za\u010dlen\u011bn\u00ed lok\u00e1ln\u011b bezemisn\u00edch voz\u016f do na\u0161eho vozov\u00e9ho parku, kter\u00fd aktu\u00e1ln\u011b \u010d\u00edt\u00e1 t\u00e9m\u011b\u0159 400 voz\u016f. Dal\u0161\u00ed f\u00e1z\u00ed spolupr\u00e1ce bude dod\u00e1vka \u010dist\u011b elektrick\u00fdch voz\u016f a postupn\u00e9 \u0159e\u0161en\u00ed dob\u00edjec\u00ed infrastruktury na na\u0161ich prodejn\u00e1ch po cel\u00e9 \u010cesk\u00e9 republice. Zodpov\u011bdn\u00e9 a postupn\u00e9 za\u010dle\u0148ov\u00e1n\u00ed lok\u00e1ln\u011b bezemisn\u00edch voz\u016f do na\u0161eho vozov\u00e9 parku je na\u0161\u00ed cestou k p\u0159echodu na elektromobilitu. V oblasti sn\u00ed\u017een\u00ed CO2 m\u00e1me za c\u00edl b\u00fdt do roku 2040 v t\u00e9to oblasti NET ZERO a postupn\u00fd p\u0159echod na elektromobilitu ve fleetu osobn\u00edch voz\u016f je sou\u010d\u00e1st\u00ed odpov\u011bdn\u00e9ho p\u0159\u00edstupu a pln\u011bn\u00ed na\u0161eho z\u00e1vazku,\u201c \u0159ekl <b>Kamil Navr\u00e1til<\/b> z\u00a0<b>Albert \u010cesk\u00e1 republika<\/b>.<\/p>\n<p align=\"JUSTIFY\"><b>Radek Donner (AE-MOBILITY) <\/b>dopl\u0148uje:<\/p>\n<p align=\"JUSTIFY\">\u201eVelmi si v\u00e1\u017e\u00edm na\u0161\u00ed skv\u011bl\u00e9 a dlouhodob\u00e9 spolupr\u00e1ce s tak v\u00fdznamn\u00fdm partnerem, jak\u00fdm spole\u010dnost Albert \u010cesk\u00e1 republika bezesporu je. Na\u0161e <b>AUTO ELSO<\/b> registruje vedle v\u00edce ne\u017e stovky dodan\u00fdch standardn\u00edch spalovac\u00edch voz\u016f i prvn\u00ed plug-in hybridy a elektromobily. Nyn\u00ed jsme s\u00a0na\u0161imi partnery dokon\u010dili pilotn\u00ed f\u00e1zi instalace dob\u00edjec\u00ed infrastruktury v\u00a0s\u00eddle spole\u010dnosti Albert a velmi se t\u011b\u0161\u00edm na pokra\u010dov\u00e1n\u00ed dal\u0161\u00edch etap v\u00a0p\u0159echodu vozov\u00e9ho parku <b>Albert \u010cesk\u00e1 republika <\/b>na lok\u00e1ln\u011b bezemisn\u00ed vozy. \u010cek\u00e1 n\u00e1s je\u0161t\u011b dlouh\u00e1 cesta, nebo\u0165 se v\u00a0na\u0161em projektu <b>AE-MOBILITY <\/b>sna\u017e\u00edme pe\u010dliv\u011b identifikovat kdy a u kter\u00fdch voz\u016f je p\u0159echod na elektromobilitu p\u0159\u00ednosem a kdy je naopak v\u00a0tuto chv\u00edli, s\u00a0ohledem na pot\u0159eby klienta, v\u00fdhodn\u011bj\u0161\u00ed nad\u00e1le u\u017e\u00edvat standardn\u00ed vozy se spalovac\u00edm motorem. R\u00e1d bych pod\u011bkoval spole\u010dnosti <b>Albert \u010cesk\u00e1 republika <\/b>za d\u016fv\u011bru a na\u0161im partner\u016fm <b>ChargeUp <\/b>a <b>POWERLOGIC<\/b> za skv\u011ble odvedenou pr\u00e1ci\u201c<\/p>\n<p align=\"JUSTIFY\"><img loading=\"lazy\" decoding=\"async\" class=\"alignnone size-large wp-image-40099\" src=\"http:\/\/www.automakersnews.cz\/wp-content\/uploads\/2023\/04\/Elso-Donner-Albert-1-1024x576.jpg\" alt=\"\" width=\"1024\" height=\"576\" \/><\/p>\n<p align=\"JUSTIFY\"><span style=\"color: #000000;\"><span style=\"font-family: Calibri, serif;\"><b>Albert \u010cesk\u00e1 republika, s.r.o.<\/b> <\/span><\/span><\/p>\n<p align=\"JUSTIFY\"><span style=\"color: #000000;\"><span style=\"font-family: Calibri, serif;\">Spole\u010dnost byla zalo\u017eena v kv\u011btnu roku 1991. V sou\u010dasnosti spole\u010dnost Albert \u010cesk\u00e1 republika, s.r.o. provozuje pod zna\u010dkou Albert v\u00edce ne\u017e 330 prodejen. 18 500 zam\u011bstnanc\u016f poskytuje slu\u017eby p\u0159ibli\u017en\u011b 640 tis\u00edc\u016fm z\u00e1kazn\u00edk\u016f ka\u017ed\u00fd den, co\u017e je t\u00e9m\u011b\u0159 247 milion\u016f ro\u010dn\u011b. Spole\u010dnost Albert \u010cesk\u00e1 republika, s.r.o. z\u00edskala v roce 2019 p\u011bt ocen\u011bn\u00ed v Diamantov\u00e9 lize kvality, kdy nejvy\u0161\u0161\u00ed ocen\u011bn\u00ed a titul nejlep\u0161\u00ed obchod v \u010cesk\u00e9 republice z\u00edskala prodejna 198 na pra\u017esk\u00e9m Chodov\u011b.<\/span><\/span><\/p>\n<p align=\"JUSTIFY\"><b>Projekt AE-MOBILITY<\/b> byl zalo\u017een teprve v\u00a0roce 2022 jako sou\u010d\u00e1st tradi\u010dn\u00edho dealerstv\u00ed zna\u010dky \u0160koda <b>AUTO ELSO<\/b> v\u00a0pra\u017esk\u00fdch \u010cakovic\u00edch.<\/p>\n<p align=\"JUSTIFY\">Projekt <b>AE-MOBILITY<\/b> se specializuje na komplexn\u00ed \u0159e\u0161en\u00ed elektromobility od poradenstv\u00ed v\u00a0p\u0159echodu vozov\u00fdch park\u016f na lok\u00e1ln\u011b bezemisn\u00ed vozy, projektovou a dodavatelskou \u010dinnost v\u00a0oblasti ve\u0159ejn\u00fdch, firemn\u00edch a dom\u00e1c\u00edch nab\u00edje\u010dek, fotovoltaick\u00fdch elektr\u00e1ren, p\u0159es multibrandov\u00fd prodej osobn\u00edch a u\u017eitkov\u00fdch elektromobil\u016f, stroj\u016f a komun\u00e1ln\u00ed techniky, a\u017e po vy\u0159\u00edzen\u00ed dotac\u00ed. Projekt <b>AE-MOBILITY <\/b>sdru\u017euje nejv\u00fdznamn\u011bj\u0161\u00ed spole\u010dnosti ve sv\u00fdch oborech na trhu nejen v\u00a0\u010cesk\u00e9 republice.<\/p>\n","protected":false},"excerpt":{"rendered":"<div class=\"mh-excerpt\"><p>Zakladatel projektu AE-MOBILITY Radek Donner p\u0159edal 14. dubna do rukou Facility Services Managera Kamila Navr\u00e1tila z\u00a0Albert \u010cesk\u00e1 republika dokon\u010denou zak\u00e1zku na pilotn\u00ed instalaci wallbox\u016f a <a class=\"mh-excerpt-more\" href=\"https:\/\/www.automakersnews.cz\/index.php\/2023\/04\/19\/projekt-ae-mobility-spolupracuje-s-albertem\/\" title=\"Projekt AE-MOBILITY spolupracuje s Albertem\">[&#8230;]<\/a><\/p>\n<\/div>","protected":false},"author":1,"featured_media":40098,"comment_status":"open","ping_status":"open","sticky":false,"template":"","format":"standard","meta":{"footnotes":""},"categories":[55,22],"tags":[],"class_list":["post-40069","post","type-post","status-publish","format-standard","has-post-thumbnail","hentry","category-alternativni-pohony","category-elektromobily"],"_links":{"self":[{"href":"https:\/\/www.automakersnews.cz\/index.php\/wp-json\/wp\/v2\/posts\/40069","targetHints":{"allow":["GET"]}}],"collection":[{"href":"https:\/\/www.automakersnews.cz\/index.php\/wp-json\/wp\/v2\/posts"}],"about":[{"href":"https:\/\/www.automakersnews.cz\/index.php\/wp-json\/wp\/v2\/types\/post"}],"author":[{"embeddable":true,"href":"https:\/\/www.automakersnews.cz\/index.php\/wp-json\/wp\/v2\/users\/1"}],"replies":[{"embeddable":true,"href":"https:\/\/www.automakersnews.cz\/index.php\/wp-json\/wp\/v2\/comments?post=40069"}],"version-history":[{"count":0,"href":"https:\/\/www.automakersnews.cz\/index.php\/wp-json\/wp\/v2\/posts\/40069\/revisions"}],"wp:featuredmedia":[{"embeddable":true,"href":"https:\/\/www.automakersnews.cz\/index.php\/wp-json\/wp\/v2\/media\/40098"}],"wp:attachment":[{"href":"https:\/\/www.automakersnews.cz\/index.php\/wp-json\/wp\/v2\/media?parent=40069"}],"wp:term":[{"taxonomy":"category","embeddable":true,"href":"https:\/\/www.automakersnews.cz\/index.php\/wp-json\/wp\/v2\/categories?post=40069"},{"taxonomy":"post_tag","embeddable":true,"href":"https:\/\/www.automakersnews.cz\/index.php\/wp-json\/wp\/v2\/tags?post=40069"}],"curies":[{"name":"wp","href":"https:\/\/api.w.org\/{rel}","templated":true}]}}