{"id":40245,"date":"2023-04-20T08:03:55","date_gmt":"2023-04-20T08:03:55","guid":{"rendered":"https:\/\/www.automakersnews.cz\/?p=40245"},"modified":"2023-04-20T08:03:55","modified_gmt":"2023-04-20T08:03:55","slug":"volkswagen-fs-zavadi-predplacene-servisni-prohlidky","status":"publish","type":"post","link":"https:\/\/www.automakersnews.cz\/index.php\/2023\/04\/20\/volkswagen-fs-zavadi-predplacene-servisni-prohlidky\/","title":{"rendered":"Volkswagen FS zav\u00e1d\u00ed p\u0159edplacen\u00e9 servisn\u00ed prohl\u00eddky"},"content":{"rendered":"<p><strong>S nov\u00fdm produktem Servisn\u00ed prohl\u00eddka od Volkswagen Financial Services si mohou z\u00e1kazn\u00edci p\u0159edplatit pro sv\u016fj nov\u00fd nebo ojet\u00fd v\u016fz a\u017e t\u0159i servisn\u00ed prohl\u00eddky p\u0159edem a sou\u010dasn\u011b rozlo\u017eit jejich \u00fahradu do spl\u00e1tek bez nav\u00fd\u0161en\u00ed.<\/strong><!--more--><\/p>\n<p>Z\u00e1kazn\u00edci t\u00edm z\u00edskaj\u00ed jistotu vysok\u00e9 kvality servisu p\u0159edepsan\u00e9ho v\u00fdrobcem vozu, za p\u0159edem sjednanou cenu a\u017e na n\u011bkolik let dop\u0159edu. Vyhnou se tak riziku zv\u00fd\u0161en\u00ed cen servisu i n\u00e1hradn\u00edch d\u00edl\u016f. T\u0159e\u0161ni\u010dkou na dortu pro majitele pravideln\u011b servisovan\u00fdch voz\u016f je pak z\u00e1ruka mobility, s\u00a0n\u00ed\u017e se nemusej\u00ed ob\u00e1vat ani nep\u0159edv\u00eddateln\u00fdch ud\u00e1lost\u00ed na cest\u00e1ch.<\/p>\n<p><em>\u201ePravideln\u00fd servis je z\u00e1kladem spolehliv\u00e9ho provozu, ale v\u00fdznamn\u011b p\u0159isp\u00edv\u00e1 tak\u00e9 k\u00a0uchov\u00e1n\u00ed vysok\u00e9 z\u016fstatkov\u00e9 hodnoty a dlouh\u00e9 \u017eivotnosti vozu. Proto jsme p\u0159ipravili pro na\u0161e z\u00e1kazn\u00edky nov\u00fd produkt, kter\u00fd jim pravideln\u00fd servis maxim\u00e1ln\u011b usnadn\u00ed. A to v\u0161e za atraktivn\u00edch podm\u00ednek i na spl\u00e1tky bez cenov\u00e9ho nav\u00fd\u0161en\u00ed,\u201c\u00a0<\/em>\u0159\u00edk\u00e1 Jana Hru\u0161kov\u00e1, vedouc\u00ed odd\u011blen\u00ed produktu a marketingu ve spole\u010dnosti Volkswagen Financial Services.<\/p>\n<p>Servisn\u00ed prohl\u00eddku si lze objednat komfortn\u011b on-line pro nov\u00e9 i ojet\u00e9 vozy zna\u010dek \u0160KODA, Volkswagen, Audi, SEAT, CUPRA a Volkswagen U\u017eitkov\u00e9 vozy, v\u00a0r\u00e1mci zav\u00e1d\u011bc\u00ed nab\u00eddky nav\u00edc se slevou a\u017e 30%<\/p>\n<p>P\u0159edplacen\u00e1 prohl\u00eddka v autorizovan\u00e9m servisu zajist\u00ed, aby byl v\u016fz v\u017edy v nejlep\u0161\u00edm technick\u00e9m stavu. <em>\u201eServisn\u00ed prohl\u00eddka kryje n\u00e1klady na pravidelnou \u00fadr\u017ebu p\u0159edepsanou v\u00fdrobcem. Jej\u00ed sou\u010d\u00e1st\u00ed je z\u00e1kladn\u00ed a roz\u0161\u00ed\u0159en\u00e1 prohl\u00eddka vozu, v\u00fdm\u011bna motorov\u00e9ho oleje, olejov\u00e9ho filtru a z\u00e1tky, vzduchov\u00e9ho filtru, pylov\u00e9ho, resp. prachov\u00e9ho filtru, zapalovac\u00edch sv\u00ed\u010dek, palivov\u00e9ho filtru a brzdov\u00e9 kapaliny, drobn\u00fd pomocn\u00fd materi\u00e1l a prodlou\u017een\u00ed z\u00e1ruky mobility do dal\u0161\u00edho term\u00ednu pravideln\u00e9 prohl\u00eddky. Z\u00e1kazn\u00edk si v\u0161ak do servisu m\u016f\u017ee zajet tak\u00e9 pro p\u0159\u00edpadn\u00e9 dopln\u011bn\u00ed motorov\u00e9ho oleje mezi servisn\u00edmi intervaly. V\u00a0cen\u011b je zahrnuta jak pr\u00e1ce, tak materi\u00e1l,\u201c<\/em>\u00a0p\u0159ibli\u017euje rozsah nov\u00e9 slu\u017eby Jana Hru\u0161kov\u00e1.<\/p>\n<p><img loading=\"lazy\" decoding=\"async\" class=\"alignnone size-large wp-image-1362\" src=\"http:\/\/www.automakersnews.cz\/wp-content\/uploads\/2022\/11\/Servis-kolo-Porsche-CR-1024x768.jpg\" alt=\"\" width=\"1024\" height=\"768\" \/><\/p>\n<p>Z\u00e1kazn\u00edk si m\u016f\u017ee p\u0159edplatit hned n\u011bkolik servisn\u00edch prohl\u00eddek, nebo si tuto slu\u017ebu objedn\u00e1v\u00e1 postupn\u011b pro ka\u017edou prohl\u00eddku zvl\u00e1\u0161\u0165. Jednu prohl\u00eddku lze p\u0159itom vy\u010derpat v\u00a0obdob\u00ed dvou let. Pokud si nap\u0159\u00edklad z\u00e1kazn\u00edk p\u0159edem objedn\u00e1 t\u0159i Servisn\u00ed prohl\u00eddky bez omezen\u00ed ujet\u00fdch kilometr\u016f pro model Volkswagen Polo, m\u016f\u017ee se rozhodnout, zda celkovou cenu 16\u00a0992 K\u010d uhrad\u00ed jednor\u00e1zov\u011b, nebo si ji rozlo\u017e\u00ed do m\u011bs\u00ed\u010dn\u00edch spl\u00e1tek bez nav\u00fd\u0161en\u00ed, kter\u00e9 v\u00a0tomto p\u0159\u00edpad\u011b za\u010d\u00ednaj\u00ed ji\u017e od 236 K\u010d. V\u00a0obou p\u0159\u00edpadech zn\u00e1 cenu za pravideln\u00fd servis dop\u0159edu a nemus\u00ed se ob\u00e1vat ne\u010dekan\u00fdch v\u00fddaj\u016f na \u00fadr\u017ebu sv\u00e9ho vozu.<\/p>\n","protected":false},"excerpt":{"rendered":"<div class=\"mh-excerpt\"><p>S nov\u00fdm produktem Servisn\u00ed prohl\u00eddka od Volkswagen Financial Services si mohou z\u00e1kazn\u00edci p\u0159edplatit pro sv\u016fj nov\u00fd nebo ojet\u00fd v\u016fz a\u017e t\u0159i servisn\u00ed prohl\u00eddky p\u0159edem a <a class=\"mh-excerpt-more\" href=\"https:\/\/www.automakersnews.cz\/index.php\/2023\/04\/20\/volkswagen-fs-zavadi-predplacene-servisni-prohlidky\/\" title=\"Volkswagen FS zav\u00e1d\u00ed p\u0159edplacen\u00e9 servisn\u00ed prohl\u00eddky\">[&#8230;]<\/a><\/p>\n<\/div>","protected":false},"author":1,"featured_media":40246,"comment_status":"open","ping_status":"open","sticky":false,"template":"","format":"standard","meta":{"footnotes":""},"categories":[57,17],"tags":[],"class_list":["post-40245","post","type-post","status-publish","format-standard","has-post-thumbnail","hentry","category-leasing","category-servis"],"_links":{"self":[{"href":"https:\/\/www.automakersnews.cz\/index.php\/wp-json\/wp\/v2\/posts\/40245","targetHints":{"allow":["GET"]}}],"collection":[{"href":"https:\/\/www.automakersnews.cz\/index.php\/wp-json\/wp\/v2\/posts"}],"about":[{"href":"https:\/\/www.automakersnews.cz\/index.php\/wp-json\/wp\/v2\/types\/post"}],"author":[{"embeddable":true,"href":"https:\/\/www.automakersnews.cz\/index.php\/wp-json\/wp\/v2\/users\/1"}],"replies":[{"embeddable":true,"href":"https:\/\/www.automakersnews.cz\/index.php\/wp-json\/wp\/v2\/comments?post=40245"}],"version-history":[{"count":0,"href":"https:\/\/www.automakersnews.cz\/index.php\/wp-json\/wp\/v2\/posts\/40245\/revisions"}],"wp:featuredmedia":[{"embeddable":true,"href":"https:\/\/www.automakersnews.cz\/index.php\/wp-json\/wp\/v2\/media\/40246"}],"wp:attachment":[{"href":"https:\/\/www.automakersnews.cz\/index.php\/wp-json\/wp\/v2\/media?parent=40245"}],"wp:term":[{"taxonomy":"category","embeddable":true,"href":"https:\/\/www.automakersnews.cz\/index.php\/wp-json\/wp\/v2\/categories?post=40245"},{"taxonomy":"post_tag","embeddable":true,"href":"https:\/\/www.automakersnews.cz\/index.php\/wp-json\/wp\/v2\/tags?post=40245"}],"curies":[{"name":"wp","href":"https:\/\/api.w.org\/{rel}","templated":true}]}}