{"id":40336,"date":"2023-04-20T11:39:10","date_gmt":"2023-04-20T11:39:10","guid":{"rendered":"https:\/\/www.automakersnews.cz\/?p=40336"},"modified":"2023-04-20T13:18:43","modified_gmt":"2023-04-20T13:18:43","slug":"hyundai-zustava-sponzorem-fotbalove-repre","status":"publish","type":"post","link":"https:\/\/www.automakersnews.cz\/index.php\/2023\/04\/20\/hyundai-zustava-sponzorem-fotbalove-repre\/","title":{"rendered":"Hyundai z\u016fstal sponzorem fotbalov\u00e9 reprezentace"},"content":{"rendered":"<p><strong>Zna\u010dka Hyundai z\u016fst\u00e1v\u00e1 i nad\u00e1le hlavn\u00edm partnerem \u010desk\u00e9 fotbalov\u00e9 reprezentace. Spolupr\u00e1ce s patn\u00e1ctiletou tradic\u00ed byla nov\u011b prodlou\u017eena minim\u00e1ln\u011b do konce evropsk\u00e9ho \u0161ampion\u00e1tu v \u010dervnu roku 2024.<\/strong><!--more--><\/p>\n<p>Hyundai tak bude i nad\u00e1le poskytovat mobilitu p\u0159edstavitel\u016fm \u010desk\u00e9ho n\u00e1rodn\u00edho t\u00fdmu a FA\u010cR. Ti mimo jin\u00e9 vyu\u017e\u00edvaj\u00ed i vozy vyroben\u00e9 ve v\u00fdrobn\u00edm z\u00e1vodu Hyundai Motor Manufacturing Czech ve slezsk\u00fdch No\u0161ovic\u00edch, modely i30, TUCSON a KONA Electric.<\/p>\n<p><em>\u201eSpolupr\u00e1ce s\u00a0\u010deskou fotbalovou reprezentac\u00ed je na\u0161\u00edm kl\u00ed\u010dov\u00fdm strategick\u00fdm partnerstv\u00edm na \u010desk\u00e9m trhu. Fotbal je v\u00a0\u010cesk\u00e9 republice nejpopul\u00e1rn\u011bj\u0161\u00edm sportem a my jsme r\u00e1di, \u017ee na\u0161e presti\u017en\u00ed spolupr\u00e1ce bude nejen pokra\u010dovat, ale d\u00e1le se roz\u0161\u00ed\u0159\u00ed,\u201c<\/em> uvedl gener\u00e1ln\u00ed \u0159editel Hyundai Motor Czech Martin Saitz.<\/p>\n<p><em>\u201eSpole\u010dnost Hyundai je v\u00a0\u010desk\u00e9m i mezin\u00e1rodn\u00edm fotbale etablovan\u00e1 dlouhodob\u011b. Pro n\u00e1s je to z\u00e1ruka presti\u017en\u00ed a oboustrann\u011b cenn\u00e9 spolupr\u00e1ce. Jsme r\u00e1di, \u017ee krom\u011b reprezenta\u010dn\u00edho \u00e1\u010dka jako na\u0161\u00ed vlajkov\u00e9 lodi zaj\u00edmaj\u00ed Hyundai i reprezentace \u017een a t\u00fdm do 21 let. V\u011b\u0159\u00edm, \u017ee partnerstv\u00ed bude nad\u00e1le \u00fasp\u011b\u0161n\u00e9 a spole\u010dn\u011b oslav\u00edme postup na mistrovstv\u00ed Evropy, kter\u00e9 se p\u0159\u00ed\u0161t\u00ed rok uskute\u010dn\u00ed v\u00a0N\u011bmecku,\u201c<\/em> poznamenal p\u0159edseda FA\u010cR Petr Fousek.<\/p>\n<p>Hyundai je dlouholet\u00fdm partnerem prvn\u00edho t\u00fdmu reprezentace a v\u00fdb\u011bru do jednadvaceti let, nov\u011b v\u0161ak bude podporovat tak\u00e9 \u010deskou \u017eenskou fotbalovou reprezentaci.<\/p>\n<p><em>\u201eVn\u00edm\u00e1me rostouc\u00ed popularitu \u017eensk\u00e9ho fotbalu ve sv\u011bt\u011b, ale tak\u00e9 p\u0159ek\u00e1\u017eky, jim\u017e \u010del\u00ed zejm\u00e9na v\u00a0\u010desk\u00e9m prost\u0159ed\u00ed. Proto jsme se rozhodli roz\u0161\u00ed\u0159it na\u0161e partnerstv\u00ed i na \u010deskou \u017eenskou reprezentaci a vyvineme \u00fasil\u00ed sm\u011brem ke zlep\u0161en\u00ed podm\u00ednek na\u0161ich reprezentantek a podpo\u0159e d\u00edv\u010d\u00edho fotbalu v\u00a0zemi,\u201c<\/em> uvedl Jan Przyczko, marketingov\u00fd mana\u017eer Hyundai Motor Czech.<\/p>\n<p><em>\u201eReprezentace \u017een m\u00e1 za sebou v\u00a0posledn\u00ed dob\u011b n\u011bkolik pozoruhodn\u00fdch v\u00fdsledk\u016f proti velk\u00fdm favorit\u016fm. Dal\u0161\u00edm velk\u00fdm c\u00edlem pro n\u00e1s je postup na mistrovstv\u00ed Evropy nebo sv\u011bta, o co\u017e se budeme pokou\u0161et i s\u00a0Hyundai v\u00a0z\u00e1dech,\u201c<\/em> \u0159ekl Erich Brabec, vedouc\u00ed \u00daseku \u017eensk\u00e9ho fotbalu FA\u010cR.<\/p>\n<p><img loading=\"lazy\" decoding=\"async\" class=\"alignnone size-large wp-image-40370\" src=\"http:\/\/www.automakersnews.cz\/wp-content\/uploads\/2023\/04\/Hyundai-Tiskovka_small-fotbal-1024x683.jpg\" alt=\"\" width=\"1024\" height=\"683\" \/><\/p>\n<p>Sou\u010d\u00e1st\u00ed prodlou\u017een\u00ed partnerstv\u00ed mezi zna\u010dkou Hyundai a \u010deskou fotbalovou reprezentac\u00ed je speci\u00e1ln\u00ed spole\u010dn\u00fd projekt \u201eHrd\u011b za repre s Hyundai\u201c s\u00a0prostorem Bez fr\u00e1z\u00ed (<a href=\"http:\/\/www.bezfrazi.cz\">www.bezfrazi.cz<\/a>), kter\u00fd bude od kv\u011btna p\u0159in\u00e1\u0161et p\u0159\u00edb\u011bhy \u010desk\u00fdch reprezentant\u016f a reprezentantek, legend i dal\u0161\u00edch osobnost\u00ed dom\u00e1c\u00edho fotbalu.<\/p>\n<p>Projekt vyvrchol\u00ed kni\u017en\u00edm vyd\u00e1n\u00edm kr\u00e1tce p\u0159ed evropsk\u00fdm \u0161ampion\u00e1tem v\u00a0roce 2024.<\/p>\n<p><strong>VIDEO:<\/strong><\/p>\n<p><a href=\"https:\/\/www.youtube.com\/watch?v=TdpkF3koIR0\">\u010cesk\u00e1 fotbalov\u00e1 reprezentace a Hyundai prodlu\u017euj\u00ed partnerstv\u00ed &#8211; YouTube<\/a><\/p>\n","protected":false},"excerpt":{"rendered":"<div class=\"mh-excerpt\"><p>Zna\u010dka Hyundai z\u016fst\u00e1v\u00e1 i nad\u00e1le hlavn\u00edm partnerem \u010desk\u00e9 fotbalov\u00e9 reprezentace. Spolupr\u00e1ce s patn\u00e1ctiletou tradic\u00ed byla nov\u011b prodlou\u017eena minim\u00e1ln\u011b do konce evropsk\u00e9ho \u0161ampion\u00e1tu v \u010dervnu roku <a class=\"mh-excerpt-more\" href=\"https:\/\/www.automakersnews.cz\/index.php\/2023\/04\/20\/hyundai-zustava-sponzorem-fotbalove-repre\/\" title=\"Hyundai z\u016fstal sponzorem fotbalov\u00e9 reprezentace\">[&#8230;]<\/a><\/p>\n<\/div>","protected":false},"author":1,"featured_media":40366,"comment_status":"open","ping_status":"open","sticky":false,"template":"","format":"standard","meta":{"footnotes":""},"categories":[18],"tags":[],"class_list":["post-40336","post","type-post","status-publish","format-standard","has-post-thumbnail","hentry","category-sponzoring"],"_links":{"self":[{"href":"https:\/\/www.automakersnews.cz\/index.php\/wp-json\/wp\/v2\/posts\/40336","targetHints":{"allow":["GET"]}}],"collection":[{"href":"https:\/\/www.automakersnews.cz\/index.php\/wp-json\/wp\/v2\/posts"}],"about":[{"href":"https:\/\/www.automakersnews.cz\/index.php\/wp-json\/wp\/v2\/types\/post"}],"author":[{"embeddable":true,"href":"https:\/\/www.automakersnews.cz\/index.php\/wp-json\/wp\/v2\/users\/1"}],"replies":[{"embeddable":true,"href":"https:\/\/www.automakersnews.cz\/index.php\/wp-json\/wp\/v2\/comments?post=40336"}],"version-history":[{"count":0,"href":"https:\/\/www.automakersnews.cz\/index.php\/wp-json\/wp\/v2\/posts\/40336\/revisions"}],"wp:featuredmedia":[{"embeddable":true,"href":"https:\/\/www.automakersnews.cz\/index.php\/wp-json\/wp\/v2\/media\/40366"}],"wp:attachment":[{"href":"https:\/\/www.automakersnews.cz\/index.php\/wp-json\/wp\/v2\/media?parent=40336"}],"wp:term":[{"taxonomy":"category","embeddable":true,"href":"https:\/\/www.automakersnews.cz\/index.php\/wp-json\/wp\/v2\/categories?post=40336"},{"taxonomy":"post_tag","embeddable":true,"href":"https:\/\/www.automakersnews.cz\/index.php\/wp-json\/wp\/v2\/tags?post=40336"}],"curies":[{"name":"wp","href":"https:\/\/api.w.org\/{rel}","templated":true}]}}