{"id":40598,"date":"2023-04-21T08:02:02","date_gmt":"2023-04-21T08:02:02","guid":{"rendered":"https:\/\/www.automakersnews.cz\/?p=40598"},"modified":"2023-04-21T08:02:02","modified_gmt":"2023-04-21T08:02:02","slug":"dachser-ma-nove-vedeni-it-oddeleni","status":"publish","type":"post","link":"https:\/\/www.automakersnews.cz\/index.php\/2023\/04\/21\/dachser-ma-nove-vedeni-it-oddeleni\/","title":{"rendered":"Dachser m\u00e1 nov\u00e9 veden\u00ed IT odd\u011blen\u00ed"},"content":{"rendered":"<p><strong>Mezin\u00e1rodn\u00ed logistick\u00fd provider Dachser Czech Republic jmenoval Petra Holubovsk\u00e9ho IT\u00a0mana\u017eerem pro \u010ceskou republiku. Na sv\u00e9 nov\u00e9 pozici bude zodpov\u011bdn\u00fd za veden\u00ed IT\u00a0odd\u011blen\u00ed a implementaci korpor\u00e1tn\u00edch IT syst\u00e9m\u016f i spr\u00e1vu digit\u00e1ln\u00edho rozhran\u00ed se z\u00e1kaznick\u00fdmi syst\u00e9my.<\/strong><!--more--><\/p>\n<p>Ing. Petr Holubovsk\u00fd, MBA (35) vystudoval Syst\u00e9mov\u00e9 in\u017een\u00fdrstv\u00ed a Informatiku na \u010cZU v Praze a\u00a0MBA Business Institut, obor \u0158\u00edzen\u00ed informa\u010dn\u00edch technologi\u00ed, a ji\u017e p\u0159i studiu na vysok\u00e9 \u0161kole pracoval ve spole\u010dnosti Dachser Czech Republic jako Trainee v\u00a0programu pro studenty vysok\u00fdch \u0161kol.<\/p>\n<p>Po zakon\u010den\u00ed studia jeho profesn\u00ed dr\u00e1ha ve spole\u010dnosti Dachser d\u00e1le \u00fasp\u011b\u0161n\u011b pokra\u010dovala, p\u016fsobil na pozic\u00edch juniorn\u00edho a pozd\u011bji seniorn\u00edho IT koordin\u00e1tora. V letech 2021\u20132022 pracoval jako IT Manager p\u0159epravn\u00ed spole\u010dnosti VCHD Cargo.<\/p>\n<p>Na sv\u00e9 nov\u00e9 pozici IT Managera spole\u010dnosti Dachser Czech Republic bude zodpov\u011bdn\u00fd za veden\u00ed t\u00fdmu IT koordin\u00e1tor\u016f, implementaci IT \u0159e\u0161en\u00ed dle po\u017eadavk\u016f lok\u00e1ln\u00ed organizace nebo IT centr\u00e1ly. Bude m\u00edt na starosti mimo jin\u00e9 tak\u00e9 spr\u00e1vu elektronick\u00e9 komunikace mezi syst\u00e9my z\u00e1kazn\u00edk\u016f a syst\u00e9my spole\u010dnosti i podporu u\u017eivatel\u016f Dachser IT syst\u00e9m\u016f v b\u011b\u017en\u00e9m provozu.<\/p>\n<p>\u201e<em>S rozvojem na\u0161\u00ed s\u00edt\u011b v \u010cesk\u00e9 republice a st\u00e1le vy\u0161\u0161\u00edm stupn\u011bm digitalizace je zku\u0161en\u00fd Petr Holubovsk\u00fd v \u010dele na\u0161eho IT na prav\u00e9m m\u00edst\u011b<\/em>,\u201c uv\u00e1d\u00ed Ing. Jan Pihar, gener\u00e1ln\u00ed \u0159editel Dachser Czech Republic, a dopl\u0148uje, \u201e<em>je nejen specialistou ve sv\u00e9m oboru, ale m\u00e1 i hlubok\u00e9 znalosti o v\u0161ech na\u0161ich vlastn\u00edch IT syst\u00e9mech a specifick\u00fdch \u0159e\u0161en\u00edch.\u201c <\/em><\/p>\n<p>Petr Holubovsk\u00fd mluv\u00ed anglicky, krom\u011b toho jako IT specialista ovl\u00e1d\u00e1 i \u0159adu programovac\u00edch jazyk\u016f, jako nap\u0159\u00edklad\u00a0 PHP, SQL, Java Skript HTML \u010di CSS a dal\u0161\u00ed.<\/p>\n<p>Je \u017eenat\u00fd a m\u00e1 dv\u011b d\u011bti. Ve sv\u00e9m voln\u00e9m \u010dase r\u00e1d pracuje se d\u0159evem, chod\u00ed s rodinou na v\u00fdlety do p\u0159\u00edrody a v\u011bnuje se samostudiu bitcoinu a ekonomie.<\/p>\n<p>&nbsp;<\/p>\n<p><strong>\u00a0<\/strong><\/p>\n","protected":false},"excerpt":{"rendered":"<div class=\"mh-excerpt\"><p>Mezin\u00e1rodn\u00ed logistick\u00fd provider Dachser Czech Republic jmenoval Petra Holubovsk\u00e9ho IT\u00a0mana\u017eerem pro \u010ceskou republiku. Na sv\u00e9 nov\u00e9 pozici bude zodpov\u011bdn\u00fd za veden\u00ed IT\u00a0odd\u011blen\u00ed a implementaci korpor\u00e1tn\u00edch <a class=\"mh-excerpt-more\" href=\"https:\/\/www.automakersnews.cz\/index.php\/2023\/04\/21\/dachser-ma-nove-vedeni-it-oddeleni\/\" title=\"Dachser m\u00e1 nov\u00e9 veden\u00ed IT odd\u011blen\u00ed\">[&#8230;]<\/a><\/p>\n<\/div>","protected":false},"author":1,"featured_media":40599,"comment_status":"open","ping_status":"open","sticky":false,"template":"","format":"standard","meta":{"footnotes":""},"categories":[3],"tags":[],"class_list":["post-40598","post","type-post","status-publish","format-standard","has-post-thumbnail","hentry","category-personalie"],"_links":{"self":[{"href":"https:\/\/www.automakersnews.cz\/index.php\/wp-json\/wp\/v2\/posts\/40598","targetHints":{"allow":["GET"]}}],"collection":[{"href":"https:\/\/www.automakersnews.cz\/index.php\/wp-json\/wp\/v2\/posts"}],"about":[{"href":"https:\/\/www.automakersnews.cz\/index.php\/wp-json\/wp\/v2\/types\/post"}],"author":[{"embeddable":true,"href":"https:\/\/www.automakersnews.cz\/index.php\/wp-json\/wp\/v2\/users\/1"}],"replies":[{"embeddable":true,"href":"https:\/\/www.automakersnews.cz\/index.php\/wp-json\/wp\/v2\/comments?post=40598"}],"version-history":[{"count":0,"href":"https:\/\/www.automakersnews.cz\/index.php\/wp-json\/wp\/v2\/posts\/40598\/revisions"}],"wp:featuredmedia":[{"embeddable":true,"href":"https:\/\/www.automakersnews.cz\/index.php\/wp-json\/wp\/v2\/media\/40599"}],"wp:attachment":[{"href":"https:\/\/www.automakersnews.cz\/index.php\/wp-json\/wp\/v2\/media?parent=40598"}],"wp:term":[{"taxonomy":"category","embeddable":true,"href":"https:\/\/www.automakersnews.cz\/index.php\/wp-json\/wp\/v2\/categories?post=40598"},{"taxonomy":"post_tag","embeddable":true,"href":"https:\/\/www.automakersnews.cz\/index.php\/wp-json\/wp\/v2\/tags?post=40598"}],"curies":[{"name":"wp","href":"https:\/\/api.w.org\/{rel}","templated":true}]}}