{"id":40602,"date":"2023-04-21T08:19:10","date_gmt":"2023-04-21T08:19:10","guid":{"rendered":"https:\/\/www.automakersnews.cz\/?p=40602"},"modified":"2023-04-21T08:19:10","modified_gmt":"2023-04-21T08:19:10","slug":"skoda-auto-schenka-strida-novy-manazer","status":"publish","type":"post","link":"https:\/\/www.automakersnews.cz\/index.php\/2023\/04\/21\/skoda-auto-schenka-strida-novy-manazer\/","title":{"rendered":"\u0160koda Auto: Schenka st\u0159\u00edd\u00e1 nov\u00fd mana\u017eer"},"content":{"rendered":"<p><strong>Christian Schenk, kter\u00fd byl \u010dlenem p\u0159edstavenstva \u0160kody Auto za oblast Financ\u00ed a IT, od 1. \u0159\u00edjna 2021, p\u0159evezme nov\u00e9 \u00fakoly v r\u00e1mci koncernu Volkswagen. V \u010dervnu ho ve \u0160kodovce vyst\u0159\u00edd\u00e1 <\/strong><strong>sou\u010dasn\u00fd p\u0159edseda dozor\u010d\u00ed rady Europcar Mobility Group a gener\u00e1ln\u00ed zmocn\u011bnec spole\u010dnosti Volkswagen Bank.<\/strong><!--more--><\/p>\n<p>Klaus Zellmer, p\u0159edseda p\u0159edstavenstva \u0160koda Auto, \u0159\u00edk\u00e1: \u201eChristian Schenk sv\u00fdmi odborn\u00fdmi znalostmi a vynikaj\u00edc\u00ed schopnost\u00ed operativn\u00ed realizace rozhoduj\u00edc\u00ed m\u011brou p\u0159isp\u011bl k tomu, \u017ee \u0160koda Auto dosahovala stabiln\u00edch v\u00fdsledk\u016f v n\u00e1ro\u010dn\u00e9m tr\u017en\u00edm prost\u0159ed\u00ed. Z\u00e1rove\u0148 d\u016fslednou n\u00e1kladovou discipl\u00ednou uvol\u0148oval zdroje, kter\u00e9 jsme mohli investovat do transformace na\u0161\u00ed spole\u010dnosti. Srde\u010dn\u011b d\u011bkuji Christianu Schenkovi za jeho nasazen\u00ed. Z\u00e1rove\u0148 m\u011b t\u011b\u0161\u00ed, \u017ee se n\u00e1m poda\u0159ilo v osob\u011b Holgera Peterse z\u00edskat pro \u0160koda Auto finan\u010dn\u00edho experta s mezin\u00e1rodn\u00edmi zku\u0161enostmi. Peters bude d\u00e1le upev\u0148ovat stabiln\u00ed finan\u010dn\u00ed z\u00e1kladnu na\u0161\u00ed spole\u010dnosti v t\u00e9to rozhoduj\u00edc\u00ed f\u00e1zi transformace a formovat n\u00e1\u0161 p\u0159echod k elektromobilit\u011b a digitalizaci. Zejm\u00e9na jeho dlouholet\u00e9 zku\u0161enosti z pozice z\u00e1stupce \u010dlena p\u0159edstavenstva za oblast Financ\u00ed a IT ve spole\u010dnosti Porsche AG a jeho rozs\u00e1hl\u00e9 znalosti automobilov\u00e9ho pr\u016fmyslu z\u00edskan\u00e9 p\u016fsoben\u00edm v r\u016fzn\u00fdch v\u00fdrobn\u00edch podnic\u00edch, spole\u010dnostech poskytuj\u00edc\u00edch finan\u010dn\u00ed slu\u017eby, v prodeji automobil\u016f a ve spole\u010dnosti Europcar, jsou vynikaj\u00edc\u00edm<br \/>\nz\u00e1kladem pro pos\u00edlen\u00ed pozice \u0160koda Auto.\u201c<\/p>\n<p>Holger Peters zah\u00e1jil svou kari\u00e9ru v koncernu Volkswagen v roce 1996 ve spole\u010dnosti Porsche AG. P\u0159edt\u00edm absolvoval studium oboru European Business Administration v Berl\u00edn\u011b a v britsk\u00e9 Cambridgi.<\/p>\n<p>Peters p\u016fsobil v koncernu Porsche v\u00edce ne\u017e 26 let. Pot\u00e9, co zast\u00e1val n\u011bkolik pozic v N\u011bmecku i v zahrani\u010d\u00ed, naposledy jako vedouc\u00ed Controllingu ve spole\u010dnosti Porsche AG, p\u0159e\u0161el v roce 2017 ke spole\u010dnosti Porsche Financial Services, kde byl jmenov\u00e1n gener\u00e1ln\u00edm \u0159editelem skupiny a mluv\u010d\u00edm p\u0159edstavenstva.<\/p>\n<p>Na za\u010d\u00e1tku roku 2022 byl ve spole\u010dnosti Volkswagen AG jmenov\u00e1n do \u010dela \u00fatvaru Transformation Office Europcar, v n\u011bm\u017e \u0159\u00eddil spolu s ob\u011bma investory, spole\u010dnostmi Attestor a Pon Holdings, z\u00edsk\u00e1n\u00ed spole\u010dnosti Europcar Mobility Group pro koncern Volkswagen. Ve sv\u00e9 posledn\u00ed pozici Peters zast\u00e1val funkci gener\u00e1ln\u00edho zmocn\u011bnce spole\u010dnosti Volkswagen Bank.<\/p>\n<figure id=\"attachment_40632\" aria-describedby=\"caption-attachment-40632\" style=\"width: 768px\" class=\"wp-caption alignnone\"><img loading=\"lazy\" decoding=\"async\" class=\"size-large wp-image-40632\" src=\"http:\/\/www.automakersnews.cz\/wp-content\/uploads\/2023\/04\/Holger-Peters_530aa63b-768x1024.jpeg\" alt=\"\" width=\"768\" height=\"1024\" \/><figcaption id=\"caption-attachment-40632\" class=\"wp-caption-text\">Holger Peters<\/figcaption><\/figure>\n","protected":false},"excerpt":{"rendered":"<div class=\"mh-excerpt\"><p>Christian Schenk, kter\u00fd byl \u010dlenem p\u0159edstavenstva \u0160kody Auto za oblast Financ\u00ed a IT, od 1. \u0159\u00edjna 2021, p\u0159evezme nov\u00e9 \u00fakoly v r\u00e1mci koncernu Volkswagen. V <a class=\"mh-excerpt-more\" href=\"https:\/\/www.automakersnews.cz\/index.php\/2023\/04\/21\/skoda-auto-schenka-strida-novy-manazer\/\" title=\"\u0160koda Auto: Schenka st\u0159\u00edd\u00e1 nov\u00fd mana\u017eer\">[&#8230;]<\/a><\/p>\n<\/div>","protected":false},"author":1,"featured_media":40631,"comment_status":"open","ping_status":"open","sticky":false,"template":"","format":"standard","meta":{"footnotes":""},"categories":[52,3],"tags":[],"class_list":["post-40602","post","type-post","status-publish","format-standard","has-post-thumbnail","hentry","category-kariera","category-personalie"],"_links":{"self":[{"href":"https:\/\/www.automakersnews.cz\/index.php\/wp-json\/wp\/v2\/posts\/40602","targetHints":{"allow":["GET"]}}],"collection":[{"href":"https:\/\/www.automakersnews.cz\/index.php\/wp-json\/wp\/v2\/posts"}],"about":[{"href":"https:\/\/www.automakersnews.cz\/index.php\/wp-json\/wp\/v2\/types\/post"}],"author":[{"embeddable":true,"href":"https:\/\/www.automakersnews.cz\/index.php\/wp-json\/wp\/v2\/users\/1"}],"replies":[{"embeddable":true,"href":"https:\/\/www.automakersnews.cz\/index.php\/wp-json\/wp\/v2\/comments?post=40602"}],"version-history":[{"count":0,"href":"https:\/\/www.automakersnews.cz\/index.php\/wp-json\/wp\/v2\/posts\/40602\/revisions"}],"wp:featuredmedia":[{"embeddable":true,"href":"https:\/\/www.automakersnews.cz\/index.php\/wp-json\/wp\/v2\/media\/40631"}],"wp:attachment":[{"href":"https:\/\/www.automakersnews.cz\/index.php\/wp-json\/wp\/v2\/media?parent=40602"}],"wp:term":[{"taxonomy":"category","embeddable":true,"href":"https:\/\/www.automakersnews.cz\/index.php\/wp-json\/wp\/v2\/categories?post=40602"},{"taxonomy":"post_tag","embeddable":true,"href":"https:\/\/www.automakersnews.cz\/index.php\/wp-json\/wp\/v2\/tags?post=40602"}],"curies":[{"name":"wp","href":"https:\/\/api.w.org\/{rel}","templated":true}]}}