{"id":41086,"date":"2023-04-24T05:55:54","date_gmt":"2023-04-24T05:55:54","guid":{"rendered":"https:\/\/www.automakersnews.cz\/?p=41086"},"modified":"2023-04-24T06:04:00","modified_gmt":"2023-04-24T06:04:00","slug":"cez-otevrel-nejvykonnejsi-dobijecku-v-cr","status":"publish","type":"post","link":"https:\/\/www.automakersnews.cz\/index.php\/2023\/04\/24\/cez-otevrel-nejvykonnejsi-dobijecku-v-cr\/","title":{"rendered":"\u010cEZ otev\u0159el nejv\u00fdkonn\u011bj\u0161\u00ed dob\u00edje\u010dku v \u010cR (VIDEO)"},"content":{"rendered":"<p><strong>Ministr dopravy Martin Kupka, radn\u00ed Karel Bendl, \u0161\u00e9f \u0160koda \u010cR Ji\u0159\u00ed Mal\u00e1\u010dek a \u0161\u00e9f \u010cEZ Esco Kamil \u010cerm\u00e1k zprovoznili 21. dubna nov\u00e9 dob\u00edjec\u00ed stojany v Mlad\u00e9 Boleslavi. Jeden z nich, ultrafast typu ABB Terra 360, za p\u00e1r minut nabije dva elektromobily.<\/strong><!--more--><\/p>\n<p>Stojan za \u00fa\u010dasti ministra dopravy Martina Kupky a dal\u0161\u00edch host\u016f spustila Skupina \u010cEZ na parkovi\u0161ti obchodn\u00edho centra Olmpia v Mlad\u00e9 Boleslavi. Dob\u00edjec\u00ed hub tvo\u0159en\u00fd celkov\u011b sedmi stanicemi m\u016f\u017ee v jednu chv\u00edli obslou\u017eit a\u017e 14 elektroaut. Nov\u00e9 stojany vznikly d\u00edky grantu z Opera\u010dn\u00edho programu Doprava.<\/p>\n<p><iframe loading=\"lazy\"  style=\"display: block; margin: 0px auto;\"  id=\"_ytid_36765\"  width=\"800\" height=\"450\"  data-origwidth=\"800\" data-origheight=\"450\" src=\"https:\/\/www.youtube.com\/embed\/JR8hKFxASWQ?enablejsapi=1&#038;autoplay=1&#038;cc_load_policy=0&#038;iv_load_policy=1&#038;loop=1&#038;playlist=JR8hKFxASWQ&#038;modestbranding=0&#038;fs=1&#038;playsinline=0&#038;controls=1&#038;color=red&#038;cc_lang_pref=&#038;rel=1&#038;autohide=2&#038;theme=dark&#038;\" class=\"__youtube_prefs__  epyt-is-override  no-lazyload\" title=\"YouTube player\"  allow=\"accelerometer; autoplay; clipboard-write; encrypted-media; gyroscope; picture-in-picture\" allowfullscreen data-no-lazy=\"1\" data-skipgform_ajax_framebjll=\"\"><\/iframe><\/p>\n<p>\u201eCel\u00fd automobilov\u00fd pr\u016fmysl projde velkou transformac\u00ed. Kl\u00ed\u010dovou \u00falohu tohoto odv\u011btv\u00ed \u010desk\u00e9 ekonomiky vn\u00edm\u00e1 i vl\u00e1da a pr\u016fb\u011b\u017en\u011b p\u0159isp\u00edv\u00e1 k co nej\u00fasp\u011b\u0161n\u011bj\u0161\u00edmu pr\u016fb\u011bhu t\u00e9to zm\u011bny. Podporujeme jak kl\u00ed\u010dov\u00fd projekt stavby \u010desk\u00e9 gigafactory tak i r\u016fst ve\u0159ejn\u00fdch dob\u00edjec\u00edch s\u00edt\u00ed. Ministerstvo dopravy dosud podpo\u0159ilo v\u00fdstavbu v\u00edce ne\u017e dvou tis\u00edc dob\u00edjec\u00edch bod\u016f a v p\u0159\u00ed\u0161t\u00edch letech zn\u00e1sob\u00edme investice do nab\u00edjec\u00ed infrastruktury u d\u00e1lnic a ve m\u011bstech a\u017e do v\u00fd\u0161e 6 miliard korun. D\u00edky spr\u00e1v\u011b dota\u010dn\u00edch program\u016f c\u00edlen\u011b podporujeme rozvoj p\u00e1te\u0159n\u00ed i navazuj\u00edc\u00ed infrastruktury a ovliv\u0148ujeme, aby sv\u00fdmi parametry dr\u017eely krok se st\u00e1le v\u00fdkonn\u011bj\u0161\u00edmi a modern\u011bj\u0161\u00edmi elektromobily. Lokality jako tato v Mlad\u00e9 Boleslavi se stanou standardem, samoz\u0159ejmost\u00ed bude dob\u00edjen\u00ed v\u00edce voz\u016f najednou,\u201c uvedl ministr dopravy Martin Kupka.<\/p>\n<p><img loading=\"lazy\" decoding=\"async\" class=\"alignnone size-large wp-image-41273\" src=\"http:\/\/www.automakersnews.cz\/wp-content\/uploads\/2023\/04\/CEZ-Kupka-Boleslav-1024x768.jpg\" alt=\"\" width=\"1024\" height=\"768\" \/><\/p>\n<p>\u201eSt\u0159edo\u010desk\u00fd kraj je aktivn\u00ed v rozvoji r\u016fzn\u00fdch forem alternativn\u00edch pohon\u016f ve ve\u0159ejn\u00e9 i individu\u00e1ln\u00ed doprav\u011b. Ve m\u011bstech a na silnic\u00edch St\u0159edo\u010desk\u00e9ho kraje u\u017e jsou dnes des\u00edtky profesion\u00e1ln\u00edch dob\u00edjec\u00edch stanic a tato s\u00ed\u0165 se st\u00e1le zahu\u0161\u0165uje. Pova\u017eujeme za d\u016fle\u017eit\u00e9, aby \u0159idi\u010di mohli dob\u00edjet i mimo sv\u00e9 domovy nebo zam\u011bstn\u00e1n\u00ed, a to rychle a bez dlouh\u00e9ho \u010dek\u00e1n\u00ed. Chceme tak\u00e9 sami j\u00edt p\u0159\u00edkladem, a pr\u016fb\u011b\u017en\u011b proto dopl\u0148ujeme vlastn\u00ed vozov\u00fd park Krajsk\u00e9ho \u00fa\u0159adu o elektromobily a vlastn\u00ed dob\u00edjec\u00ed wallboxy,\u201c uvedl radn\u00ed pro silni\u010dn\u00ed dopravu St\u0159edo\u010desk\u00e9ho kraje Karel Bendl.<\/p>\n<p><iframe loading=\"lazy\"  style=\"display: block; margin: 0px auto;\"  id=\"_ytid_57987\"  width=\"800\" height=\"450\"  data-origwidth=\"800\" data-origheight=\"450\" src=\"https:\/\/www.youtube.com\/embed\/dTFSNSEDKcc?enablejsapi=1&#038;autoplay=1&#038;cc_load_policy=0&#038;iv_load_policy=1&#038;loop=1&#038;playlist=dTFSNSEDKcc&#038;modestbranding=0&#038;fs=1&#038;playsinline=0&#038;controls=1&#038;color=red&#038;cc_lang_pref=&#038;rel=1&#038;autohide=2&#038;theme=dark&#038;\" class=\"__youtube_prefs__  epyt-is-override  no-lazyload\" title=\"YouTube player\"  allow=\"accelerometer; autoplay; clipboard-write; encrypted-media; gyroscope; picture-in-picture\" allowfullscreen data-no-lazy=\"1\" data-skipgform_ajax_framebjll=\"\"><\/iframe><\/p>\n<p>\u201eJako \u010desk\u00fd l\u00eddr ve v\u00fdstavb\u011b dob\u00edjec\u00ed infrastruktury pro elektromobily neust\u00e1le zkvalit\u0148ujeme na\u0161i s\u00ed\u0165. Ta m\u00e1 jako celek nejvy\u0161\u0161\u00ed v\u00fdkon v \u010cR, a lid\u00e9 d\u00edky tomu u n\u00e1s dob\u00edjej\u00ed v pr\u016fm\u011bru nejrychleji. Do budoucna chceme pokra\u010dovat p\u0159edev\u0161\u00edm ve v\u00fdstavb\u011b stojan\u016f o vy\u0161\u0161\u00edch v\u00fdkonech, letos jich chceme vybudovat 40. Na silnic\u00edch toti\u017e roste pod\u00edl v\u00fdkonn\u011bj\u0161\u00edch model\u016f elektromobil\u016f, kter\u00e9 um\u011bj\u00ed naplno vyu\u017e\u00edt potenci\u00e1l ultrarychl\u00fdch dob\u00edjec\u00edch stojan\u016f. Symbolicky dnes spou\u0161t\u00edme ultrarychl\u00fd stojan, kter\u00fd zvl\u00e1dne soub\u011b\u017en\u011b dob\u00edt v\u011bt\u0161inu kapacity bateri\u00ed dvou e-aut za 10 minut. Jako na v\u0161ech ostatn\u00edch m\u00edstech v na\u0161\u00ed s\u00edti p\u0159itom \u0159idi\u010d\u016fm garantujeme odb\u011br skute\u010dn\u011b bezemisn\u00ed elekt\u0159iny, a to d\u00edky certifikaci jej\u00edho p\u016fvodu z obnoviteln\u00fdch zdroj\u016f,\u201c \u0159ekl Pavel Cyrani, m\u00edstop\u0159edseda p\u0159edstavenstva \u010cEZ.<\/p>\n<p><img loading=\"lazy\" decoding=\"async\" class=\"alignnone wp-image-41089\" src=\"http:\/\/www.automakersnews.cz\/wp-content\/uploads\/2023\/04\/nejvykonnejsi-dobijeci-stanice-pro-elektromobily-small-2-300x223.jpg\" alt=\"\" width=\"928\" height=\"690\" srcset=\"https:\/\/www.automakersnews.cz\/wp-content\/uploads\/2023\/04\/nejvykonnejsi-dobijeci-stanice-pro-elektromobily-small-2-300x223.jpg 300w, https:\/\/www.automakersnews.cz\/wp-content\/uploads\/2023\/04\/nejvykonnejsi-dobijeci-stanice-pro-elektromobily-small-2-1024x761.jpg 1024w, https:\/\/www.automakersnews.cz\/wp-content\/uploads\/2023\/04\/nejvykonnejsi-dobijeci-stanice-pro-elektromobily-small-2-768x571.jpg 768w, https:\/\/www.automakersnews.cz\/wp-content\/uploads\/2023\/04\/nejvykonnejsi-dobijeci-stanice-pro-elektromobily-small-2-80x60.jpg 80w, https:\/\/www.automakersnews.cz\/wp-content\/uploads\/2023\/04\/nejvykonnejsi-dobijeci-stanice-pro-elektromobily-small-2.jpg 1183w\" sizes=\"auto, (max-width: 928px) 100vw, 928px\" \/><\/p>\n<p>\u201eS elektromobilitou i jej\u00ed podporou to mysl\u00edme opravdu v\u00e1\u017en\u011b. Ji\u017e dnes m\u00e1me ve firemn\u00ed flotile t\u00e9m\u011b\u0159 100 hybridn\u00edch a 20 pln\u011b elektrick\u00fdch vozidel a dal\u0161\u00ed budou p\u0159ib\u00fdvat. Stejn\u011b tak bereme v\u00e1\u017en\u011b z\u00e1vazek na\u0161\u00ed skupiny dosahovat ambici\u00f3zn\u00edch c\u00edl\u016f v oblasti udr\u017eitelnosti a budeme nad\u00e1le v\u00fdrazn\u011b investovat do rozvoje ekologicky \u0161etrn\u00fdch technologi\u00ed, do v\u00fdstavby fotovoltaick\u00fdch elektr\u00e1ren a chytr\u00fdch \u0159e\u0161en\u00ed propojuj\u00edc\u00ed sv\u011bt elektromobility,\u201c \u0159\u00edk\u00e1 Zden\u011bk Havelka, v\u00fdkonn\u00fd \u0159editel skupiny CPI Property Group. \u201eDne\u0161n\u00ed otev\u0159en\u00ed v\u00fdkonn\u00fdch nab\u00edje\u010dek u na\u0161eho obchodn\u00edho centra je uk\u00e1zkou toho, jak\u00fdm sm\u011brem se trh vyv\u00edj\u00ed a jak na\u0161e spole\u010dnost aktivn\u011b p\u0159isp\u00edv\u00e1 k rozvoji udr\u017eiteln\u00fdch energetick\u00fdch \u0159e\u0161en\u00ed,&#8220; dodal Zden\u011bk Havelka.<\/p>\n<p>\u201eJe symbolick\u00e9 a jsme za to r\u00e1di, \u017ee nejv\u00fdkonn\u011bj\u0161\u00ed dob\u00edjec\u00ed stojan \u010cesk\u00e9 republiky je pr\u00e1v\u011b v Mlad\u00e9 Boleslavi, s\u00eddle nejv\u011bt\u0161\u00edho prodejce elektromobil\u016f na \u010desk\u00e9m trhu. Pokud chceme splnit c\u00edle N\u00e1rodn\u00edho ak\u010dn\u00edho pl\u00e1nu \u010dist\u00e9 mobility a do roku 2030 m\u00edt pro \u010desk\u00e9 \u0159idi\u010de 35 000 ve\u0159ejn\u00fdch dob\u00edjec\u00edch m\u00edst, je t\u0159eba pokra\u010dovat v tempu instalac\u00ed. Za stejn\u011b d\u016fle\u017eit\u00e9 pova\u017euji i to, \u017ee v\u00fdstavba infrastruktury jde nejen cestou kvantity ale i kvality. Pr\u00e1v\u011b r\u016fst po\u010dtu vysokorychlostn\u00edch dob\u00edjec\u00edch hub\u016f, jako je tento, je z\u00e1sadn\u00ed pro dal\u0161\u00ed rozvoj elektromobility v \u010cesk\u00e9 republice,\u201c \u0159\u00edk\u00e1 Ji\u0159\u00ed Mal\u00e1\u010dek, vedouc\u00ed \u010desk\u00e9ho zastoupen\u00ed \u0160koda Auto.<\/p>\n<p>Na parkovi\u0161ti OC Olympia je \u0159idi\u010d\u016fm k dispozici celkem 7 dob\u00edjec\u00edch stojan\u016f \u010cEZ. Nejrychlej\u0161\u00ed z nich o v\u00fdkonu 360 kW um\u00ed sou\u010dasn\u011b dob\u00edjet dv\u011b auta, ka\u017ed\u00e9 v\u00fdkonem 180 kW. Ka\u017ed\u00e1 z ostatn\u00edch stanic m\u00e1 v\u00fdkon 50 kW, je\u0161t\u011b do konce leto\u0161n\u00edho roku v\u0161ak \u010cEZ dv\u011b z nich vym\u011bn\u00ed za ultrarychl\u00e9 stojany o v\u00fdkonu 150 kW. \u010cEZ si v r\u00e1mci vize \u010cist\u00e1 Energie Z\u00edt\u0159ka vyty\u010dil do roku 2025 dosa\u017een\u00ed hranice 800 provozovan\u00fdch stojan\u016f pro dob\u00edjen\u00ed elektromobil\u016f a zn\u00e1soben\u00ed jejich v\u00fdkonu. Popt\u00e1vku po zkr\u00e1cen\u00ed \u010das\u016f dob\u00edjen\u00ed chce uspokojovat v\u00fdstavbou stanic pro ultrarychl\u00e9 dob\u00edjen\u00ed i roz\u0161i\u0159ov\u00e1n\u00edm po\u010dtu stojan\u016f v tzv. hubech ve vyt\u00ed\u017een\u00fdch lokalit\u00e1ch u hlavn\u00edch tah\u016f a ve m\u011bstech.<\/p>\n<p>C\u00edl vybudovat do roku 2025 odpov\u00eddaj\u00edc\u00ed s\u00ed\u0165 elektronab\u00edjej\u00edch stanic vzhledem k rostouc\u00edm po\u010dt\u016fm registrovan\u00fdch elektromobil\u016f si vyty\u010dilo spole\u010dn\u00e9 &#8222;Memorandum o spolupr\u00e1ci v rozvoji elektromobility v \u010cesk\u00e9 republice&#8220;, kter\u00e9 v roce 2021 podepsali z\u00e1stupci Ministerstva dopravy, Ministerstva pr\u016fmyslu a obchodu, Spr\u00e1vy \u017eeleznic, \u0158editelstv\u00ed silnic a d\u00e1lnic, \u0158editelstv\u00ed vodn\u00edch cest, \u0160kody Auto a \u010cEZ.<\/p>\n<p><strong>Erich Handl, Mlad\u00e1 Boleslav, FOTO a Video: \u010cEZ a autor<\/strong><\/p>\n<p><img loading=\"lazy\" decoding=\"async\" class=\"alignnone wp-image-41088\" src=\"http:\/\/www.automakersnews.cz\/wp-content\/uploads\/2023\/04\/nejvykonnejsi-dobijeci-stanice-pro-elektromobily-nabijeni-elektromobilu-small-3-300x225.jpg\" alt=\"\" width=\"807\" height=\"605\" srcset=\"https:\/\/www.automakersnews.cz\/wp-content\/uploads\/2023\/04\/nejvykonnejsi-dobijeci-stanice-pro-elektromobily-nabijeni-elektromobilu-small-3-300x225.jpg 300w, https:\/\/www.automakersnews.cz\/wp-content\/uploads\/2023\/04\/nejvykonnejsi-dobijeci-stanice-pro-elektromobily-nabijeni-elektromobilu-small-3-1024x769.jpg 1024w, https:\/\/www.automakersnews.cz\/wp-content\/uploads\/2023\/04\/nejvykonnejsi-dobijeci-stanice-pro-elektromobily-nabijeni-elektromobilu-small-3-768x577.jpg 768w, https:\/\/www.automakersnews.cz\/wp-content\/uploads\/2023\/04\/nejvykonnejsi-dobijeci-stanice-pro-elektromobily-nabijeni-elektromobilu-small-3-678x509.jpg 678w, https:\/\/www.automakersnews.cz\/wp-content\/uploads\/2023\/04\/nejvykonnejsi-dobijeci-stanice-pro-elektromobily-nabijeni-elektromobilu-small-3-326x245.jpg 326w, https:\/\/www.automakersnews.cz\/wp-content\/uploads\/2023\/04\/nejvykonnejsi-dobijeci-stanice-pro-elektromobily-nabijeni-elektromobilu-small-3-80x60.jpg 80w, https:\/\/www.automakersnews.cz\/wp-content\/uploads\/2023\/04\/nejvykonnejsi-dobijeci-stanice-pro-elektromobily-nabijeni-elektromobilu-small-3.jpg 1180w\" sizes=\"auto, (max-width: 807px) 100vw, 807px\" \/><\/p>\n","protected":false},"excerpt":{"rendered":"<div class=\"mh-excerpt\"><p>Ministr dopravy Martin Kupka, radn\u00ed Karel Bendl, \u0161\u00e9f \u0160koda \u010cR Ji\u0159\u00ed Mal\u00e1\u010dek a \u0161\u00e9f \u010cEZ Esco Kamil \u010cerm\u00e1k zprovoznili 21. dubna nov\u00e9 dob\u00edjec\u00ed stojany v <a class=\"mh-excerpt-more\" href=\"https:\/\/www.automakersnews.cz\/index.php\/2023\/04\/24\/cez-otevrel-nejvykonnejsi-dobijecku-v-cr\/\" title=\"\u010cEZ otev\u0159el nejv\u00fdkonn\u011bj\u0161\u00ed dob\u00edje\u010dku v \u010cR (VIDEO)\">[&#8230;]<\/a><\/p>\n<\/div>","protected":false},"author":4,"featured_media":41093,"comment_status":"open","ping_status":"open","sticky":false,"template":"","format":"standard","meta":{"footnotes":""},"categories":[22],"tags":[],"class_list":["post-41086","post","type-post","status-publish","format-standard","has-post-thumbnail","hentry","category-elektromobily"],"_links":{"self":[{"href":"https:\/\/www.automakersnews.cz\/index.php\/wp-json\/wp\/v2\/posts\/41086","targetHints":{"allow":["GET"]}}],"collection":[{"href":"https:\/\/www.automakersnews.cz\/index.php\/wp-json\/wp\/v2\/posts"}],"about":[{"href":"https:\/\/www.automakersnews.cz\/index.php\/wp-json\/wp\/v2\/types\/post"}],"author":[{"embeddable":true,"href":"https:\/\/www.automakersnews.cz\/index.php\/wp-json\/wp\/v2\/users\/4"}],"replies":[{"embeddable":true,"href":"https:\/\/www.automakersnews.cz\/index.php\/wp-json\/wp\/v2\/comments?post=41086"}],"version-history":[{"count":0,"href":"https:\/\/www.automakersnews.cz\/index.php\/wp-json\/wp\/v2\/posts\/41086\/revisions"}],"wp:featuredmedia":[{"embeddable":true,"href":"https:\/\/www.automakersnews.cz\/index.php\/wp-json\/wp\/v2\/media\/41093"}],"wp:attachment":[{"href":"https:\/\/www.automakersnews.cz\/index.php\/wp-json\/wp\/v2\/media?parent=41086"}],"wp:term":[{"taxonomy":"category","embeddable":true,"href":"https:\/\/www.automakersnews.cz\/index.php\/wp-json\/wp\/v2\/categories?post=41086"},{"taxonomy":"post_tag","embeddable":true,"href":"https:\/\/www.automakersnews.cz\/index.php\/wp-json\/wp\/v2\/tags?post=41086"}],"curies":[{"name":"wp","href":"https:\/\/api.w.org\/{rel}","templated":true}]}}