{"id":4140,"date":"2022-11-21T09:48:42","date_gmt":"2022-11-21T09:48:42","guid":{"rendered":"https:\/\/www.automakersnews.cz\/?p=4140"},"modified":"2022-11-21T09:48:42","modified_gmt":"2022-11-21T09:48:42","slug":"den-obeti-dopravnich-nehod-letos-390-zemrelych","status":"publish","type":"post","link":"https:\/\/www.automakersnews.cz\/index.php\/2022\/11\/21\/den-obeti-dopravnich-nehod-letos-390-zemrelych\/","title":{"rendered":"Den ob\u011bt\u00ed dopravn\u00edch nehod: letos 390 zem\u0159el\u00fdch"},"content":{"rendered":"<p lang=\"cs-CZ\" align=\"JUSTIFY\"><span style=\"color: #00000a;\"><span style=\"font-family: Calibri, serif;\"><span style=\"font-size: small;\"><span style=\"color: #000000;\"><span style=\"font-family: Arial, serif;\"><b>Ka\u017edou t\u0159et\u00ed listopadovou ned\u011bli si \u010cesko i cel\u00fd sv\u011bt p\u0159ipom\u00edn\u00e1 den v\u011bnovan\u00fd v\u0161em, jejich\u017e \u017eivot vyhasl na silnic\u00edch. Den ob\u011bt\u00ed dopravn\u00edch nehod letos p\u0159ipadl na 20. listopad. B\u011bhem prvn\u00edch deseti m\u011bs\u00edc\u016f si provoz na tuzemsk\u00fdch komunikac\u00edch vy\u017e\u00e1dal 390 lidsk\u00fdch \u017eivot\u016f, o 11 v\u00edce ne\u017e loni. Spole\u010dnost Vindicia upozor\u0148uje, \u017ee n\u00e1rok na od\u0161kodn\u011bn\u00ed maj\u00ed nejen lid\u00e9, kte\u0159\u00ed se p\u0159i nehod\u011b zranili, ale i poz\u016fstal\u00ed po osob\u00e1ch, kter\u00e9 kv\u016fli boura\u010dce o \u017eivot p\u0159i\u0161ly.<\/b><\/span><\/span><\/span><\/span><\/span><!--more--><\/p>\n<p lang=\"cs-CZ\" align=\"JUSTIFY\"><span style=\"color: #00000a;\"><span style=\"font-family: Calibri, serif;\"><span style=\"font-size: small;\"><span style=\"color: #000000;\"><span style=\"font-family: Arial, serif;\">390 ob\u011bt\u00ed \u2013 to je podle Statistik nehodovosti \u010cesk\u00e9 policie \u00fa\u010det v nejtragi\u010dt\u011bj\u0161\u00ed dopravn\u00ed bilanci za prvn\u00edch 10 m\u011bs\u00edc\u016f leto\u0161n\u00edho roku. Mno\u017estv\u00ed zem\u0159el\u00fdch odpov\u00edd\u00e1 obyvatelstvu men\u0161\u00ed tuzemsk\u00e9 obce. Na po\u010det ob\u011bt\u00ed je leto\u0161ek p\u0159esto druh\u00fd nejpozitivn\u011bj\u0161\u00ed rok od 1980, m\u00e9n\u011b lid\u00ed na silnic\u00edch zem\u0159elo jen loni. <\/span><\/span><\/span><\/span><\/span><\/p>\n<p lang=\"cs-CZ\" align=\"JUSTIFY\"><span style=\"color: #00000a;\"><span style=\"color: #000000;\">\u201e<span style=\"font-family: Calibri, serif;\"><span style=\"font-size: small;\"><span style=\"font-family: Arial, serif;\">Jako nejhor\u0161\u00ed den na tuzemsk\u00fdch silnic\u00edch vych\u00e1z\u00ed pond\u011bl\u00ed. Policejn\u00ed statistiky uv\u00e1d\u00ed, \u017ee b\u011bhem prvn\u00edho dne v t\u00fddnu letos p\u0159i\u0161lo o \u017eivot 67 osob. V t\u011bsn\u00e9m z\u00e1v\u011bsu je pak s 63 \u00famrt\u00edmi \u00fater\u00fd. Naopak ryze form\u00e1ln\u011b p\u0159ipad\u00e1 nejbezpe\u010dn\u011bj\u0161\u00ed den na st\u0159edu. T\u0159et\u00ed den v t\u00fddnu si zat\u00edm vy\u017e\u00e1dal 47 ob\u011bt\u00ed,\u201c shrnuje Tom\u00e1\u0161 Beck, expert na od\u0161kodn\u011bn\u00ed ze spole\u010dnosti Vindicia. Nejsmutn\u011bj\u0161\u00edm m\u011bs\u00edcem byl se 49 zma\u0159en\u00fdmi \u017eivoty \u010derven.<\/span><\/span><\/span><\/span><\/span><\/p>\n<p lang=\"cs-CZ\" align=\"JUSTIFY\"><span style=\"color: #00000a;\"><span style=\"font-family: Calibri, serif;\"><span style=\"font-size: small;\"><span style=\"color: #000000;\"><span style=\"font-family: Arial, serif;\">Dn\u00ed, kter\u00e9 se obe\u0161ly bez smrteln\u00e9 nehody, bylo od ledna do \u0159\u00edjna 2022 dohromady celkem 92, tedy t\u0159i pomysln\u00e9 m\u011bs\u00edce. Naopak nejhor\u0161\u00edm dnem byl na silnici 14. leden \u2013 hned zkraje nov\u00e9ho roku vyhaslo b\u011bhem pouh\u00fdch 24 hodin 6 \u017eivot\u016f.<\/span><\/span><\/span><\/span><\/span><\/p>\n<p lang=\"cs-CZ\" align=\"JUSTIFY\"><span style=\"color: #00000a;\"><span style=\"font-family: Calibri, serif;\"><span style=\"font-size: small;\"><span style=\"color: #000000;\"><span style=\"font-family: Arial, serif;\">Nejv\u00edce zem\u0159el\u00fdch spad\u00e1 do kategorie \u0159idi\u010d\u016f osobn\u00edch vozidel, zem\u0159elo jich 154. Zahynulo v\u0161ak i 61 chodc\u016f, 57 spolujezdc\u016f v aut\u011b, 52 motork\u00e1\u0159\u016f a 35 cyklist\u016f. <\/span><\/span><\/span><\/span><\/span><\/p>\n<p lang=\"cs-CZ\" align=\"JUSTIFY\"><span style=\"color: #00000a;\"><span style=\"font-family: Calibri, serif;\"><span style=\"font-size: small;\"><span style=\"color: #000000;\"><span style=\"font-family: Arial, serif;\"><b>S od\u0161kodn\u011bn\u00edm se nezapom\u00edn\u00e1 ani na kamar\u00e1dy ob\u011bt\u00ed nehod<\/b><\/span><\/span><\/span><\/span><\/span><\/p>\n<p lang=\"cs-CZ\" align=\"JUSTIFY\"><span style=\"color: #00000a;\"><span style=\"font-family: Calibri, serif;\"><span style=\"font-size: small;\"><span style=\"color: #000000;\"><span style=\"font-family: Arial, serif;\">Beck p\u0159ipom\u00edn\u00e1, \u017ee \u010ce\u0161i \u010dasto netu\u0161\u00ed, \u017ee n\u00e1rok na od\u0161kodn\u011bn\u00ed maj\u00ed i poz\u016fstal\u00ed. \u201eLeckdy se p\u0159itom jedn\u00e1 o opravdu vysok\u00e9 \u010d\u00e1stky, kter\u00e9 t\u0159eba d\u011bti zesnul\u00fdch dok\u00e1\u017eou zabezpe\u010dit na dlouh\u00e1 l\u00e9ta a usnadnit tak \u017eivot bl\u00edzk\u00fdm. Lid\u00e9 v\u0161ak nemaj\u00ed pon\u011bt\u00ed, za jak\u00fdch okolnost\u00ed mohou o kompenzace \u017e\u00e1dat a co v\u0161e zahrnuj\u00ed. \u201eVe stresu, kter\u00fd prov\u00e1z\u00ed ztr\u00e1tu bl\u00edzk\u00e9ho, v\u011bt\u0161ina nem\u00e1 energii \u0159e\u0161it mo\u017enosti finan\u010dn\u00ed kompenzace. Nap\u0159\u00edklad pro rodinu, kter\u00e9 n\u00e1hle zem\u0159el \u017eivitel, je ale tato ot\u00e1zka z\u00e1sadn\u00ed. Poz\u016fstal\u00ed si podle statistik zalo\u017een\u00fdch na na\u0161ich p\u0159\u00edpadech p\u0159ijdou ka\u017ed\u00fd a\u017e na milion korun, je\u0161t\u011b v roce 2014 se p\u0159itom v pr\u016fm\u011bru jednalo o pouh\u00fdch 120 tis\u00edc korun. <\/span><\/span><em><span style=\"color: #000000;\"><span style=\"font-family: Arial, serif;\">Nov\u00fd ob\u010dansk\u00fd z\u00e1kon\u00edk toti\u017e mo\u017enou \u010d\u00e1stku v\u00fdrazn\u011b zv\u00fd\u0161il, nav\u00edc se o ni nov\u011b mohou hl\u00e1sit nejen \u010dlenov\u00e9 rodiny, ale nap\u0159\u00edklad i celo\u017eivotn\u00ed p\u0159\u00e1tel\u00e9. S\u00a0nejvy\u0161\u0161\u00edmi kompenzacemi se v\u011bt\u0161inou po\u010d\u00edt\u00e1 pro ty nejbli\u017e\u0161\u00ed p\u0159\u00edbuzn\u00e9, jako jsou nezaopat\u0159en\u00e9 d\u011bti, kter\u00e9 maj\u00ed n\u00e1rok na podporu do doby, ne\u017e dostuduj\u00ed. O od\u0161kodn\u011bn\u00ed v\u0161ak poz\u016fstal\u00ed v\u011bt\u0161inou mus\u00ed zabojovat,<\/span><\/span><\/em><span style=\"color: #000000;\"><span style=\"font-family: Arial, serif;\"> p<\/span><\/span><span style=\"color: #000000;\"><span style=\"font-family: Arial, serif;\">okud se spokoj\u00ed s \u010d\u00e1stkou, kterou navrhuje poji\u0161\u0165ovna, je kompenzace v\u00fdrazn\u011b ni\u017e\u0161\u00ed,\u201c vysv\u011btluje Beck.<\/span><\/span><\/span><\/span><\/span><\/p>\n<p lang=\"cs-CZ\" align=\"JUSTIFY\"><span style=\"color: #00000a;\"><span style=\"font-family: Calibri, serif;\"><span style=\"font-size: small;\"><span style=\"color: #000000;\"><span style=\"font-family: Arial, serif;\">Vindicia uv\u00e1d\u00ed p\u0159\u00edpad smrteln\u00e9 nehody, kterou zavinil \u010dlen po\u0161kozen\u00e9 rodiny. Podle prvn\u00edho n\u00e1vrhu se m\u011bli poz\u016fstal\u00ed pod\u011blit o 1,4 milionu korun. S takov\u00fdm ohodnocen\u00edm sv\u00e9 ztr\u00e1ty se v\u0161ak rodina nesm\u00ed\u0159ila a s pomoc\u00ed expert\u016f bojovala o vy\u0161\u0161\u00ed kompenzaci. To se poda\u0159ilo &#8211; rozd\u00edl mezi p\u016fvodn\u011b navr\u017eenou \u010d\u00e1stkou a kone\u010dnou v\u00fd\u0161\u00ed od\u0161kodn\u011bn\u00ed se vy\u0161plhal na 7 milion\u016f korun.<\/span><\/span><\/span><\/span><\/span><\/p>\n","protected":false},"excerpt":{"rendered":"<div class=\"mh-excerpt\"><p>Ka\u017edou t\u0159et\u00ed listopadovou ned\u011bli si \u010cesko i cel\u00fd sv\u011bt p\u0159ipom\u00edn\u00e1 den v\u011bnovan\u00fd v\u0161em, jejich\u017e \u017eivot vyhasl na silnic\u00edch. Den ob\u011bt\u00ed dopravn\u00edch nehod letos p\u0159ipadl na <a class=\"mh-excerpt-more\" href=\"https:\/\/www.automakersnews.cz\/index.php\/2022\/11\/21\/den-obeti-dopravnich-nehod-letos-390-zemrelych\/\" title=\"Den ob\u011bt\u00ed dopravn\u00edch nehod: letos 390 zem\u0159el\u00fdch\">[&#8230;]<\/a><\/p>\n<\/div>","protected":false},"author":1,"featured_media":563,"comment_status":"open","ping_status":"open","sticky":false,"template":"","format":"standard","meta":{"footnotes":""},"categories":[35],"tags":[],"class_list":["post-4140","post","type-post","status-publish","format-standard","has-post-thumbnail","hentry","category-doprava"],"_links":{"self":[{"href":"https:\/\/www.automakersnews.cz\/index.php\/wp-json\/wp\/v2\/posts\/4140","targetHints":{"allow":["GET"]}}],"collection":[{"href":"https:\/\/www.automakersnews.cz\/index.php\/wp-json\/wp\/v2\/posts"}],"about":[{"href":"https:\/\/www.automakersnews.cz\/index.php\/wp-json\/wp\/v2\/types\/post"}],"author":[{"embeddable":true,"href":"https:\/\/www.automakersnews.cz\/index.php\/wp-json\/wp\/v2\/users\/1"}],"replies":[{"embeddable":true,"href":"https:\/\/www.automakersnews.cz\/index.php\/wp-json\/wp\/v2\/comments?post=4140"}],"version-history":[{"count":0,"href":"https:\/\/www.automakersnews.cz\/index.php\/wp-json\/wp\/v2\/posts\/4140\/revisions"}],"wp:featuredmedia":[{"embeddable":true,"href":"https:\/\/www.automakersnews.cz\/index.php\/wp-json\/wp\/v2\/media\/563"}],"wp:attachment":[{"href":"https:\/\/www.automakersnews.cz\/index.php\/wp-json\/wp\/v2\/media?parent=4140"}],"wp:term":[{"taxonomy":"category","embeddable":true,"href":"https:\/\/www.automakersnews.cz\/index.php\/wp-json\/wp\/v2\/categories?post=4140"},{"taxonomy":"post_tag","embeddable":true,"href":"https:\/\/www.automakersnews.cz\/index.php\/wp-json\/wp\/v2\/tags?post=4140"}],"curies":[{"name":"wp","href":"https:\/\/api.w.org\/{rel}","templated":true}]}}