{"id":4143,"date":"2022-11-21T09:58:40","date_gmt":"2022-11-21T09:58:40","guid":{"rendered":"https:\/\/www.automakersnews.cz\/?p=4143"},"modified":"2022-11-21T09:58:40","modified_gmt":"2022-11-21T09:58:40","slug":"ctk-chysta-volbu-noveho-reditele","status":"publish","type":"post","link":"https:\/\/www.automakersnews.cz\/index.php\/2022\/11\/21\/ctk-chysta-volbu-noveho-reditele\/","title":{"rendered":"\u010cTK chyst\u00e1 volbu nov\u00e9ho \u0159editele"},"content":{"rendered":"<p><strong>Rada \u010cTK bude p\u0159\u00ed\u0161t\u00ed rok vyb\u00edrat nov\u00e9ho \u0159editele \u010di \u0159editelku ve\u0159ejnopr\u00e1vn\u00ed zpravodajsk\u00e9 agentury. Harmonogram p\u0159ipravila m\u00edstop\u0159edsedkyn\u011b Jaroslava Wenigerov\u00e1. <\/strong><!--more--><\/p>\n<p>Eventu\u00e1ln\u00ed nov\u00fd \u0159editel \u010di \u0159editelka by podle n\u00ed m\u011bli m\u00edt \u010das se s\u00a0nov\u00fdm prost\u0159ed\u00edm sezn\u00e1mit. \u201eA aby i\u00a0st\u00e1vaj\u00edc\u00ed gener\u00e1ln\u00ed \u0159editel mohl b\u00fdt v\u00a0t\u00e9 v\u011bci n\u00e1pomocen,\u201c \u0159ekla. Gener\u00e1ln\u00edm \u0159editelem \u010cTK je\u00a0<strong>Ji\u0159\u00ed Majstr<\/strong>, jeho aktu\u00e1ln\u00ed, \u0161estilet\u00fd mand\u00e1t kon\u010d\u00ed 10. \u010dervna 2023. \u0158editelem \u010cTK je Majstr\u00a0<a href=\"https:\/\/www.mediar.cz\/novy-sef-ctk-jiri-majstr-zvolen-jednomyslne-rada-ho-jmenovala-k-10-cervnu\/\">od roku 2011<\/a>, na druh\u00e9 funk\u010dn\u00ed obdob\u00ed\u00a0<a href=\"https:\/\/www.ctk.cz\/novinky\/?id=2614\">byl zvolen v\u00a0roce 2017<\/a>.<\/p>\n<p>O dal\u0161\u00ed mand\u00e1t se uch\u00e1zet nehodl\u00e1. \u201eNebudu kandidovat. Ozn\u00e1mil jsem to ostatn\u011b u\u017e p\u0159i p\u0159edchoz\u00ed volb\u011b v\u00a0roce 2017,\u201c sd\u011blil dnes\u00a0<em><strong>M\u00e9di\u00e1\u0159i<\/strong><\/em>.<\/p>\n<p>\u201eP\u0159edpokl\u00e1d\u00e1m, \u017ee p\u016fjdeme standardn\u011b cestou v\u00fdb\u011brov\u00e9ho \u0159\u00edzen\u00ed,\u201c \u0159ekla Wenigerov\u00e1 k\u00a0form\u011b v\u00fdb\u011bru nov\u00e9ho \u0161\u00e9fa \u010di \u0161\u00e9fky agentury. O\u00a0form\u011b v\u00fdb\u011bru a\u00a0term\u00ednech postupu by m\u011bli radn\u00ed rozhodnout na sv\u00e9 dal\u0161\u00ed sch\u016fzi, kterou stanovili na 12. prosince. \u201eJe to postaveno tak, \u017ee na ka\u017ed\u00e9m jedn\u00e1n\u00ed rady od prosince se schvaluje ur\u010dit\u00fd krok,\u201c dodala m\u00edstop\u0159edsedkyn\u011b k\u00a0pl\u00e1nu.<\/p>\n<p>Na prosincov\u00e9 sch\u016fzi Rady \u010cTK by se m\u011bl schvalovat i\u00a0rozpo\u010det agentury na dal\u0161\u00ed rok. Gener\u00e1ln\u00ed \u0159editel Majstr u\u017e\u00a0<a href=\"https:\/\/www.ctk.cz\/o_ctk\/rada_ctk\/video\/index.php?id=3493\">na \u0159\u00edjnov\u00e9m zased\u00e1n\u00ed radn\u00edch<\/a>\u00a0avizoval, \u017ee na p\u0159\u00ed\u0161t\u00ed rok 2023 ziskov\u00fd rozpo\u010det nep\u0159edpokl\u00e1d\u00e1. Z\u00a0jeho dne\u0161n\u00edch slov vyplynulo, \u017ee nap\u0159\u00edklad n\u00e1klady na odb\u011br plynu se zv\u00fd\u0161\u00ed n\u011bkolikan\u00e1sobn\u011b. \u201eSestavovat rozpo\u010det je t\u011b\u017ek\u00e9, proto\u017ee samoz\u0159ejm\u011b v\u00fdnosy tak rychle neporostou,\u201c p\u0159edeslal.<\/p>\n<p>Dne\u0161n\u00edho jedn\u00e1n\u00ed Rady \u010cTK se \u00fa\u010dastnilo \u0161est z\u00a0jej\u00edch sedmi \u010dlen\u016f. Omluvil se\u00a0<strong>Pavel Folt\u00e1n<\/strong>. Ten je\u00a0<a href=\"https:\/\/www.ctk.cz\/o_ctk\/rada_ctk\/usneseni\/?id=3490\">podle doch\u00e1zky<\/a>\u00a0v\u00a0rad\u011b za posledn\u00ed rok nejv\u011bt\u0161\u00edm absent\u00e9rem, z\u00e1rove\u0148\u00a0<a href=\"https:\/\/www.mediar.cz\/radni-foltan-je-pripraven-zalovat-ctk-kvuli-proplaceni-cestovneho\/\">se s\u00a0n\u00ed dlouhodob\u011b p\u0159e o\u00a0n\u00e1hradu cestovn\u00edch v\u00fddaj\u016f<\/a>. \u201eJe dnes od 13 hodin na soudu s\u00a0\u010cTK kv\u016fli cestovn\u00e9mu,\u201c\u00a0<a href=\"https:\/\/twitter.com\/davsoukup\/status\/1592849695579463683\">informoval<\/a>\u00a0p\u0159edseda rady\u00a0<strong>David Soukup<\/strong>. Folt\u00e1n\u00a0<a href=\"https:\/\/www.mediar.cz\/radni-foltan-zaluje-ctk-kvuli-cestovnemu\/\">v\u00a0\u017ealob\u011b na \u010cTK<\/a>\u00a0po\u017eaduje zp\u011btn\u00e9 proplacen\u00ed cestovn\u00e9ho na sch\u016fze rady za obdob\u00ed\u00a0<a href=\"https:\/\/www.mediar.cz\/foltan-dalsim-novym-muzem-ano-v-rade-ctk\/\">od sv\u00e9ho zvolen\u00ed do Rady \u010cTK<\/a>\u00a0v\u00a0b\u0159eznu 2018 do konce roku 2019, celkem jde o\u00a0\u010d\u00e1stku\u00a047.517 K\u010d.<\/p>\n","protected":false},"excerpt":{"rendered":"<div class=\"mh-excerpt\"><p>Rada \u010cTK bude p\u0159\u00ed\u0161t\u00ed rok vyb\u00edrat nov\u00e9ho \u0159editele \u010di \u0159editelku ve\u0159ejnopr\u00e1vn\u00ed zpravodajsk\u00e9 agentury. Harmonogram p\u0159ipravila m\u00edstop\u0159edsedkyn\u011b Jaroslava Wenigerov\u00e1.<\/p>\n<\/div>","protected":false},"author":1,"featured_media":4144,"comment_status":"open","ping_status":"open","sticky":false,"template":"","format":"standard","meta":{"footnotes":""},"categories":[27],"tags":[],"class_list":["post-4143","post","type-post","status-publish","format-standard","has-post-thumbnail","hentry","category-media"],"_links":{"self":[{"href":"https:\/\/www.automakersnews.cz\/index.php\/wp-json\/wp\/v2\/posts\/4143","targetHints":{"allow":["GET"]}}],"collection":[{"href":"https:\/\/www.automakersnews.cz\/index.php\/wp-json\/wp\/v2\/posts"}],"about":[{"href":"https:\/\/www.automakersnews.cz\/index.php\/wp-json\/wp\/v2\/types\/post"}],"author":[{"embeddable":true,"href":"https:\/\/www.automakersnews.cz\/index.php\/wp-json\/wp\/v2\/users\/1"}],"replies":[{"embeddable":true,"href":"https:\/\/www.automakersnews.cz\/index.php\/wp-json\/wp\/v2\/comments?post=4143"}],"version-history":[{"count":0,"href":"https:\/\/www.automakersnews.cz\/index.php\/wp-json\/wp\/v2\/posts\/4143\/revisions"}],"wp:featuredmedia":[{"embeddable":true,"href":"https:\/\/www.automakersnews.cz\/index.php\/wp-json\/wp\/v2\/media\/4144"}],"wp:attachment":[{"href":"https:\/\/www.automakersnews.cz\/index.php\/wp-json\/wp\/v2\/media?parent=4143"}],"wp:term":[{"taxonomy":"category","embeddable":true,"href":"https:\/\/www.automakersnews.cz\/index.php\/wp-json\/wp\/v2\/categories?post=4143"},{"taxonomy":"post_tag","embeddable":true,"href":"https:\/\/www.automakersnews.cz\/index.php\/wp-json\/wp\/v2\/tags?post=4143"}],"curies":[{"name":"wp","href":"https:\/\/api.w.org\/{rel}","templated":true}]}}