{"id":41628,"date":"2023-04-25T13:03:09","date_gmt":"2023-04-25T13:03:09","guid":{"rendered":"https:\/\/www.automakersnews.cz\/?p=41628"},"modified":"2023-04-25T13:03:09","modified_gmt":"2023-04-25T13:03:09","slug":"eu-zpoplatni-emise-z-vytapeni-a-dopravy","status":"publish","type":"post","link":"https:\/\/www.automakersnews.cz\/index.php\/2023\/04\/25\/eu-zpoplatni-emise-z-vytapeni-a-dopravy\/","title":{"rendered":"EU zpoplatn\u00ed emise z vyt\u00e1p\u011bn\u00ed a dopravy"},"content":{"rendered":"<p class=\"c_dp g_fq\" data-dot=\"ogm-article-perex\"><strong>St\u00e1ty Evropsk\u00e9 unie v\u00a0\u00fater\u00fd dopoledne schv\u00e1lily bal\u00edk reforem t\u00fdkaj\u00edc\u00ed se klimatick\u00fdch norem. Zem\u011b unijn\u00ed sedmadvac\u00edtky odhlasovaly zpoplatn\u011bn\u00ed emis\u00ed z\u00a0vyt\u00e1p\u011bn\u00ed budov a\u00a0silni\u010dn\u00ed dopravy od roku 2027\u00a0a\u00a0konec bezplatn\u00fdch povolenek v\u00a0roce 2034.<\/strong><!--more--><\/p>\n<div class=\"g_fr\">\n<div class=\"ogm-main-media__container\" data-dot=\"ogm-main-media\" data-e2e=\"ogm-main-media\">\n<figure class=\"e_bq\" aria-label=\"Galerie Ilustra\u010dn\u00ed sn\u00edmek\" data-dot=\"mol-figure\" data-dot-data=\"{&quot;mediaItemType&quot;:&quot;foto&quot;}\">\n<div class=\"c_aJ e_br\">\n<div class=\"c_aK\" tabindex=\"0\"><\/div>\n<\/div>\n<\/figure>\n<\/div>\n<\/div>\n<div class=\"ogm-container _6231b388c0086990921bf42b\">\n<div class=\"g_fx\" data-e2e=\"ogm-article-layout\">\n<article class=\"g_fz\" role=\"article\" aria-labelledby=\"accessibility-article\">\n<p class=\"c_dp g_fq\" data-dot=\"ogm-article-perex\">St\u00e1ty Evropsk\u00e9 unie v\u00a0\u00fater\u00fd dopoledne schv\u00e1lily bal\u00edk reforem t\u00fdkaj\u00edc\u00ed se klimatick\u00fdch norem. Zem\u011b unijn\u00ed sedmadvac\u00edtky odhlasovaly zpoplatn\u011bn\u00ed emis\u00ed z\u00a0vyt\u00e1p\u011bn\u00ed budov a\u00a0silni\u010dn\u00ed dopravy od roku 2027\u00a0a\u00a0konec bezplatn\u00fdch povolenek v\u00a0roce 2034.<\/p>\n<div class=\"g_fr\">\n<div class=\"ogm-main-media__container\" data-dot=\"ogm-main-media\" data-e2e=\"ogm-main-media\">\n<figure class=\"e_bq\" aria-label=\"Galerie Ilustra\u010dn\u00ed sn\u00edmek\" data-dot=\"mol-figure\" data-dot-data=\"{&quot;mediaItemType&quot;:&quot;foto&quot;}\">\n<div class=\"c_aJ e_br\">\n<div class=\"c_aK\" tabindex=\"0\"><\/div>\n<\/div>\n<\/figure>\n<\/div>\n<\/div>\n<div class=\"ogm-container _6231b388c0086990921bf42b\">\n<div class=\"g_fx\" data-e2e=\"ogm-article-layout\">\n<article class=\"g_fz\" role=\"article\" aria-labelledby=\"accessibility-article\">\n<h6 id=\"accessibility-article\" class=\"c_aE c_aI\"><span style=\"font-size: 16px;\"><strong>EU rovn\u011b\u017e zavede takzvan\u00e9 uhl\u00edkov\u00e9 clo a vytvo\u0159\u00ed soci\u00e1ln\u00ed klimatick\u00fd fond, kter\u00fd m\u00e1 mimo jin\u00e9 pomoci zm\u00edrnit dopady o\u010dek\u00e1van\u00e9ho zdra\u017een\u00ed tepla pro dom\u00e1cnosti<\/strong>.<\/span><\/h6>\n<div class=\"g_fy\" data-dot=\"ogm-article-content\">\n<div class=\"e_dj e_dv\">\n<div class=\"e_dp\" data-dot=\"mol-paragraph\">\n<p class=\"c_dp\"><span class=\"c_dH\">Evrop\u0161t\u00ed poslanci se na norm\u011b dohodli u\u017e minul\u00fd t\u00fdden, nov\u00e1 pravidla tak nyn\u00ed mohou definitivn\u011b vstoupit v\u00a0platnost.<\/span><\/p>\n<\/div>\n<div class=\"e_dp\" data-dot=\"mol-paragraph\"><\/div>\n<div class=\"e_dp\" data-dot=\"mol-paragraph\">\n<p class=\"c_dp\"><strong>Povolenky se dosud vztahovaly na pr\u016fmysl<\/strong><\/p>\n<\/div>\n<div class=\"e_dp\" data-dot=\"mol-paragraph\">\n<p class=\"c_dp\"><span class=\"c_dH\">Cena jedn\u00e9 emisn\u00ed povolenky se v\u00a0\u00fanoru vy\u0161plhala k\u00a0hranici 100\u00a0eur (2\u00a0350\u00a0K\u010d). V\u00a0prvn\u00ed polovin\u011b dubna se pohybovala kolem 95\u00a0eur a\u00a0a\u017e v\u00a0posledn\u00edch dnech jej\u00ed cena spadla pod 90\u00a0eur. Emisn\u00ed povolenky si v\u00a0sou\u010dasnosti kupuj\u00ed uheln\u00e9 elektr\u00e1rny, ocel\u00e1rny, cement\u00e1rny a\u00a0dal\u0161\u00ed pr\u016fmyslov\u00e9 podniky v\u010detn\u011b nap\u0159\u00edklad cukrovar\u016f.<\/span><\/p>\n<p><strong>Zdroj: novinky.cz<\/strong><\/p>\n<\/div>\n<\/div>\n<\/div>\n<\/article>\n<\/div>\n<\/div>\n<\/article>\n<\/div>\n<\/div>\n","protected":false},"excerpt":{"rendered":"<div class=\"mh-excerpt\"><p>St\u00e1ty Evropsk\u00e9 unie v\u00a0\u00fater\u00fd dopoledne schv\u00e1lily bal\u00edk reforem t\u00fdkaj\u00edc\u00ed se klimatick\u00fdch norem. Zem\u011b unijn\u00ed sedmadvac\u00edtky odhlasovaly zpoplatn\u011bn\u00ed emis\u00ed z\u00a0vyt\u00e1p\u011bn\u00ed budov a\u00a0silni\u010dn\u00ed dopravy od roku 2027\u00a0a\u00a0konec <a class=\"mh-excerpt-more\" href=\"https:\/\/www.automakersnews.cz\/index.php\/2023\/04\/25\/eu-zpoplatni-emise-z-vytapeni-a-dopravy\/\" title=\"EU zpoplatn\u00ed emise z vyt\u00e1p\u011bn\u00ed a dopravy\">[&#8230;]<\/a><\/p>\n<\/div>","protected":false},"author":1,"featured_media":715,"comment_status":"open","ping_status":"open","sticky":false,"template":"","format":"standard","meta":{"footnotes":""},"categories":[21,2],"tags":[],"class_list":["post-41628","post","type-post","status-publish","format-standard","has-post-thumbnail","hentry","category-legislativa","category-news"],"_links":{"self":[{"href":"https:\/\/www.automakersnews.cz\/index.php\/wp-json\/wp\/v2\/posts\/41628","targetHints":{"allow":["GET"]}}],"collection":[{"href":"https:\/\/www.automakersnews.cz\/index.php\/wp-json\/wp\/v2\/posts"}],"about":[{"href":"https:\/\/www.automakersnews.cz\/index.php\/wp-json\/wp\/v2\/types\/post"}],"author":[{"embeddable":true,"href":"https:\/\/www.automakersnews.cz\/index.php\/wp-json\/wp\/v2\/users\/1"}],"replies":[{"embeddable":true,"href":"https:\/\/www.automakersnews.cz\/index.php\/wp-json\/wp\/v2\/comments?post=41628"}],"version-history":[{"count":0,"href":"https:\/\/www.automakersnews.cz\/index.php\/wp-json\/wp\/v2\/posts\/41628\/revisions"}],"wp:featuredmedia":[{"embeddable":true,"href":"https:\/\/www.automakersnews.cz\/index.php\/wp-json\/wp\/v2\/media\/715"}],"wp:attachment":[{"href":"https:\/\/www.automakersnews.cz\/index.php\/wp-json\/wp\/v2\/media?parent=41628"}],"wp:term":[{"taxonomy":"category","embeddable":true,"href":"https:\/\/www.automakersnews.cz\/index.php\/wp-json\/wp\/v2\/categories?post=41628"},{"taxonomy":"post_tag","embeddable":true,"href":"https:\/\/www.automakersnews.cz\/index.php\/wp-json\/wp\/v2\/tags?post=41628"}],"curies":[{"name":"wp","href":"https:\/\/api.w.org\/{rel}","templated":true}]}}