{"id":41659,"date":"2023-04-25T14:14:47","date_gmt":"2023-04-25T14:14:47","guid":{"rendered":"https:\/\/www.automakersnews.cz\/?p=41659"},"modified":"2023-04-25T14:25:12","modified_gmt":"2023-04-25T14:25:12","slug":"das-weltauto-pridava-dve-pobocky-na-morave","status":"publish","type":"post","link":"https:\/\/www.automakersnews.cz\/index.php\/2023\/04\/25\/das-weltauto-pridava-dve-pobocky-na-morave\/","title":{"rendered":"Das WeltAuto p\u0159id\u00e1v\u00e1 dv\u011b pobo\u010dky na Morav\u011b"},"content":{"rendered":"<p><strong>Zna\u010dka Das WeltAuto otev\u00edr\u00e1 dv\u011b nov\u00e9 pobo\u010dky na Morav\u011b: v L\u00edp\u011b u Zl\u00edna u spole\u010dnosti Auto Dolansk\u00fd, v Prost\u011bjov\u011b u prodejce PV Auto. Expanzi komentuje \u0161\u00e9f programu v Porsche \u010cR Martin Kade\u010dka.<\/strong><!--more--><\/p>\n<p>\u201eJsem velmi r\u00e1d, \u017ee se n\u00e1m da\u0159\u00ed b\u00fdt na\u0161im z\u00e1kazn\u00edk\u016fm bl\u00ed\u017e,\u201c \u0159\u00edk\u00e1 Martin Kade\u010dka, vedouc\u00ed divize Das WeltAuto.<\/p>\n<p>\u201eRoz\u0161\u00ed\u0159en\u00edm prodejn\u00ed s\u00edt\u011b na Morav\u011b p\u0159ekra\u010dujeme pomyslnou pades\u00e1tku partner\u016f a m\u00ed\u0159\u00edme v\u00fd\u0161. Nejde ale jen o po\u010det, ale tak\u00e9 kvalitu samotn\u00fdch prodejn\u00edch m\u00edst, kde klademe velk\u00fd d\u016fraz na z\u00e1kaznick\u00fd komfort \u2013 sna\u017e\u00edme se otev\u00edrat \u010d\u00edm d\u00e1l v\u00edc uzav\u0159en\u00fdch showroom\u016f, kde si z\u00e1kazn\u00edk m\u016f\u017ee v\u00a0p\u0159\u00edjemn\u00e9m prost\u0159ed\u00ed vybrat sv\u016fj z\u00e1novn\u00ed automobil,\u201c dod\u00e1v\u00e1 Kade\u010dka.<\/p>\n<p>Firma Auto Dolansk\u00fd je progresivn\u00edm prodejcem a servisem zna\u010dek SEAT a CUPRA. Tato spole\u010dnost byla prvn\u00ed, kter\u00e1 v\u00a0\u010cR otev\u0159ela nov\u00fd koncept CUPRA Garage.<\/p>\n<p>\u201eV\u011b\u0159\u00edm, \u017ee s\u00a0podobn\u00fdm nad\u0161en\u00edm, jako p\u0159i aktivaci zna\u010dky CUPRA, bude t\u00fdm Auto Dolansk\u00fd p\u0159istupovat tak\u00e9 k\u00a0prodeji ojet\u00fdch voz\u016f programu Das WeltAuto,\u201c vkl\u00e1d\u00e1 do nov\u00e9ho prodejce nad\u011bje Martin Kade\u010dka. U Auto Dolansk\u00fd preferuj\u00ed nad\u0161en\u00ed pro v\u011bc a osobn\u00ed p\u0159\u00edstup ke ka\u017ed\u00e9mu z\u00e1kazn\u00edkovi, modern\u00ed z\u00e1zem\u00ed jim v\u00a0tom bude p\u0159\u00ednosem.<\/p>\n<p>Sedmdes\u00e1t kilometr\u016f severoz\u00e1padn\u00edm sm\u011brem od L\u00edpy se nach\u00e1z\u00ed dal\u0161\u00ed nov\u00e1 pobo\u010dka zna\u010dky Das WeltAuto:<\/p>\n<p>PV Auto Prost\u011bjov. P\u0159\u00edmo u d\u00e1lnice spojuj\u00edc\u00ed Brno s\u00a0Olomouc\u00ed se nach\u00e1z\u00ed tradi\u010dn\u00ed m\u00edstn\u00ed prodejce s\u00a0dlouholet\u00fdmi zku\u0161enostmi s\u00a0prodejem a servisem voz\u016f \u0160KODA \u010di servisem zna\u010dek Volkswagen a SEAT. Nyn\u00ed se PV Auto rozhodl sv\u00e9 portfolio slu\u017eeb roz\u0161\u00ed\u0159it tak\u00e9 o Das WeltAuto.<\/p>\n<p>\u201eR\u00e1di se spojujeme s\u00a0tradi\u010dn\u00edmi hr\u00e1\u010di na poli prodeje voz\u016f, proto\u017ee maj\u00ed perfektn\u00ed znalost produktu a na\u0161im z\u00e1kazn\u00edk\u016fm dok\u00e1\u017eou p\u0159i prodeji ojetin nab\u00eddnout podobn\u00fd servis jako by jim prod\u00e1vali nov\u00fd v\u016fz. Zejm\u00e9na orientace ve vozech zna\u010dek koncernu Volkswagen a autorizovan\u00fd servis pod jednou st\u0159echou vytv\u00e1\u0159\u00ed onu konkuren\u010dn\u00ed v\u00fdhodu, kterou na\u0161i z\u00e1kazn\u00edci oce\u0148uj\u00ed,\u201c vysv\u011btluje Martin Kade\u010dka benefity programu Das WeltAuto.<\/p>\n<p><strong>Zdroj: AC&amp;C, Libor Hlisnikovsk\u00fd<\/strong><\/p>\n<figure id=\"attachment_41662\" aria-describedby=\"caption-attachment-41662\" style=\"width: 1024px\" class=\"wp-caption alignnone\"><img loading=\"lazy\" decoding=\"async\" class=\"size-large wp-image-41662\" src=\"http:\/\/www.automakersnews.cz\/wp-content\/uploads\/2023\/04\/PV-Auto-DWA-1024x652.jpg\" alt=\"\" width=\"1024\" height=\"652\" \/><figcaption id=\"caption-attachment-41662\" class=\"wp-caption-text\">DWA PV Auto<\/figcaption><\/figure>\n","protected":false},"excerpt":{"rendered":"<div class=\"mh-excerpt\"><p>Zna\u010dka Das WeltAuto otev\u00edr\u00e1 dv\u011b nov\u00e9 pobo\u010dky na Morav\u011b: v L\u00edp\u011b u Zl\u00edna u spole\u010dnosti Auto Dolansk\u00fd, v Prost\u011bjov\u011b u prodejce PV Auto. Expanzi komentuje <a class=\"mh-excerpt-more\" href=\"https:\/\/www.automakersnews.cz\/index.php\/2023\/04\/25\/das-weltauto-pridava-dve-pobocky-na-morave\/\" title=\"Das WeltAuto p\u0159id\u00e1v\u00e1 dv\u011b pobo\u010dky na Morav\u011b\">[&#8230;]<\/a><\/p>\n<\/div>","protected":false},"author":1,"featured_media":41661,"comment_status":"open","ping_status":"open","sticky":false,"template":"","format":"standard","meta":{"footnotes":""},"categories":[40,2],"tags":[],"class_list":["post-41659","post","type-post","status-publish","format-standard","has-post-thumbnail","hentry","category-bazary","category-news"],"_links":{"self":[{"href":"https:\/\/www.automakersnews.cz\/index.php\/wp-json\/wp\/v2\/posts\/41659","targetHints":{"allow":["GET"]}}],"collection":[{"href":"https:\/\/www.automakersnews.cz\/index.php\/wp-json\/wp\/v2\/posts"}],"about":[{"href":"https:\/\/www.automakersnews.cz\/index.php\/wp-json\/wp\/v2\/types\/post"}],"author":[{"embeddable":true,"href":"https:\/\/www.automakersnews.cz\/index.php\/wp-json\/wp\/v2\/users\/1"}],"replies":[{"embeddable":true,"href":"https:\/\/www.automakersnews.cz\/index.php\/wp-json\/wp\/v2\/comments?post=41659"}],"version-history":[{"count":0,"href":"https:\/\/www.automakersnews.cz\/index.php\/wp-json\/wp\/v2\/posts\/41659\/revisions"}],"wp:featuredmedia":[{"embeddable":true,"href":"https:\/\/www.automakersnews.cz\/index.php\/wp-json\/wp\/v2\/media\/41661"}],"wp:attachment":[{"href":"https:\/\/www.automakersnews.cz\/index.php\/wp-json\/wp\/v2\/media?parent=41659"}],"wp:term":[{"taxonomy":"category","embeddable":true,"href":"https:\/\/www.automakersnews.cz\/index.php\/wp-json\/wp\/v2\/categories?post=41659"},{"taxonomy":"post_tag","embeddable":true,"href":"https:\/\/www.automakersnews.cz\/index.php\/wp-json\/wp\/v2\/tags?post=41659"}],"curies":[{"name":"wp","href":"https:\/\/api.w.org\/{rel}","templated":true}]}}