{"id":4175,"date":"2022-11-21T10:40:04","date_gmt":"2022-11-21T10:40:04","guid":{"rendered":"https:\/\/www.automakersnews.cz\/?p=4175"},"modified":"2022-11-21T13:25:17","modified_gmt":"2022-11-21T13:25:17","slug":"vratislav-kulhanek-oslavil-79-let","status":"publish","type":"post","link":"https:\/\/www.automakersnews.cz\/index.php\/2022\/11\/21\/vratislav-kulhanek-oslavil-79-let\/","title":{"rendered":"Vratislav Kulh\u00e1nek oslavil 79 let"},"content":{"rendered":"<p><strong>B\u00fdval\u00fd p\u0159edseda p\u0159edstavenstva \u0160kody Auto a \u0161\u00e9f \u010desk\u00e9ho hokeje Vratislav Kulh\u00e1nek oslavil 20. listopadu 79 let. Svoji \u017eivotn\u00ed pou\u0165 ned\u00e1vno shrnul v knize &#8222;Cestou na hrad&#8220;.<\/strong><!--more--><\/p>\n<p>N\u011bkdej\u0161\u00ed mana\u017eer a prezidentsk\u00fd kandid\u00e1t p\u016fsobil od roku 1992 jako v\u00fdkonn\u00fd \u0159editel Robert Bosch \u010cesk\u00e9 Bud\u011bjovice, zt\u00e9to pozice v roce 1997 p\u0159e\u0161el do \u0160kodovky a stal se zde p\u0159edsedou p\u0159edstavenstva.<\/p>\n<p>Od roku 1997 do roku 2007 tak\u00e9 p\u016fsobil jako prezident AutoSAP a t\u00e9\u017e jako viceprezident Svazu pr\u016fmyslu a dopravy.<\/p>\n<p>Roku 2001 se stal p\u0159edsedou dozor\u010d\u00ed rady spole\u010dnosti Akuma. P\u016fsobil t\u00e9\u017e v managementu bazaru AAA Auto.<\/p>\n<p>Kulh\u00e1nek p\u0159ed 4 lety kandidoval na prezidenta republiky za stranu Ob\u010dansk\u00e1 demokratick\u00e1 aliance (ODA), za n\u00ed\u017e stoj\u00ed podnikatel Pavel Sehnal.<\/p>\n","protected":false},"excerpt":{"rendered":"<div class=\"mh-excerpt\"><p>B\u00fdval\u00fd p\u0159edseda p\u0159edstavenstva \u0160kody Auto a \u0161\u00e9f \u010desk\u00e9ho hokeje Vratislav Kulh\u00e1nek oslavil 20. listopadu 79 let. Svoji \u017eivotn\u00ed pou\u0165 ned\u00e1vno shrnul v knize &#8222;Cestou na <a class=\"mh-excerpt-more\" href=\"https:\/\/www.automakersnews.cz\/index.php\/2022\/11\/21\/vratislav-kulhanek-oslavil-79-let\/\" title=\"Vratislav Kulh\u00e1nek oslavil 79 let\">[&#8230;]<\/a><\/p>\n<\/div>","protected":false},"author":1,"featured_media":4177,"comment_status":"open","ping_status":"open","sticky":false,"template":"","format":"standard","meta":{"footnotes":""},"categories":[3,23],"tags":[],"class_list":["post-4175","post","type-post","status-publish","format-standard","has-post-thumbnail","hentry","category-personalie","category-vyroci"],"_links":{"self":[{"href":"https:\/\/www.automakersnews.cz\/index.php\/wp-json\/wp\/v2\/posts\/4175","targetHints":{"allow":["GET"]}}],"collection":[{"href":"https:\/\/www.automakersnews.cz\/index.php\/wp-json\/wp\/v2\/posts"}],"about":[{"href":"https:\/\/www.automakersnews.cz\/index.php\/wp-json\/wp\/v2\/types\/post"}],"author":[{"embeddable":true,"href":"https:\/\/www.automakersnews.cz\/index.php\/wp-json\/wp\/v2\/users\/1"}],"replies":[{"embeddable":true,"href":"https:\/\/www.automakersnews.cz\/index.php\/wp-json\/wp\/v2\/comments?post=4175"}],"version-history":[{"count":0,"href":"https:\/\/www.automakersnews.cz\/index.php\/wp-json\/wp\/v2\/posts\/4175\/revisions"}],"wp:featuredmedia":[{"embeddable":true,"href":"https:\/\/www.automakersnews.cz\/index.php\/wp-json\/wp\/v2\/media\/4177"}],"wp:attachment":[{"href":"https:\/\/www.automakersnews.cz\/index.php\/wp-json\/wp\/v2\/media?parent=4175"}],"wp:term":[{"taxonomy":"category","embeddable":true,"href":"https:\/\/www.automakersnews.cz\/index.php\/wp-json\/wp\/v2\/categories?post=4175"},{"taxonomy":"post_tag","embeddable":true,"href":"https:\/\/www.automakersnews.cz\/index.php\/wp-json\/wp\/v2\/tags?post=4175"}],"curies":[{"name":"wp","href":"https:\/\/api.w.org\/{rel}","templated":true}]}}