{"id":41833,"date":"2023-04-26T13:21:02","date_gmt":"2023-04-26T13:21:02","guid":{"rendered":"https:\/\/www.automakersnews.cz\/?p=41833"},"modified":"2023-04-26T13:22:02","modified_gmt":"2023-04-26T13:22:02","slug":"cez-slibil-kupkovi-300-novych-dobijecek","status":"publish","type":"post","link":"https:\/\/www.automakersnews.cz\/index.php\/2023\/04\/26\/cez-slibil-kupkovi-300-novych-dobijecek\/","title":{"rendered":"\u010cEZ sl\u00edbil Kupkovi 300 nov\u00fdch dob\u00edje\u010dek"},"content":{"rendered":"<p><span style=\"font-size: large;\"><strong><span style=\"color: #000000;\"><span style=\"font-family: Times New Roman, serif;\"><span style=\"font-size: medium;\">\u010cesko m\u00e1 letos zhruba t\u0159i tis\u00edcovky dob\u00edjec\u00edch bod\u016f pro elektroauta, z toho p\u011bt stovek provozuje skupina \u010cEZ. Mezi tuzemsk\u00fdmi dodavateli jde o nej\u0161ir\u0161\u00ed s\u00ed\u0165 nab\u00edje\u010dek, kter\u00e1 ale v posledn\u00edch letech za\u010dala kulhat za konkurenc\u00ed. V\u011bt\u0161inu stojan\u016f \u010cEZ toti\u017e p\u0159edstavuj\u00ed star\u0161\u00ed typy o v\u00fdkonu 50 kilowatt\u016f, kde nab\u00edjen\u00ed baterie elektromobilu trv\u00e1 i n\u011bkolik hodin, p\u00ed\u0161e t\u00fdden\u00edk Euro.<\/span><\/span><\/span><\/strong><\/span><!--more--><\/p>\n<p><span style=\"font-size: large;\"><span style=\"color: #000000;\"><span style=\"font-family: Times New Roman, serif;\"><span style=\"font-size: medium;\">Ostatn\u00ed u\u017e k silnic\u00edm a d\u00e1lnic\u00edm za\u010daly s\u00e1zet takzvan\u00e9 hyperchargery s v\u00fdkonem 150 a\u017e 300 kwh, kde motorista ne\u010dek\u00e1 v\u00edce ne\u017e hodinu. To se m\u00e1 nyn\u00ed zm\u011bnit. <\/span><\/span><\/span><\/span><\/p>\n<p><span style=\"color: #000000;\">\u201e<span style=\"font-size: large;\"><span style=\"font-family: Times New Roman, serif;\"><span style=\"font-size: medium;\">V nejbli\u017e\u0161\u00edch dob\u011b chceme p\u0159idat dal\u0161\u00ed t\u0159i stovky v\u00fdkonn\u00fdch nab\u00edje\u010dek. Prvn\u00ed z t\u011bchto hypercharger\u016f m\u016f\u017eou motorist\u00e9 od 21. dubna vyu\u017e\u00edvat v Mlad\u00e9 Boleslavi,\u201c \u0159ekl t\u00fdden\u00edku Euro \u0161\u00e9f \u010cEZ Esco Kamil \u010cerm\u00e1k. <\/span><\/span><\/span><\/span><\/p>\n<p><span style=\"color: #000000;\"><span style=\"font-family: Times New Roman, serif;\"><span style=\"font-size: medium;\">Stojan za \u00fa\u010dasti ministra dopravy Martina Kupky a dal\u0161\u00edch host\u016f spustila v uveden\u00fd den Skupina \u010cEZ na parkovi\u0161ti obchodn\u00edho centra Olympia. \u0158idi\u010d\u016fm je tam k dispozici celkem 7 dob\u00edjec\u00edch stojan\u016f. Nejrychlej\u0161\u00ed z nich o v\u00fdkonu 360 kW um\u00ed sou\u010dasn\u011b dob\u00edjet dv\u011b auta, ka\u017ed\u00e9 v\u00fdkonem 180 kW. Ka\u017ed\u00e1 z ostatn\u00edch stanic m\u00e1 v\u00fdkon 50 kW, je\u0161t\u011b do konce leto\u0161n\u00edho roku v\u0161ak \u010cEZ slibuje dv\u011b z nich vym\u011bnit za ultrarychl\u00e9 stojany o v\u00fdkonu 150 kW. \u010cEZ si vyty\u010dil do roku 2025 dosa\u017een\u00ed hranice 800 provozovan\u00fdch stojan\u016f pro dob\u00edjen\u00ed elektromobil\u016f a zn\u00e1soben\u00ed jejich v\u00fdkonu. Popt\u00e1vku po zkr\u00e1cen\u00ed \u010das\u016f dob\u00edjen\u00ed chce uspokojovat v\u00fdstavbou stanic pro ultrarychl\u00e9 dob\u00edjen\u00ed i roz\u0161i\u0159ov\u00e1n\u00edm po\u010dtu stojan\u016f v tzv. hubech ve vyt\u00ed\u017een\u00fdch lokalit\u00e1ch u hlavn\u00edch tah\u016f a ve m\u011bstech.<\/span><\/span><\/span><\/p>\n<p><img loading=\"lazy\" decoding=\"async\" class=\"alignnone size-large wp-image-41273\" src=\"http:\/\/www.automakersnews.cz\/wp-content\/uploads\/2023\/04\/CEZ-Kupka-Boleslav-1024x768.jpg\" alt=\"\" width=\"1024\" height=\"768\" \/><\/p>\n<p><span style=\"color: #000000;\">\u201e<span style=\"font-family: Times New Roman, serif;\"><span style=\"font-size: medium;\">Cel\u00fd automobilov\u00fd pr\u016fmysl projde velkou transformac\u00ed. Kl\u00ed\u010dovou \u00falohu tohoto odv\u011btv\u00ed \u010desk\u00e9 ekonomiky vn\u00edm\u00e1 i vl\u00e1da a pr\u016fb\u011b\u017en\u011b p\u0159isp\u00edv\u00e1 k co nej\u00fasp\u011b\u0161n\u011bj\u0161\u00edmu pr\u016fb\u011bhu t\u00e9to zm\u011bny. Podporujeme jak kl\u00ed\u010dov\u00fd projekt stavby \u010desk\u00e9 gigafactory tak i r\u016fst ve\u0159ejn\u00fdch dob\u00edjec\u00edch s\u00edt\u00ed. Ministerstvo dopravy dosud podpo\u0159ilo v\u00fdstavbu v\u00edce ne\u017e dvou tis\u00edc dob\u00edjec\u00edch bod\u016f a v p\u0159\u00ed\u0161t\u00edch letech zn\u00e1sob\u00edme investice do nab\u00edjec\u00ed infrastruktury u d\u00e1lnic a ve m\u011bstech a\u017e do v\u00fd\u0161e 6 miliard korun. D\u00edky spr\u00e1v\u011b dota\u010dn\u00edch program\u016f c\u00edlen\u011b podporujeme rozvoj p\u00e1te\u0159n\u00ed i navazuj\u00edc\u00ed infrastruktury a ovliv\u0148ujeme, aby sv\u00fdmi parametry dr\u017eely krok se st\u00e1le v\u00fdkonn\u011bj\u0161\u00edmi a modern\u011bj\u0161\u00edmi elektromobily. Lokality jako tato v Mlad\u00e9 Boleslavi se stanou standardem, samoz\u0159ejmost\u00ed bude dob\u00edjen\u00ed v\u00edce voz\u016f najednou,\u201c p\u0159ipomn\u011bl ministr dopravy Martin Kupka.<\/span><\/span><\/span><\/p>\n<p><span style=\"font-family: Times New Roman, serif;\"><span style=\"font-size: medium;\"><b><span style=\"color: #000000;\">Zdroj: t\u00fdden\u00edk Euro<\/span><\/b><\/span><\/span><\/p>\n","protected":false},"excerpt":{"rendered":"<div class=\"mh-excerpt\"><p>\u010cesko m\u00e1 letos zhruba t\u0159i tis\u00edcovky dob\u00edjec\u00edch bod\u016f pro elektroauta, z toho p\u011bt stovek provozuje skupina \u010cEZ. Mezi tuzemsk\u00fdmi dodavateli jde o nej\u0161ir\u0161\u00ed s\u00ed\u0165 nab\u00edje\u010dek, <a class=\"mh-excerpt-more\" href=\"https:\/\/www.automakersnews.cz\/index.php\/2023\/04\/26\/cez-slibil-kupkovi-300-novych-dobijecek\/\" title=\"\u010cEZ sl\u00edbil Kupkovi 300 nov\u00fdch dob\u00edje\u010dek\">[&#8230;]<\/a><\/p>\n<\/div>","protected":false},"author":1,"featured_media":41922,"comment_status":"open","ping_status":"open","sticky":false,"template":"","format":"standard","meta":{"footnotes":""},"categories":[55,22,2],"tags":[],"class_list":["post-41833","post","type-post","status-publish","format-standard","has-post-thumbnail","hentry","category-alternativni-pohony","category-elektromobily","category-news"],"_links":{"self":[{"href":"https:\/\/www.automakersnews.cz\/index.php\/wp-json\/wp\/v2\/posts\/41833","targetHints":{"allow":["GET"]}}],"collection":[{"href":"https:\/\/www.automakersnews.cz\/index.php\/wp-json\/wp\/v2\/posts"}],"about":[{"href":"https:\/\/www.automakersnews.cz\/index.php\/wp-json\/wp\/v2\/types\/post"}],"author":[{"embeddable":true,"href":"https:\/\/www.automakersnews.cz\/index.php\/wp-json\/wp\/v2\/users\/1"}],"replies":[{"embeddable":true,"href":"https:\/\/www.automakersnews.cz\/index.php\/wp-json\/wp\/v2\/comments?post=41833"}],"version-history":[{"count":0,"href":"https:\/\/www.automakersnews.cz\/index.php\/wp-json\/wp\/v2\/posts\/41833\/revisions"}],"wp:featuredmedia":[{"embeddable":true,"href":"https:\/\/www.automakersnews.cz\/index.php\/wp-json\/wp\/v2\/media\/41922"}],"wp:attachment":[{"href":"https:\/\/www.automakersnews.cz\/index.php\/wp-json\/wp\/v2\/media?parent=41833"}],"wp:term":[{"taxonomy":"category","embeddable":true,"href":"https:\/\/www.automakersnews.cz\/index.php\/wp-json\/wp\/v2\/categories?post=41833"},{"taxonomy":"post_tag","embeddable":true,"href":"https:\/\/www.automakersnews.cz\/index.php\/wp-json\/wp\/v2\/tags?post=41833"}],"curies":[{"name":"wp","href":"https:\/\/api.w.org\/{rel}","templated":true}]}}