{"id":419,"date":"2022-08-25T12:26:00","date_gmt":"2022-08-25T12:26:00","guid":{"rendered":"http:\/\/www.automakersnews.cz\/?p=419"},"modified":"2022-09-18T18:45:14","modified_gmt":"2022-09-18T18:45:14","slug":"dkv-mobility-rozsiruje-sit-o-nabijecky-enermia","status":"publish","type":"post","link":"https:\/\/www.automakersnews.cz\/index.php\/2022\/08\/25\/dkv-mobility-rozsiruje-sit-o-nabijecky-enermia\/","title":{"rendered":"DKV roz\u0161i\u0159uje s\u00ed\u0165 o nab\u00edje\u010dky EnerMia"},"content":{"rendered":"<h3><strong>DKV Mobility, evropsk\u00e1 B2B platforma pro platby a \u0159e\u0161en\u00ed na cest\u00e1ch, roz\u0161i\u0159uje svou evropskou s\u00ed\u0165 nab\u00edjec\u00edch stanic o 110 nab\u00edje\u010dek spole\u010dnosti EnerMia v severn\u00ed It\u00e1lii. EnerMia a dce\u0159in\u00e1 spole\u010dnost DKV Mobility GreenFlux ned\u00e1vno za t\u00edmto \u00fa\u010delem podepsaly dohodu o spolupr\u00e1ci.<\/strong><\/h3>\n<p><!--more--><\/p>\n<h3>\u201eVelmi n\u00e1s t\u011b\u0161\u00ed, \u017ee se na\u0161e s\u00ed\u0165 nab\u00edjec\u00edch stanic neust\u00e1le rozr\u016fst\u00e1,\u201c \u0159\u00edk\u00e1 Sven Mehringer, gener\u00e1ln\u00ed \u0159editel pro energetiku a slu\u017eby pro vozidla ve spole\u010dnosti DKV Mobility. \u201eD\u011bkujeme spole\u010dnosti EnerMia za spolupr\u00e1ci. Znamen\u00e1 v\u00fdrazn\u00e9 roz\u0161\u00ed\u0159en\u00ed po\u010dtu nab\u00edjec\u00edch m\u00edst, kter\u00e1 jsou k dispozici na\u0161im z\u00e1kazn\u00edk\u016fm v severn\u00ed It\u00e1lii.\u201c<\/h3>\n<h3>V\u0161ech sou\u010dasn\u00fdch 310 000 nab\u00edje\u010dek zahrnut\u00fdch do akcepta\u010dn\u00ed s\u00edt\u011b DKV Mobility lze stejn\u011b jako \u010derpac\u00ed stanice pohodln\u011b vyhledat v\u00a0mobiln\u00ed aplikaci. Krom\u011b transparentn\u00edho p\u0159ehledu n\u00e1klad\u016f nab\u00edz\u00ed aplikace integrovan\u00fd pl\u00e1nova\u010d tras, kter\u00fd zohled\u0148uje parametry, jako jsou nap\u0159\u00edklad typ vozidla nebo stav baterie. U\u017eivatel\u00e9 si tak mohou pohodln\u011b napl\u00e1novat cestu a zast\u00e1vky pro dob\u00edjen\u00ed.<\/h3>\n<h3>V r\u00e1mci roz\u0161\u00ed\u0159en\u00ed sv\u00fdch \u0159e\u0161en\u00ed pro z\u00e1sobov\u00e1n\u00ed elektromobil\u016f spravuje spole\u010dnost DKV Mobility ve\u0161kerou nab\u00eddku nab\u00edjen\u00ed prost\u0159ednictv\u00edm sv\u00e9 dce\u0159in\u00e9 spole\u010dnosti GreenFlux. DKV Mobility tuto nizozemskou spole\u010dnost, kter\u00e1 je pova\u017eov\u00e1na za jednoho z p\u0159edn\u00edch evropsk\u00fdch poskytovatel\u016f platformov\u00fdch \u0159e\u0161en\u00ed pro cloudov\u00e9 nab\u00edjen\u00ed elektromobil\u016f, z\u00edskala v \u010dervnu 2021.<\/h3>\n","protected":false},"excerpt":{"rendered":"<div class=\"mh-excerpt\"><p>DKV Mobility, evropsk\u00e1 B2B platforma pro platby a \u0159e\u0161en\u00ed na cest\u00e1ch, roz\u0161i\u0159uje svou evropskou s\u00ed\u0165 nab\u00edjec\u00edch stanic o 110 nab\u00edje\u010dek spole\u010dnosti EnerMia v severn\u00ed It\u00e1lii. <a class=\"mh-excerpt-more\" href=\"https:\/\/www.automakersnews.cz\/index.php\/2022\/08\/25\/dkv-mobility-rozsiruje-sit-o-nabijecky-enermia\/\" title=\"DKV roz\u0161i\u0159uje s\u00ed\u0165 o nab\u00edje\u010dky EnerMia\">[&#8230;]<\/a><\/p>\n<\/div>","protected":false},"author":1,"featured_media":420,"comment_status":"open","ping_status":"open","sticky":false,"template":"","format":"standard","meta":{"footnotes":""},"categories":[22,9],"tags":[],"class_list":["post-419","post","type-post","status-publish","format-standard","has-post-thumbnail","hentry","category-elektromobily","category-investice"],"_links":{"self":[{"href":"https:\/\/www.automakersnews.cz\/index.php\/wp-json\/wp\/v2\/posts\/419","targetHints":{"allow":["GET"]}}],"collection":[{"href":"https:\/\/www.automakersnews.cz\/index.php\/wp-json\/wp\/v2\/posts"}],"about":[{"href":"https:\/\/www.automakersnews.cz\/index.php\/wp-json\/wp\/v2\/types\/post"}],"author":[{"embeddable":true,"href":"https:\/\/www.automakersnews.cz\/index.php\/wp-json\/wp\/v2\/users\/1"}],"replies":[{"embeddable":true,"href":"https:\/\/www.automakersnews.cz\/index.php\/wp-json\/wp\/v2\/comments?post=419"}],"version-history":[{"count":0,"href":"https:\/\/www.automakersnews.cz\/index.php\/wp-json\/wp\/v2\/posts\/419\/revisions"}],"wp:featuredmedia":[{"embeddable":true,"href":"https:\/\/www.automakersnews.cz\/index.php\/wp-json\/wp\/v2\/media\/420"}],"wp:attachment":[{"href":"https:\/\/www.automakersnews.cz\/index.php\/wp-json\/wp\/v2\/media?parent=419"}],"wp:term":[{"taxonomy":"category","embeddable":true,"href":"https:\/\/www.automakersnews.cz\/index.php\/wp-json\/wp\/v2\/categories?post=419"},{"taxonomy":"post_tag","embeddable":true,"href":"https:\/\/www.automakersnews.cz\/index.php\/wp-json\/wp\/v2\/tags?post=419"}],"curies":[{"name":"wp","href":"https:\/\/api.w.org\/{rel}","templated":true}]}}