{"id":4213,"date":"2022-11-21T11:26:52","date_gmt":"2022-11-21T11:26:52","guid":{"rendered":"https:\/\/www.automakersnews.cz\/?p=4213"},"modified":"2022-11-21T11:26:52","modified_gmt":"2022-11-21T11:26:52","slug":"sef-jaguar-land-rover-rezignuje","status":"publish","type":"post","link":"https:\/\/www.automakersnews.cz\/index.php\/2022\/11\/21\/sef-jaguar-land-rover-rezignuje\/","title":{"rendered":"\u0160\u00e9f Jaguar Land Rover rezignuje"},"content":{"rendered":"<p><strong><span class=\"e5id1 advancedHighlight\" data-id=\"0\" data-classic=\"false\">\u0160\u00e9f<\/span>\u00a0britsk\u00e9 automobilky\u00a0<span class=\"e1id6 e4id1 advancedHighlight SearchKeywordHighlight\" data-id=\"1\" data-classic=\"true\">Jaguar<\/span>\u00a0<span class=\"e1id6 e4id1 advancedHighlight\" data-id=\"2\" data-classic=\"false\">Land<\/span>\u00a0<span class=\"e1id6 e4id1 advancedHighlight\" data-id=\"2\" data-classic=\"false\">Rover<\/span>\u00a0<span class=\"e2id0 advancedHighlight\" data-id=\"4\" data-classic=\"false\">Thierry<\/span>\u00a0<span class=\"e2id0 advancedHighlight\" data-id=\"4\" data-classic=\"false\">Bollor\u00e9<\/span> odstoup\u00ed z funkce. Do\u010dasn\u011b ho nahrad\u00ed Adrian Mardell, kter\u00fd je <span class=\"e5id2 advancedHighlight\" data-id=\"6\" data-classic=\"false\">\u010dlenem<\/span> veden\u00ed podniku, ozn\u00e1mila to minul\u00fd t\u00fdden firma, kter\u00e1 provozuje tak\u00e9 tov\u00e1rnu na Slovensku. Jak\u00e9 jsou d\u016fvody rezignace mana\u017eera?<\/strong><!--more--><\/p>\n<p><span class=\"e1id6 e4id1 advancedHighlight SearchKeywordHighlight\" data-id=\"1\" data-classic=\"true\">Jaguar<\/span>\u00a0<span class=\"e1id6 e4id1 advancedHighlight\" data-id=\"2\" data-classic=\"false\">Land<\/span>\u00a0<span class=\"e1id6 e4id1 advancedHighlight\" data-id=\"2\" data-classic=\"false\">Rover<\/span>\u00a0je nejv\u011bt\u0161\u00edm\u00a0<span class=\"e5id3 advancedHighlight\" data-id=\"11\" data-classic=\"false\">v\u00fdrobcem<\/span>\u00a0automobil\u016f v\u00a0<span class=\"e0id0 advancedHighlight\" data-id=\"12\" data-classic=\"false\">Brit\u00e1nii<\/span>, jeho\u00a0<span class=\"e5id4 advancedHighlight\" data-id=\"13\" data-classic=\"false\">majitelem<\/span>\u00a0je indick\u00e1\u00a0<span class=\"e1id3 e4id1 advancedHighlight\" data-id=\"14\" data-classic=\"false\">automobilka<\/span>\u00a0<span class=\"e1id3 e4id1 advancedHighlight\" data-id=\"14\" data-classic=\"false\">Tata<\/span>\u00a0<span class=\"e1id3 e4id1 advancedHighlight\" data-id=\"14\" data-classic=\"false\">Motors<\/span>.<\/p>\n<p>Dev\u011btapades\u00e1tilet\u00fd\u00a0<span class=\"e2id0 advancedHighlight\" data-id=\"4\" data-classic=\"false\">Bollor\u00e9<\/span>\u00a0ve funkci skon\u010d\u00ed 31. prosince. V \u010dele automobilky\u00a0<span class=\"e1id6 e4id1 advancedHighlight SearchKeywordHighlight\" data-id=\"1\" data-classic=\"true\">Jaguar<\/span>\u00a0<span class=\"e1id6 e4id1 advancedHighlight\" data-id=\"2\" data-classic=\"false\">Land<\/span>\u00a0<span class=\"e1id6 e4id1 advancedHighlight\" data-id=\"2\" data-classic=\"false\">Rover<\/span>\u00a0stoj\u00ed od roku 2020, v minulosti byl\u00a0<span class=\"e5id1 advancedHighlight\" data-id=\"0\" data-classic=\"false\">\u0161\u00e9fem<\/span>\u00a0francouzsk\u00e9 automobilky\u00a0<span class=\"e1id1 e4id1 advancedHighlight\" data-id=\"22\" data-classic=\"false\">Renault<\/span>.<\/p>\n<p><span class=\"e2id0 advancedHighlight\" data-id=\"4\" data-classic=\"false\">Bollor\u00e9<\/span>\u00a0m\u011bl za \u00fakol vr\u00e1tit automobilku\u00a0<span class=\"e1id6 e4id1 advancedHighlight SearchKeywordHighlight\" data-id=\"1\" data-classic=\"true\">Jaguar<\/span>\u00a0<span class=\"e1id6 e4id1 advancedHighlight\" data-id=\"2\" data-classic=\"false\">Land<\/span>\u00a0<span class=\"e1id6 e4id1 advancedHighlight\" data-id=\"2\" data-classic=\"false\">Rover<\/span>\u00a0k zisku pot\u00e9, co firmu tvrd\u011b zas\u00e1hly negativn\u00ed hospod\u00e1\u0159sk\u00e9 dopady pandemie covidu-19. Musel \u0159e\u0161it nap\u0159\u00edklad glob\u00e1ln\u00ed nedostatek \u010dip\u016f, kter\u00fd naru\u0161il\u00a0<span class=\"e5id0 advancedHighlight\" data-id=\"27\" data-classic=\"false\">v\u00fdrobu<\/span>\u00a0automobil\u016f po cel\u00e9m sv\u011bt\u011b, uvedla\u00a0<span class=\"e1id2 e4id0 advancedHighlight\" data-id=\"28\" data-classic=\"false\">agentura<\/span>\u00a0<span class=\"e1id2 e4id0 advancedHighlight\" data-id=\"28\" data-classic=\"false\">Reuters<\/span>.<\/p>\n<p>Dal\u0161\u00ed zdroje ale upozornily, \u017ee za rezignac\u00ed m\u016f\u017eou b\u00fdt \u0161patn\u00e9 v\u00fdsledky automobilky, nezvl\u00e1dnut\u00e9 probl\u00e9my s dodavatelsk\u00fdmi \u0159et\u011bzci nebo pomal\u00fd postup elektrifikace vyr\u00e1b\u011bn\u00fdch vozidel.<\/p>\n","protected":false},"excerpt":{"rendered":"<div class=\"mh-excerpt\"><p>\u0160\u00e9f\u00a0britsk\u00e9 automobilky\u00a0Jaguar\u00a0Land\u00a0Rover\u00a0Thierry\u00a0Bollor\u00e9 odstoup\u00ed z funkce. Do\u010dasn\u011b ho nahrad\u00ed Adrian Mardell, kter\u00fd je \u010dlenem veden\u00ed podniku, ozn\u00e1mila to minul\u00fd t\u00fdden firma, kter\u00e1 provozuje tak\u00e9 tov\u00e1rnu na <a class=\"mh-excerpt-more\" href=\"https:\/\/www.automakersnews.cz\/index.php\/2022\/11\/21\/sef-jaguar-land-rover-rezignuje\/\" title=\"\u0160\u00e9f Jaguar Land Rover rezignuje\">[&#8230;]<\/a><\/p>\n<\/div>","protected":false},"author":1,"featured_media":4214,"comment_status":"open","ping_status":"open","sticky":false,"template":"","format":"standard","meta":{"footnotes":""},"categories":[24],"tags":[],"class_list":["post-4213","post","type-post","status-publish","format-standard","has-post-thumbnail","hentry","category-management"],"_links":{"self":[{"href":"https:\/\/www.automakersnews.cz\/index.php\/wp-json\/wp\/v2\/posts\/4213","targetHints":{"allow":["GET"]}}],"collection":[{"href":"https:\/\/www.automakersnews.cz\/index.php\/wp-json\/wp\/v2\/posts"}],"about":[{"href":"https:\/\/www.automakersnews.cz\/index.php\/wp-json\/wp\/v2\/types\/post"}],"author":[{"embeddable":true,"href":"https:\/\/www.automakersnews.cz\/index.php\/wp-json\/wp\/v2\/users\/1"}],"replies":[{"embeddable":true,"href":"https:\/\/www.automakersnews.cz\/index.php\/wp-json\/wp\/v2\/comments?post=4213"}],"version-history":[{"count":0,"href":"https:\/\/www.automakersnews.cz\/index.php\/wp-json\/wp\/v2\/posts\/4213\/revisions"}],"wp:featuredmedia":[{"embeddable":true,"href":"https:\/\/www.automakersnews.cz\/index.php\/wp-json\/wp\/v2\/media\/4214"}],"wp:attachment":[{"href":"https:\/\/www.automakersnews.cz\/index.php\/wp-json\/wp\/v2\/media?parent=4213"}],"wp:term":[{"taxonomy":"category","embeddable":true,"href":"https:\/\/www.automakersnews.cz\/index.php\/wp-json\/wp\/v2\/categories?post=4213"},{"taxonomy":"post_tag","embeddable":true,"href":"https:\/\/www.automakersnews.cz\/index.php\/wp-json\/wp\/v2\/tags?post=4213"}],"curies":[{"name":"wp","href":"https:\/\/api.w.org\/{rel}","templated":true}]}}