{"id":4218,"date":"2022-11-21T11:40:24","date_gmt":"2022-11-21T11:40:24","guid":{"rendered":"https:\/\/www.automakersnews.cz\/?p=4218"},"modified":"2022-11-21T11:40:24","modified_gmt":"2022-11-21T11:40:24","slug":"smucler-predal-seaty-zdravotnikum","status":"publish","type":"post","link":"https:\/\/www.automakersnews.cz\/index.php\/2022\/11\/21\/smucler-predal-seaty-zdravotnikum\/","title":{"rendered":"\u0160mucler p\u0159edal SEATy zdravotn\u00edk\u016fm"},"content":{"rendered":"<p><strong><span style=\"color: #00000a;\"><span style=\"font-family: Seat Bcn, serif;\"><span lang=\"cs-CZ\">SEAT Tarraco vstoupil do slu\u017eeb Zdravotnick\u00e9 z\u00e1chrann\u00e9 slu\u017eby Plze\u0148sk\u00e9ho kraje (ZZS PK) ve speci\u00e1ln\u00ed \u00faprav\u011b jako sanitn\u00ed v\u016fz. Plze\u0148\u0161t\u00ed z\u00e1chran\u00e1\u0159i p\u0159evzali celkem \u0161est voz\u016f 2.0 TDI s pohonem v\u0161ech kol, p\u0159estav\u011bn\u00fdch spole\u010dnost\u00ed Sicar pro pot\u0159eby z\u00e1chrann\u00fdch slu\u017eeb.<\/span><\/span><\/span><\/strong><!--more--><\/p>\n<p><span style=\"color: #00000a;\"><span style=\"font-family: Seat Bcn, serif;\"><span lang=\"cs-CZ\"> Slavnostn\u00ed p\u0159ed\u00e1n\u00ed vozidel SEAT Tarraco prob\u011bhlo ve st\u0159edu 16. listopadu 2022 v Plzni za \u00fa\u010dasti z\u00e1stupc\u016f \u010desk\u00e9ho import\u00e9ra automobil\u016f SEAT a plze\u0148sk\u00e9ho autorizovan\u00e9ho prodejce Autocentrum Jan \u0160mucler.<\/span><\/span><\/span><\/p>\n<p lang=\"en-US\"><span style=\"color: #565656;\"><span style=\"color: #00000a;\">\u201e<span style=\"font-family: Seat Meta Normal Roman, serif;\"><span style=\"font-family: Seat Meta Bold Roman, serif;\"><span style=\"font-size: small;\"><span lang=\"en-US\"><span style=\"font-family: Seat Bcn, serif;\"><span lang=\"cs-CZ\"><b>M\u00e1m velkou radost, \u017ee m\u016f\u017eeme z\u00e1chran\u00e1\u0159\u016fm v Plze\u0148sk\u00e9m kraji poskytnout flotilu z\u00e1sahov\u00fdch voz\u016f, na kter\u00e9 se mohou spolehnout 24 hodin denn\u011b, 7 dn\u016f v\u00a0t\u00fddn\u016f, 365 dn\u016f v\u00a0roce, a to za v\u0161ech mysliteln\u00fdch podm\u00ednek. Skv\u011bl\u00e9 spolupr\u00e1ce s\u00a0Autocentrem \u0160mucler a mo\u017enosti st\u00e1t se sou\u010d\u00e1st\u00ed plze\u0148sk\u00e9 z\u00e1chranky s\u00a0tak kvalitn\u00edm vozem si velmi v\u00e1\u017e\u00edme,\u201c <\/b><\/span><\/span><\/span><\/span><\/span><\/span><span style=\"font-family: Seat Meta Bold Roman, serif;\"><span style=\"font-size: small;\"><span lang=\"en-US\"><span style=\"font-family: Seat Bcn, serif;\"><span lang=\"cs-CZ\">\u0159\u00edk\u00e1 Ale\u0161 Nov\u00e1k, \u0159editel divize SEAT spole\u010dnosti Porsche \u010cesk\u00e1 republika.<\/span><\/span><\/span><\/span><\/span><\/span><\/span><\/p>\n<p lang=\"en-US\"><span style=\"color: #565656;\"><span style=\"color: #00000a;\"> <span style=\"font-family: Seat Meta Bold Roman, serif;\"><span style=\"font-size: small;\"><span lang=\"en-US\"><span style=\"font-family: Seat Bcn, serif;\"><span lang=\"cs-CZ\"><b>\u201eSEAT Tarraco je na\u0161\u00ed vlajkovou lod\u00ed v\u00a0obl\u00edben\u00e9m\u00a0segmentu SUV a d\u00edky sv\u00e9 robustn\u00ed konstrukci s pohonem v\u0161ech kol a vysp\u011blou technikou je skv\u011ble p\u0159ipraven na celoro\u010dn\u00ed ostr\u00fd provoz s\u00a0vysok\u00fdm po\u010dtem ujet\u00fdch kilometr\u016f.\u201c<\/b><\/span><\/span><\/span><\/span><\/span><\/span><\/span><\/p>\n<p lang=\"en-US\"><span style=\"color: #565656;\"><span style=\"color: #00000a;\">\u201e<span style=\"font-family: Seat Meta Normal Roman, serif;\"><span style=\"font-family: Seat Bcn, serif;\"><span lang=\"cs-CZ\"><b>Jsme r\u00e1di, \u017ee jsme se mohli pod\u00edlet na zak\u00e1zce pro Zdravotnickou z\u00e1chrannou slu\u017ebu Plze\u0148sk\u00e9ho kraje. \u0160est voz\u016f SEAT Tarraco je dod\u00e1no ve v\u00fdbav\u011b XPERIENCE s\u00a0dvoulitrov\u00fdm objemem motoru, pohonem v\u0161ech kol a v\u00fdkonem 147 kW. Douf\u00e1m, \u017ee v\u0161echny vozy budou slou\u017eit ke spokojenosti v\u00fdjezdov\u00fdch jednotek,\u201c<\/b><\/span><\/span><\/span><span style=\"font-family: Seat Bcn, serif;\"><span lang=\"cs-CZ\"> dod\u00e1v\u00e1 Miroslav Bl\u00e1ha, jednatel Autocentra \u0160mucler.<\/span><\/span><\/span><\/span><\/p>\n<p lang=\"en-US\"><span style=\"color: #565656;\"><span style=\"font-family: Seat Meta Normal Roman, serif;\"><span style=\"color: #00000a;\"><span style=\"font-family: Seat Bcn, serif;\"><span lang=\"cs-CZ\">Plzen\u0161t\u00ed z\u00e1chran\u00e1\u0159i jsou v \u010cesk\u00e9 republice v\u016fbec prvn\u00edmi u\u017eivateli sanitn\u00edch voz\u016f SEAT Tarraco. \u0160estice t\u011bchto rychl\u00fdch SUV bude slou\u017eit po t\u00e9m\u011b\u0159 cel\u00e9m Plze\u0148sk\u00e9m kraji od Tachovska a ji\u017en\u00edho Plze\u0148ska p\u0159es Plze\u0148 a\u017e po Klatovsko. <\/span><\/span><\/span><\/span><\/span><\/p>\n<p lang=\"en-US\"><span style=\"color: #565656;\"><span style=\"font-family: Seat Meta Normal Roman, serif;\"><span style=\"color: #00000a;\"><span style=\"font-family: Seat Bcn, serif;\"><span lang=\"cs-CZ\">Vzhledem k po\u017eadavk\u016fm na maxim\u00e1ln\u00ed \u00farove\u0148 j\u00edzdn\u00ed dynamiky a bezpe\u010dnosti v n\u00e1ro\u010dn\u00fdch provozn\u00edch podm\u00ednk\u00e1ch byla pro sanitn\u00ed \u00fapravu od spole\u010dnosti vybr\u00e1na verze modelu Tarraco poh\u00e1n\u011bn\u00e1 nejv\u00fdkonn\u011bj\u0161\u00edm vzn\u011btov\u00fdm motorem 2.0 TDI (147 kW\/200 k) ve spojen\u00ed se 7stup\u0148ovou automatickou p\u0159evodovkou DSG a pohonem v\u0161ech kol 4Drive.<\/span><\/span><\/span><\/span><\/span><\/p>\n<p lang=\"en-US\"><span style=\"color: #565656;\"><span style=\"font-family: Seat Meta Normal Roman, serif;\"><span style=\"color: #00000a;\"><span style=\"font-family: Seat Bcn, serif;\"><span lang=\"cs-CZ\">Nov\u00e9 sanitn\u00ed vozy SEAT Tarraco budou nasazov\u00e1ny v\u00a0r\u00e1mci tzv. v\u00edce\u00farov\u0148ov\u00e9ho setk\u00e1vac\u00edho syst\u00e9mu (RV syst\u00e9mu, resp. syst\u00e9mu rendez-vous). Pos\u00e1dka tvo\u0159en\u00e1 l\u00e9ka\u0159em a zdravotnick\u00fdm z\u00e1chran\u00e1\u0159em vyj\u00ed\u017ed\u00ed v\u00a0tomto p\u0159\u00edpad\u011b k\u00a0z\u00e1sah\u016fm v\u00a0men\u0161\u00edm sanitn\u00edm voze, aby pot\u0159ebn\u00fdm poskytla rychlou l\u00e9ka\u0159skou pomoc. RV syst\u00e9m se t\u00edm li\u0161\u00ed od rychl\u00e9 zdravotnick\u00e9 pomoci (RZP), jej\u00ed\u017e pos\u00e1dka ve slo\u017een\u00ed \u0159idi\u010d-z\u00e1chran\u00e1\u0159 a zdravotnick\u00fd z\u00e1chran\u00e1\u0159 pou\u017e\u00edv\u00e1 velk\u00e1 sanitn\u00ed vozidla na z\u00e1klad\u011b lehk\u00fdch u\u017eitkov\u00fdch voz\u016f.<\/span><\/span><\/span> <\/span><\/span><\/p>\n<p lang=\"en-US\"><span style=\"color: #565656;\"><span style=\"font-family: Seat Meta Normal Roman, serif;\"><span style=\"color: #00000a;\"><span style=\"font-family: Seat Bcn, serif;\"><span lang=\"cs-CZ\">Speci\u00e1ln\u00ed sanitn\u00ed vozidla odvozen\u00e1 od osobn\u00edch automobil\u016f, jak\u00fdm je SEAT Tarraco, maj\u00ed krom\u011b transportn\u00edho nos\u00edtka, j\u00edm\u017e z\u00a0prostorov\u00fdch d\u016fvod\u016f nedisponuj\u00ed, ve\u0161kerou v\u00fdbavu pro\u00a0o\u0161et<\/span><\/span><\/span><span style=\"color: #00000a;\"><span style=\"font-family: Seat Bcn, serif;\"><span lang=\"cs-CZ\">\u0159<\/span><\/span><\/span><span style=\"color: #00000a;\"><span style=\"font-family: Seat Bcn, serif;\"><span lang=\"cs-CZ\">en<\/span><\/span><\/span><span style=\"color: #00000a;\"><span style=\"font-family: Seat Bcn, serif;\"><span lang=\"cs-CZ\">\u00ed<\/span><\/span><\/span><span style=\"color: #00000a;\"><span style=\"font-family: Seat Bcn, serif;\"><span lang=\"cs-CZ\"> pacienta shodn<\/span><\/span><\/span><span style=\"color: #00000a;\"><span style=\"font-family: Seat Bcn, serif;\"><span lang=\"cs-CZ\">ou<\/span><\/span><\/span><span style=\"color: #00000a;\"><span style=\"font-family: Seat Bcn, serif;\"><span lang=\"cs-CZ\"> s<\/span><\/span><\/span><span style=\"color: #00000a;\"><span style=\"font-family: Seat Bcn, serif;\"><span lang=\"cs-CZ\">\u00a0<\/span><\/span><\/span><span style=\"color: #00000a;\"><span style=\"font-family: Seat Bcn, serif;\"><span lang=\"cs-CZ\">velk<\/span><\/span><\/span><span style=\"color: #00000a;\"><span style=\"font-family: Seat Bcn, serif;\"><span lang=\"cs-CZ\">\u00fd<\/span><\/span><\/span><span style=\"color: #00000a;\"><span style=\"font-family: Seat Bcn, serif;\"><span lang=\"cs-CZ\">mi sanitn<\/span><\/span><\/span><span style=\"color: #00000a;\"><span style=\"font-family: Seat Bcn, serif;\"><span lang=\"cs-CZ\">\u00ed<\/span><\/span><\/span><span style=\"color: #00000a;\"><span style=\"font-family: Seat Bcn, serif;\"><span lang=\"cs-CZ\">mi vozidly. V\u00fdhodou sanitn\u00edho Tarraca je p<\/span><\/span><\/span><span style=\"color: #00000a;\"><span style=\"font-family: Seat Bcn, serif;\"><span lang=\"cs-CZ\">\u0159edev\u0161\u00edm <\/span><\/span><\/span><span style=\"color: #00000a;\"><span style=\"font-family: Seat Bcn, serif;\"><span lang=\"cs-CZ\">rychlost a flexibilita p\u0159i poskytov\u00e1n\u00ed p\u0159ednemocni\u010dn\u00ed neodkladn\u00e9 p\u00e9\u010de.<\/span><\/span><\/span><\/span><\/span><\/p>\n<p lang=\"en-US\"><img loading=\"lazy\" decoding=\"async\" class=\"alignnone size-medium wp-image-4220\" src=\"http:\/\/www.automakersnews.cz\/wp-content\/uploads\/2022\/11\/SEAT-Tarraco-Plzen-zadek-sanita-e1669030798726-300x200.jpg\" alt=\"\" width=\"300\" height=\"200\" srcset=\"https:\/\/www.automakersnews.cz\/wp-content\/uploads\/2022\/11\/SEAT-Tarraco-Plzen-zadek-sanita-e1669030798726-300x200.jpg 300w, https:\/\/www.automakersnews.cz\/wp-content\/uploads\/2022\/11\/SEAT-Tarraco-Plzen-zadek-sanita-e1669030798726.jpg 400w\" sizes=\"auto, (max-width: 300px) 100vw, 300px\" \/><\/p>\n","protected":false},"excerpt":{"rendered":"<div class=\"mh-excerpt\"><p>SEAT Tarraco vstoupil do slu\u017eeb Zdravotnick\u00e9 z\u00e1chrann\u00e9 slu\u017eby Plze\u0148sk\u00e9ho kraje (ZZS PK) ve speci\u00e1ln\u00ed \u00faprav\u011b jako sanitn\u00ed v\u016fz. Plze\u0148\u0161t\u00ed z\u00e1chran\u00e1\u0159i p\u0159evzali celkem \u0161est voz\u016f 2.0 <a class=\"mh-excerpt-more\" href=\"https:\/\/www.automakersnews.cz\/index.php\/2022\/11\/21\/smucler-predal-seaty-zdravotnikum\/\" title=\"\u0160mucler p\u0159edal SEATy zdravotn\u00edk\u016fm\">[&#8230;]<\/a><\/p>\n<\/div>","protected":false},"author":1,"featured_media":4219,"comment_status":"open","ping_status":"open","sticky":false,"template":"","format":"standard","meta":{"footnotes":""},"categories":[25],"tags":[],"class_list":["post-4218","post","type-post","status-publish","format-standard","has-post-thumbnail","hentry","category-fleety"],"_links":{"self":[{"href":"https:\/\/www.automakersnews.cz\/index.php\/wp-json\/wp\/v2\/posts\/4218","targetHints":{"allow":["GET"]}}],"collection":[{"href":"https:\/\/www.automakersnews.cz\/index.php\/wp-json\/wp\/v2\/posts"}],"about":[{"href":"https:\/\/www.automakersnews.cz\/index.php\/wp-json\/wp\/v2\/types\/post"}],"author":[{"embeddable":true,"href":"https:\/\/www.automakersnews.cz\/index.php\/wp-json\/wp\/v2\/users\/1"}],"replies":[{"embeddable":true,"href":"https:\/\/www.automakersnews.cz\/index.php\/wp-json\/wp\/v2\/comments?post=4218"}],"version-history":[{"count":0,"href":"https:\/\/www.automakersnews.cz\/index.php\/wp-json\/wp\/v2\/posts\/4218\/revisions"}],"wp:featuredmedia":[{"embeddable":true,"href":"https:\/\/www.automakersnews.cz\/index.php\/wp-json\/wp\/v2\/media\/4219"}],"wp:attachment":[{"href":"https:\/\/www.automakersnews.cz\/index.php\/wp-json\/wp\/v2\/media?parent=4218"}],"wp:term":[{"taxonomy":"category","embeddable":true,"href":"https:\/\/www.automakersnews.cz\/index.php\/wp-json\/wp\/v2\/categories?post=4218"},{"taxonomy":"post_tag","embeddable":true,"href":"https:\/\/www.automakersnews.cz\/index.php\/wp-json\/wp\/v2\/tags?post=4218"}],"curies":[{"name":"wp","href":"https:\/\/api.w.org\/{rel}","templated":true}]}}