{"id":423,"date":"2022-08-25T13:17:35","date_gmt":"2022-08-25T13:17:35","guid":{"rendered":"http:\/\/www.automakersnews.cz\/?p=423"},"modified":"2022-08-25T13:17:35","modified_gmt":"2022-08-25T13:17:35","slug":"zlin-uvidi-51-rocnik-barum-czech-rally","status":"publish","type":"post","link":"https:\/\/www.automakersnews.cz\/index.php\/2022\/08\/25\/zlin-uvidi-51-rocnik-barum-czech-rally\/","title":{"rendered":"Zl\u00edn uvid\u00ed 51. ro\u010dn\u00edk Barum Czech Rally"},"content":{"rendered":"<p><strong>Jedenapades\u00e1t\u00fd ro\u010dn\u00edk Barum Czech Rally Zl\u00edn se kon\u00e1 tradi\u010dn\u011b na sklonku pr\u00e1zdnin v term\u00ednu 26. &#8211; 28. srpna 2022. Barumku ka\u017edoro\u010dn\u011b sleduj\u00ed ve Zl\u00ednsk\u00e9m kraji desetitis\u00edce fanou\u0161k\u016f, co\u017e ji \u0159ad\u00ed k nejnav\u0161t\u011bvovan\u011bj\u0161\u00edm sportovn\u00edm podnik\u016fm na \u00fazem\u00ed \u010cesk\u00e9 republiky.<\/strong><!--more--><\/p>\n<p>Tak\u00e9 v leto\u0161n\u00edm roce se o\u010dek\u00e1v\u00e1 kvalitn\u00ed pod\u00edvan\u00e1, sout\u011b\u017e je toti\u017e krom\u011b SONAX Mistrovstv\u00ed \u010cR za\u0159azena i do mistrovstv\u00ed Evropy. Na start se postav\u00ed 115 pos\u00e1dek, mezi nimi\u017e nechyb\u00ed 4 dealersk\u00e9 t\u00fdmy s podporou \u0160KODA AUTO \u010cesk\u00e1 republika.<\/p>\n<p>Na startu 51. Barum Czech Rally Zl\u00edn nebude chyb\u011bt nikdo z dom\u00e1c\u00ed \u0161pi\u010dky, kter\u00e1 jako ka\u017edoro\u010dn\u011b zm\u011b\u0159\u00ed s\u00edly s nejlep\u0161\u00edmi \u00fa\u010dastn\u00edky evropsk\u00e9ho \u0161ampion\u00e1tu.<\/p>\n<p>Zas\u00e1hnout do boj\u016f v elitn\u00ed des\u00edtce jsou p\u0159ipraveny i 4 pos\u00e1dky dealersk\u00fdch t\u00fdm\u016f \u0160KODA \u2013 Jan Kopeck\u00fd\/Jan Hlou\u0161ek (startovn\u00ed \u010d\u00edslo 4), Filip Mare\u0161\/Radovan Bucha (12), Adam B\u0159ez\u00edk\/Ond\u0159ej Kraj\u010da (14) a Dominik St\u0159\u00edtesk\u00fd\/Ji\u0159\u00ed Hovorka (46)<\/p>\n","protected":false},"excerpt":{"rendered":"<div class=\"mh-excerpt\"><p>Jedenapades\u00e1t\u00fd ro\u010dn\u00edk Barum Czech Rally Zl\u00edn se kon\u00e1 tradi\u010dn\u011b na sklonku pr\u00e1zdnin v term\u00ednu 26. &#8211; 28. srpna 2022. Barumku ka\u017edoro\u010dn\u011b sleduj\u00ed ve Zl\u00ednsk\u00e9m kraji <a class=\"mh-excerpt-more\" href=\"https:\/\/www.automakersnews.cz\/index.php\/2022\/08\/25\/zlin-uvidi-51-rocnik-barum-czech-rally\/\" title=\"Zl\u00edn uvid\u00ed 51. ro\u010dn\u00edk Barum Czech Rally\">[&#8230;]<\/a><\/p>\n<\/div>","protected":false},"author":1,"featured_media":424,"comment_status":"open","ping_status":"open","sticky":false,"template":"","format":"standard","meta":{"footnotes":""},"categories":[16],"tags":[],"class_list":["post-423","post","type-post","status-publish","format-standard","has-post-thumbnail","hentry","category-motorsport"],"_links":{"self":[{"href":"https:\/\/www.automakersnews.cz\/index.php\/wp-json\/wp\/v2\/posts\/423","targetHints":{"allow":["GET"]}}],"collection":[{"href":"https:\/\/www.automakersnews.cz\/index.php\/wp-json\/wp\/v2\/posts"}],"about":[{"href":"https:\/\/www.automakersnews.cz\/index.php\/wp-json\/wp\/v2\/types\/post"}],"author":[{"embeddable":true,"href":"https:\/\/www.automakersnews.cz\/index.php\/wp-json\/wp\/v2\/users\/1"}],"replies":[{"embeddable":true,"href":"https:\/\/www.automakersnews.cz\/index.php\/wp-json\/wp\/v2\/comments?post=423"}],"version-history":[{"count":0,"href":"https:\/\/www.automakersnews.cz\/index.php\/wp-json\/wp\/v2\/posts\/423\/revisions"}],"wp:featuredmedia":[{"embeddable":true,"href":"https:\/\/www.automakersnews.cz\/index.php\/wp-json\/wp\/v2\/media\/424"}],"wp:attachment":[{"href":"https:\/\/www.automakersnews.cz\/index.php\/wp-json\/wp\/v2\/media?parent=423"}],"wp:term":[{"taxonomy":"category","embeddable":true,"href":"https:\/\/www.automakersnews.cz\/index.php\/wp-json\/wp\/v2\/categories?post=423"},{"taxonomy":"post_tag","embeddable":true,"href":"https:\/\/www.automakersnews.cz\/index.php\/wp-json\/wp\/v2\/tags?post=423"}],"curies":[{"name":"wp","href":"https:\/\/api.w.org\/{rel}","templated":true}]}}