{"id":42361,"date":"2023-05-03T09:07:11","date_gmt":"2023-05-03T09:07:11","guid":{"rendered":"https:\/\/www.automakersnews.cz\/?p=42361"},"modified":"2023-05-04T14:27:38","modified_gmt":"2023-05-04T14:27:38","slug":"vychazi-importersky-special-automakers-2023","status":"publish","type":"post","link":"https:\/\/www.automakersnews.cz\/index.php\/2023\/05\/03\/vychazi-importersky-special-automakers-2023\/","title":{"rendered":"Vych\u00e1z\u00ed Import\u00e9rsk\u00fd speci\u00e1l Automakers 2023"},"content":{"rendered":"<div class=\"meta-space\">\n<p><strong>Import\u00e9rsk\u00fd speci\u00e1l Automakers 2023, p\u0159ipraven\u00fd ve spolupr\u00e1ci s SDA, p\u0159in\u00e1\u0161\u00ed tradi\u010dn\u00ed rozhovory s nejv\u011bt\u0161\u00edmi dovozci aut. Jak hodnot\u00ed sv\u00e9 leto\u0161n\u00ed pozice a jak\u00e9 jsou jejich pl\u00e1ny? Magaz\u00edn obsahuje tak\u00e9 jarn\u00ed p\u0159ehled tiskovek a event\u016f v oboru. Nechyb\u00ed interview s dealerem a medailon PR mana\u017eera!<\/strong><\/p>\n<\/div>\n<p><!--more--><\/p>\n<p><strong>OBSAH MAGAZ\u00cdNU<\/strong><\/p>\n<p><strong>T\u00c9MA<\/strong><\/p>\n<p>Mana\u017ee\u0159i SDA hodnot\u00ed pozice sv\u00fdch zna\u010dek<\/p>\n<p><strong>TISKOVKY A UD\u00c1LOSTI<\/strong><\/p>\n<p><img loading=\"lazy\" decoding=\"async\" class=\"alignnone size-large wp-image-36174\" src=\"http:\/\/www.automakersnews.cz\/wp-content\/uploads\/2023\/04\/20230404_orlen_benzinaautodrom_mostjanik_saitz_tiskova_konference_7-1024x537.jpg\" alt=\"\" width=\"1024\" height=\"537\" srcset=\"https:\/\/www.automakersnews.cz\/wp-content\/uploads\/2023\/04\/20230404_orlen_benzinaautodrom_mostjanik_saitz_tiskova_konference_7-1024x537.jpg 1024w, https:\/\/www.automakersnews.cz\/wp-content\/uploads\/2023\/04\/20230404_orlen_benzinaautodrom_mostjanik_saitz_tiskova_konference_7-300x157.jpg 300w, https:\/\/www.automakersnews.cz\/wp-content\/uploads\/2023\/04\/20230404_orlen_benzinaautodrom_mostjanik_saitz_tiskova_konference_7-768x403.jpg 768w, https:\/\/www.automakersnews.cz\/wp-content\/uploads\/2023\/04\/20230404_orlen_benzinaautodrom_mostjanik_saitz_tiskova_konference_7-1536x806.jpg 1536w, https:\/\/www.automakersnews.cz\/wp-content\/uploads\/2023\/04\/20230404_orlen_benzinaautodrom_mostjanik_saitz_tiskova_konference_7.jpg 2048w\" sizes=\"auto, (max-width: 1024px) 100vw, 1024px\" \/><\/p>\n<p><strong>Martin Saitz<\/strong> (Hyundai) otev\u0159el sezonu na mosteck\u00e9m autodromu<\/p>\n<p><img loading=\"lazy\" decoding=\"async\" class=\"alignnone size-large wp-image-38723\" src=\"http:\/\/www.automakersnews.cz\/wp-content\/uploads\/2023\/04\/Mitsubishi-ASX-Panska-zahrada-rodina-1024x576.jpg\" alt=\"\" width=\"1024\" height=\"576\" srcset=\"https:\/\/www.automakersnews.cz\/wp-content\/uploads\/2023\/04\/Mitsubishi-ASX-Panska-zahrada-rodina-1024x576.jpg 1024w, https:\/\/www.automakersnews.cz\/wp-content\/uploads\/2023\/04\/Mitsubishi-ASX-Panska-zahrada-rodina-300x169.jpg 300w, https:\/\/www.automakersnews.cz\/wp-content\/uploads\/2023\/04\/Mitsubishi-ASX-Panska-zahrada-rodina-768x432.jpg 768w, https:\/\/www.automakersnews.cz\/wp-content\/uploads\/2023\/04\/Mitsubishi-ASX-Panska-zahrada-rodina-1536x864.jpg 1536w, https:\/\/www.automakersnews.cz\/wp-content\/uploads\/2023\/04\/Mitsubishi-ASX-Panska-zahrada-rodina-678x381.jpg 678w, https:\/\/www.automakersnews.cz\/wp-content\/uploads\/2023\/04\/Mitsubishi-ASX-Panska-zahrada-rodina.jpg 2048w\" sizes=\"auto, (max-width: 1024px) 100vw, 1024px\" \/><\/p>\n<p><strong>M Motors<\/strong> m\u011bla premi\u00e9ru Mitsubishi ASX v Pansk\u00e9 zahrad\u011b<\/p>\n<figure id=\"attachment_36489\" aria-describedby=\"caption-attachment-36489\" style=\"width: 1024px\" class=\"wp-caption alignnone\"><img loading=\"lazy\" decoding=\"async\" class=\"size-large wp-image-36489\" src=\"http:\/\/www.automakersnews.cz\/wp-content\/uploads\/2023\/04\/Ford-e-Transit-Benes-1024x768.jpg\" alt=\"\" width=\"1024\" height=\"768\" srcset=\"https:\/\/www.automakersnews.cz\/wp-content\/uploads\/2023\/04\/Ford-e-Transit-Benes-1024x768.jpg 1024w, https:\/\/www.automakersnews.cz\/wp-content\/uploads\/2023\/04\/Ford-e-Transit-Benes-300x225.jpg 300w, https:\/\/www.automakersnews.cz\/wp-content\/uploads\/2023\/04\/Ford-e-Transit-Benes-768x576.jpg 768w, https:\/\/www.automakersnews.cz\/wp-content\/uploads\/2023\/04\/Ford-e-Transit-Benes-1536x1152.jpg 1536w, https:\/\/www.automakersnews.cz\/wp-content\/uploads\/2023\/04\/Ford-e-Transit-Benes-678x509.jpg 678w, https:\/\/www.automakersnews.cz\/wp-content\/uploads\/2023\/04\/Ford-e-Transit-Benes-326x245.jpg 326w, https:\/\/www.automakersnews.cz\/wp-content\/uploads\/2023\/04\/Ford-e-Transit-Benes-80x60.jpg 80w, https:\/\/www.automakersnews.cz\/wp-content\/uploads\/2023\/04\/Ford-e-Transit-Benes.jpg 2040w\" sizes=\"auto, (max-width: 1024px) 100vw, 1024px\" \/><figcaption id=\"caption-attachment-36489\" class=\"wp-caption-text\">Hlavn\u00edm tah\u00e1kem testovac\u00edch j\u00edzd akce je elektrick\u00fd Transit<\/figcaption><\/figure>\n<p><strong>Libor Bene\u0161<\/strong> po\u0159\u00e1dal Ford Expericence Day v Let\u0148anech<\/p>\n<p><img loading=\"lazy\" decoding=\"async\" class=\"alignnone size-large wp-image-25129\" src=\"http:\/\/www.automakersnews.cz\/wp-content\/uploads\/2023\/02\/Alcar-zabijacka-fronta-novinari-1024x575.jpg\" alt=\"\" width=\"1024\" height=\"575\" srcset=\"https:\/\/www.automakersnews.cz\/wp-content\/uploads\/2023\/02\/Alcar-zabijacka-fronta-novinari-1024x575.jpg 1024w, https:\/\/www.automakersnews.cz\/wp-content\/uploads\/2023\/02\/Alcar-zabijacka-fronta-novinari-300x168.jpg 300w, https:\/\/www.automakersnews.cz\/wp-content\/uploads\/2023\/02\/Alcar-zabijacka-fronta-novinari-768x431.jpg 768w, https:\/\/www.automakersnews.cz\/wp-content\/uploads\/2023\/02\/Alcar-zabijacka-fronta-novinari-678x381.jpg 678w, https:\/\/www.automakersnews.cz\/wp-content\/uploads\/2023\/02\/Alcar-zabijacka-fronta-novinari.jpg 1179w\" sizes=\"auto, (max-width: 1024px) 100vw, 1024px\" \/><\/p>\n<p><strong>Alcar Bohemia<\/strong> po\u0159\u00e1dal zabija\u010dkov\u00e9 hody<\/p>\n<p><img loading=\"lazy\" decoding=\"async\" class=\"alignnone size-full wp-image-39300\" src=\"http:\/\/www.automakersnews.cz\/wp-content\/uploads\/2023\/04\/Autoopravar-Junior-2023-small-2.jpg\" alt=\"\" width=\"978\" height=\"652\" srcset=\"https:\/\/www.automakersnews.cz\/wp-content\/uploads\/2023\/04\/Autoopravar-Junior-2023-small-2.jpg 978w, https:\/\/www.automakersnews.cz\/wp-content\/uploads\/2023\/04\/Autoopravar-Junior-2023-small-2-300x200.jpg 300w, https:\/\/www.automakersnews.cz\/wp-content\/uploads\/2023\/04\/Autoopravar-Junior-2023-small-2-768x512.jpg 768w\" sizes=\"auto, (max-width: 978px) 100vw, 978px\" \/><\/p>\n<p><strong>Porsche \u010cR<\/strong> vyhl\u00e1sila v\u00fdsledky sout\u011b\u017ee Autooprav\u00e1\u0159 Junior<\/p>\n<p><strong>Prodejci \u0160koda<\/strong> Plus na setk\u00e1n\u00ed s Volkswagen FS<\/p>\n<p><strong>Generali \u010cesk\u00e1<\/strong> sezvala v\u00edt\u011bze ankety TOP AUTOSERVIS do M\u00e1nesa<\/p>\n<p><strong>Porsche \u010cR<\/strong> m\u011bla semin\u00e1\u0159 k oprav\u011b trak\u010dn\u00edch bateri\u00ed<\/p>\n<p><strong>INTERVIEW<\/strong><\/p>\n<figure id=\"attachment_8852\" aria-describedby=\"caption-attachment-8852\" style=\"width: 1024px\" class=\"wp-caption alignnone\"><img loading=\"lazy\" decoding=\"async\" class=\"size-large wp-image-8852\" src=\"http:\/\/www.automakersnews.cz\/wp-content\/uploads\/2022\/12\/Sebesta-1024x683.jpg\" alt=\"\" width=\"1024\" height=\"683\" \/><figcaption id=\"caption-attachment-8852\" class=\"wp-caption-text\">Jakub \u0160ebesta<\/figcaption><\/figure>\n<p><strong>Jakub \u0160ebesta<\/strong> vyst\u0159\u00eddal Patrika Fejtka u zna\u010dky Volkswagenu<\/p>\n<p><strong>Mirka Cimrov\u00e1<\/strong> se posunula k VW U\u017eitkov\u00e9 m\u00edsto \u0160ebesty<\/p>\n<p><strong>Martin Kade\u010dka<\/strong> nahradil Cimrovou v divizi Das Welauto<\/p>\n<p><img loading=\"lazy\" decoding=\"async\" class=\"alignnone size-large wp-image-34725\" src=\"http:\/\/www.automakersnews.cz\/wp-content\/uploads\/2023\/03\/Toyota-Peleska-30-let-Cubex-orez-1024x683.jpg\" alt=\"\" width=\"1024\" height=\"683\" srcset=\"https:\/\/www.automakersnews.cz\/wp-content\/uploads\/2023\/03\/Toyota-Peleska-30-let-Cubex-orez-1024x683.jpg 1024w, https:\/\/www.automakersnews.cz\/wp-content\/uploads\/2023\/03\/Toyota-Peleska-30-let-Cubex-orez-300x200.jpg 300w, https:\/\/www.automakersnews.cz\/wp-content\/uploads\/2023\/03\/Toyota-Peleska-30-let-Cubex-orez-768x512.jpg 768w, https:\/\/www.automakersnews.cz\/wp-content\/uploads\/2023\/03\/Toyota-Peleska-30-let-Cubex-orez-1536x1024.jpg 1536w, https:\/\/www.automakersnews.cz\/wp-content\/uploads\/2023\/03\/Toyota-Peleska-30-let-Cubex-orez.jpg 1711w\" sizes=\"auto, (max-width: 1024px) 100vw, 1024px\" \/><\/p>\n<p><strong>Martin Pele\u0161ka<\/strong> slavil 30 let Toyoty v Cubexu<\/p>\n<p><img loading=\"lazy\" decoding=\"async\" class=\"alignnone size-large wp-image-5956\" src=\"http:\/\/www.automakersnews.cz\/wp-content\/uploads\/2022\/12\/barna_111-1024x729.jpg\" alt=\"\" width=\"1024\" height=\"729\" \/><\/p>\n<p><strong>Arno\u0161t Barna<\/strong> startuje rebranding dealr\u016f KIA<\/p>\n<p><strong>Kamil \u0160ilhav\u00fd<\/strong> chce letos dov\u00e9zt 2000 aut \u010d\u00ednsk\u00e9 zna\u010dky MG<\/p>\n<p><strong>Wolfgang Karl Bremm von Kleinsorgen<\/strong> nav\u00fd\u0161il prodeje Mercedesu<\/p>\n<p><img loading=\"lazy\" decoding=\"async\" class=\"alignnone size-full wp-image-25902\" src=\"http:\/\/www.automakersnews.cz\/wp-content\/uploads\/2023\/03\/Josef-Marik.jpeg\" alt=\"\" width=\"627\" height=\"418\" srcset=\"https:\/\/www.automakersnews.cz\/wp-content\/uploads\/2023\/03\/Josef-Marik.jpeg 627w, https:\/\/www.automakersnews.cz\/wp-content\/uploads\/2023\/03\/Josef-Marik-300x200.jpeg 300w\" sizes=\"auto, (max-width: 627px) 100vw, 627px\" \/><\/p>\n<p><strong>Josef Ma\u0159\u00edk<\/strong> udr\u017eel Mecedes-Benz Truck na \u0161pi\u010dce pelotonu<\/p>\n<p><strong>Ale\u0161 Nov\u00e1k<\/strong> si pochvaluje nad\u011bjn\u00fd n\u00e1stup zna\u010dky CUPRA<\/p>\n<p><strong>Josef \u0160op\u00edk<\/strong> vr\u00e1til Opel do import\u00e9rsk\u00e9 TOP 10<\/p>\n<figure id=\"attachment_25806\" aria-describedby=\"caption-attachment-25806\" style=\"width: 1024px\" class=\"wp-caption alignnone\"><img loading=\"lazy\" decoding=\"async\" class=\"size-large wp-image-25806\" src=\"http:\/\/www.automakersnews.cz\/wp-content\/uploads\/2023\/03\/Citroen-Neuman-orez-1024x503.jpg\" alt=\"\" width=\"1024\" height=\"503\" \/><figcaption id=\"caption-attachment-25806\" class=\"wp-caption-text\">Franti\u0161ek Neuman<\/figcaption><\/figure>\n<p><strong>Franti\u0161ek Neuman<\/strong> chyst\u00e1 zm\u011bny v dealersk\u00e9 s\u00edti Citro\u00ebnu<\/p>\n<p><strong>Marcel Archleb<\/strong> nav\u00fd\u0161il tr\u017en\u00ed pod\u00edl zna\u010dky Audi<\/p>\n<p><strong>Jan Sedl\u00e1\u010dek<\/strong> hl\u00e1s\u00ed trval\u00fd r\u016fst zna\u010dky Porsche a investice do prodejn\u00ed s\u00edt\u011b<\/p>\n<p><strong>Martina Bedrnov\u00e1<\/strong> etabluje zna\u010dku DS na \u010desk\u00e9m trhu<\/p>\n<p><strong>EVENTY<\/strong><\/p>\n<p><img loading=\"lazy\" decoding=\"async\" class=\"alignnone size-large wp-image-27318\" src=\"http:\/\/www.automakersnews.cz\/wp-content\/uploads\/2023\/03\/Volvo-Cesky-lev-1024x727.jpg\" alt=\"\" width=\"1024\" height=\"727\" \/><\/p>\n<p><strong>Volvo Cars<\/strong> vozilo \u010cesk\u00e9 lvy na \u010derven\u00fd koberec<\/p>\n<p><strong>\u010casopis Automakers<\/strong> gratuloval Janu Muhlfeitovi k nov\u00e9 knize<\/p>\n<p><strong>DEALE\u0158I<\/strong><\/p>\n<figure id=\"attachment_22660\" aria-describedby=\"caption-attachment-22660\" style=\"width: 1024px\" class=\"wp-caption alignnone\"><img loading=\"lazy\" decoding=\"async\" class=\"size-large wp-image-22660\" src=\"http:\/\/www.automakersnews.cz\/wp-content\/uploads\/2023\/02\/frantisek-svec-1-1024x609.jpg\" alt=\"\" width=\"1024\" height=\"609\" \/><figcaption id=\"caption-attachment-22660\" class=\"wp-caption-text\">Franti\u0161ek \u0160vec<\/figcaption><\/figure>\n<p><strong>Josef \u0160ve<\/strong>c k nov\u00e9 struktu\u0159e Auto Palace Group<\/p>\n<p><strong>MEDAILON PR MANA\u017dERA<\/strong><\/p>\n<p><strong>Jana Kl\u00edmu<\/strong> auta st\u00e1le bav\u00ed<\/p>\n<p><img loading=\"lazy\" decoding=\"async\" class=\"alignnone size-large wp-image-42393\" src=\"http:\/\/www.automakersnews.cz\/wp-content\/uploads\/2023\/04\/Klima-Jan-auticko-753x1024.jpg\" alt=\"\" width=\"753\" height=\"1024\" \/><\/p>\n","protected":false},"excerpt":{"rendered":"<div class=\"mh-excerpt\"><p>Import\u00e9rsk\u00fd speci\u00e1l Automakers 2023, p\u0159ipraven\u00fd ve spolupr\u00e1ci s SDA, p\u0159in\u00e1\u0161\u00ed tradi\u010dn\u00ed rozhovory s nejv\u011bt\u0161\u00edmi dovozci aut. Jak hodnot\u00ed sv\u00e9 leto\u0161n\u00ed pozice a jak\u00e9 jsou jejich <a class=\"mh-excerpt-more\" href=\"https:\/\/www.automakersnews.cz\/index.php\/2023\/05\/03\/vychazi-importersky-special-automakers-2023\/\" title=\"Vych\u00e1z\u00ed Import\u00e9rsk\u00fd speci\u00e1l Automakers 2023\">[&#8230;]<\/a><\/p>\n<\/div>","protected":false},"author":1,"featured_media":42395,"comment_status":"open","ping_status":"open","sticky":false,"template":"","format":"standard","meta":{"footnotes":""},"categories":[2],"tags":[],"class_list":["post-42361","post","type-post","status-publish","format-standard","has-post-thumbnail","hentry","category-news"],"_links":{"self":[{"href":"https:\/\/www.automakersnews.cz\/index.php\/wp-json\/wp\/v2\/posts\/42361","targetHints":{"allow":["GET"]}}],"collection":[{"href":"https:\/\/www.automakersnews.cz\/index.php\/wp-json\/wp\/v2\/posts"}],"about":[{"href":"https:\/\/www.automakersnews.cz\/index.php\/wp-json\/wp\/v2\/types\/post"}],"author":[{"embeddable":true,"href":"https:\/\/www.automakersnews.cz\/index.php\/wp-json\/wp\/v2\/users\/1"}],"replies":[{"embeddable":true,"href":"https:\/\/www.automakersnews.cz\/index.php\/wp-json\/wp\/v2\/comments?post=42361"}],"version-history":[{"count":0,"href":"https:\/\/www.automakersnews.cz\/index.php\/wp-json\/wp\/v2\/posts\/42361\/revisions"}],"wp:featuredmedia":[{"embeddable":true,"href":"https:\/\/www.automakersnews.cz\/index.php\/wp-json\/wp\/v2\/media\/42395"}],"wp:attachment":[{"href":"https:\/\/www.automakersnews.cz\/index.php\/wp-json\/wp\/v2\/media?parent=42361"}],"wp:term":[{"taxonomy":"category","embeddable":true,"href":"https:\/\/www.automakersnews.cz\/index.php\/wp-json\/wp\/v2\/categories?post=42361"},{"taxonomy":"post_tag","embeddable":true,"href":"https:\/\/www.automakersnews.cz\/index.php\/wp-json\/wp\/v2\/tags?post=42361"}],"curies":[{"name":"wp","href":"https:\/\/api.w.org\/{rel}","templated":true}]}}