{"id":427,"date":"2022-08-25T13:26:47","date_gmt":"2022-08-25T13:26:47","guid":{"rendered":"http:\/\/www.automakersnews.cz\/?p=427"},"modified":"2022-08-25T15:06:37","modified_gmt":"2022-08-25T15:06:37","slug":"porsche-cr-otevira-treninkovou-akademii","status":"publish","type":"post","link":"https:\/\/www.automakersnews.cz\/index.php\/2022\/08\/25\/porsche-cr-otevira-treninkovou-akademii\/","title":{"rendered":"Porsche \u010cR otev\u00edr\u00e1 Tr\u00e9ninkovou akademii"},"content":{"rendered":"<p><strong><span lang=\"cs-CZ\">Porsche \u010cR slavnostn\u011b otev\u0159elo novou Tr\u00e9ninkovou akademii v obci Zlatn\u00edky-Hodkovice v okrese Praha Z\u00e1pad, v rozvojov\u00e9 oblasti ur\u010den\u00e9 pro v\u011bdu a v\u00fdzkum. Are\u00e1l p\u0159edstavil novin\u00e1\u0159\u016fm gener\u00e1ln\u00ed \u0159editel firmy Jan Hurt.<\/span><\/strong><!--more--><\/p>\n<p><span lang=\"cs-CZ\"> Tr\u00e9ninkov\u00e1 akademie je ur\u010dena pro \u0161kolen\u00ed v\u0161ech kompetenc\u00ed po\u017eadovan\u00fdch standardy u prodejn\u00edch a servisn\u00edch partner\u016f spole\u010dnosti Porsche \u010cR u zna\u010dek Volkswagen osobn\u00ed vozy, Audi, SEAT, Volkswagen U\u017eitkov\u00e9 vozy, CUPRA, programu prodeje ojet\u00fdch voz\u016f Das WeltAuto a <\/span><span lang=\"cs-CZ\">projektu komplexn\u00edho \u0159e\u0161en\u00ed nab\u00edjec\u00ed infrastruktury MOON<\/span><span lang=\"cs-CZ\">.<\/span><\/p>\n<p>\u201e<span style=\"font-family: Arial, serif;\"><span lang=\"cs-CZ\">Kdy\u017e jsme tady loni koncem dubna klepali na z\u00e1kladn\u00ed k\u00e1men, m\u00fdm p\u0159\u00e1n\u00edm bylo, abychom se zde po roce se\u0161li p\u0159i slavnostn\u00edm otev\u0159en\u00ed. Vzhledem k\u00a0obt\u00ed\u017en\u00fdm podm\u00ednk\u00e1m je t\u00e9m\u011b\u0159 z\u00e1zrak, \u017ee se n\u00e1m to cel\u00e9 poda\u0159ilo, za co\u017e bych cht\u011bl v\u0161em z\u00fa\u010dastn\u011bn\u00fdm pod\u011bkovat. Spole\u010dnost Porsche \u010cesk\u00e1 republika tak m\u00e1 nyn\u00ed naprosto \u0161pi\u010dkovou Tr\u00e9ninkovou akademii,\u201c \u0159\u00edk\u00e1<\/span><span lang=\"cs-CZ\"> Jan Hurt, jednatel Porsche \u010cesk\u00e1 republika.<\/span><\/span><\/p>\n<p><span style=\"font-family: Arial, serif;\"><span lang=\"cs-CZ\"> \u201eV\u00fdznam odbornosti a know-how trvale roste spolu s\u00a0t\u00edm, jak jsou dne\u0161n\u00ed automobily \u010d\u00edm d\u00e1l chyt\u0159ej\u0161\u00ed. Pro spokojenost na\u0161ich z\u00e1kazn\u00edk\u016f jsou tato hlediska naprosto kl\u00ed\u010dov\u00e1. Prosp\u011bch z\u00a0toho budou m\u00edt nejen oni, ale i na\u0161i \u0161kolitel\u00e9, kte\u0159\u00ed zde budou p\u0159ed\u00e1vat nejnov\u011bj\u0161\u00ed informace tak\u00e9 u\u010ditel\u016fm \u010desk\u00fdch odborn\u00fdch \u0161kol, s\u00a0nimi\u017e spolupracujeme, hasi\u010d\u016fm, pracovn\u00edk\u016fm poji\u0161\u0165oven a dal\u0161\u00edm instituc\u00edm,\u201c dod\u00e1v\u00e1 Jan Hurt.<\/span><\/span><\/p>\n<p><span style=\"font-family: Arial, serif;\"><span lang=\"cs-CZ\">Modern\u00ed multifunk\u010dn\u00ed objekt byl zhotoven celkovou investic\u00ed 156 milion\u016f korun, p\u0159i\u010dem\u017e od poklep\u00e1n\u00ed z\u00e1kladn\u00edho kamene ub\u011bhlo jen n\u011bco m\u00e1lo p\u0159es jeden rok. Cel\u00fd komplex vynik\u00e1 modularitou a lze ho roz\u0161\u00ed\u0159it jak vn\u011b, tak uvnit\u0159. Ve sv\u00fdch prostor\u00e1ch nab\u00eddne nejmodern\u011bj\u0161\u00ed vybaven\u00ed pro \u0161kolen\u00ed jak mechanick\u00fdch \u010dinnost\u00ed, tak \u010d\u00edm d\u00e1l v\u00edce popt\u00e1van\u00fdch z\u00e1sah\u016f v\u00a0oblasti elektroniky, digitalizace a elektromobility.<\/span><\/span><\/p>\n<p>\u201e<span style=\"font-family: Arial, serif;\"><span lang=\"cs-CZ\">Trval\u00e1 udr\u017eitelnost je pro n\u00e1s prioritou ve v\u0161ech oblastech,\u201c \u0159\u00edk\u00e1 Christoph Gr\u00fcn, jednatel Porsche \u010cesk\u00e1 republika. \u201eV duchu t\u011bchto princip\u016f bylo budov\u00e1no i na\u0161e vzd\u011bl\u00e1vac\u00ed centrum. S\u00a0eco friendly p\u0159\u00edstupem lad\u00ed i dal\u0161\u00ed aspekty architektonick\u00e9ho \u0159e\u0161en\u00ed \u2013 budova je zasazena do zelen\u011b, k\u00a0jej\u00ed\u017e z\u00e1livce poslou\u017e\u00ed de\u0161\u0165ov\u00e1 voda zachycovan\u00e1 do reten\u010dn\u00edch n\u00e1dr\u017e\u00ed s\u00a0akumula\u010dn\u00edm prostorem, a mikroklima budovy vylep\u0161\u00ed pop\u00ednav\u00e1 zele\u0148 na fas\u00e1d\u011b,\u201c dod\u00e1v\u00e1 Ch. Gr\u00fcn. <\/span><\/span><\/p>\n<p><span style=\"font-family: Arial, serif;\"><span lang=\"cs-CZ\">Tr\u00e9ninkov\u00e1 akademie je koncipov\u00e1na jako multifunk\u010dn\u00ed budova, v\u00a0n\u00ed\u017e budou prob\u00edhat \u0161kolen\u00ed, setk\u00e1n\u00ed, odborn\u00e9 konference a dal\u0161\u00ed akce. Nejmodern\u011bj\u0161\u00ed vybaven\u00ed umo\u017en\u00ed vzd\u011bl\u00e1vac\u00ed a \u0161kolic\u00ed programy v\u00a0r\u00e1mci hybridn\u00ed v\u00fduky, kter\u00e1 zahrnuje samostudium, online v\u00fduku se \u0161kolitelem a prezen\u010dn\u00ed \u0161kolen\u00ed. Jedna z\u00a0p\u011bti u\u010deben pro technick\u00e1 \u0161kolen\u00ed je nap\u0159\u00edklad speci\u00e1ln\u011b vybavena pro v\u00fduku karos\u00e1\u0159\u016f, v\u010detn\u011b rovn\u00e1n\u00ed a sv\u00e1\u0159en\u00ed r\u016fzn\u00fdch materi\u00e1l\u016f pou\u017e\u00edvan\u00fdch v\u00a0nejmodern\u011bj\u0161\u00edch konstrukc\u00edch karoseri\u00ed vozidel koncernu VOLKSWAGEN. Dal\u0161\u00ed t\u0159i u\u010debny budou slou\u017eit pro tzv. netechnick\u00e1 \u0161kolen\u00ed a jedna u\u010debna je vyhrazena pro p\u0159\u00edpravu multimedi\u00e1ln\u00edho obsahu a online vys\u00edl\u00e1n\u00ed. Vnit\u0159n\u00ed prostory jsou variabiln\u00ed s mo\u017enost\u00ed r\u016fzn\u00e9ho propojov\u00e1n\u00ed a zm\u011bny velikosti.<\/span><\/span><\/p>\n<p><span style=\"font-family: Arial, serif;\"><span lang=\"cs-CZ\">Multifunk\u010dn\u00ed budova, zhotoven\u00e1 investic\u00ed 156 milion\u016f korun, je d\u00edlem architektonick\u00e9ho studia Ka\u0148ka + Partners, p\u0159i\u010dem\u017e realizac\u00ed se zab\u00fdvala stavebn\u00ed firma IMOS.<\/span><\/span><\/p>\n<p><span style=\"font-family: Arial, serif;\"><span lang=\"cs-CZ\"> \u201eZa takto flexibiln\u00ed komplex s\u00a0mo\u017enost\u00ed po\u0159\u00e1d\u00e1n\u00ed mal\u00fdch akc\u00ed i velk\u00fdch event\u016f s\u00a0kapacitou a\u017e 100 lid\u00ed jsme mimo\u0159\u00e1dn\u011b r\u00e1di. Cel\u00e1 budova je nav\u00edc modul\u00e1rn\u00ed, tak\u017ee m\u016f\u017eeme variovat u\u010debny a v\u00a0p\u0159\u00edpad\u011b pot\u0159eby ji v\u00a0budoucnu zv\u011bt\u0161it jak do \u0161\u00ed\u0159ky, tak do v\u00fd\u0161ky. <\/span><\/span><\/p>\n<p><span style=\"font-family: Arial, serif;\"><span lang=\"cs-CZ\">Do budoucna se p\u0159ipravuje tak\u00e9 pokryt\u00ed st\u0159echy fotovoltaick\u00fdmi panely pro v\u00fdrobu elektrick\u00e9 energie s\u00a0p\u0159\u00edpadn\u00fdm \u00falo\u017ei\u0161t\u011bm z\u00a0pou\u017eit\u00fdch VN akumul\u00e1tor\u016f z\u00a0elektromobil\u016f pro dosa\u017een\u00ed energetick\u00e9 neutrality,\u201c p\u0159ibli\u017euje novou budovu Pavel Kola\u0159\u00edk, vedouc\u00ed Tr\u00e9ninkov\u00e9 akademie. Z <\/span><span lang=\"cs-CZ\">environm<\/span><span lang=\"cs-CZ\">ent\u00e1ln\u00edho pohledu spl\u0148uje budova svou energetickou n\u00e1ro\u010dnost\u00ed parametry velmi \u00fasporn\u00e9 budovy. <\/span><\/span><\/p>\n<p><span style=\"font-family: Arial, serif;\"><span lang=\"cs-CZ\">Pro \u00fasporu energi\u00ed jsou vyu\u017eity technologie rekupera\u010dn\u00edho v\u011btr\u00e1n\u00ed, inteligentn\u00edho \u0159\u00edzen\u00ed osv\u011btlen\u00ed a exteri\u00e9rov\u00e9ho st\u00edn\u011bn\u00ed vn\u011bj\u0161\u00edmi \u017ealuziemi. Zdrojem pro vyt\u00e1p\u011bn\u00ed a chlazen\u00ed jsou jednotky funguj\u00edc\u00ed na principu tepeln\u00e9ho \u010derpadla, zahrada vyu\u017e\u00edv\u00e1 automatick\u00e9 z\u00e1vlahy a pro parkov\u00e1n\u00ed je p\u0159ipraveno 100 venkovn\u00edch m\u00edst. A\u017e 20 z\u00a0nich m\u016f\u017ee b\u00fdt nab\u00edjeno 10 AC nab\u00edje\u010dkami MOON (2 x 22 kW), v\u00a0p\u0159\u00edprav\u011b je dal\u0161\u00edch 5 AC nab\u00edje\u010dek a 2 DC nab\u00edje\u010dky venku.<\/span><\/span><\/p>\n<p><img loading=\"lazy\" decoding=\"async\" class=\"alignnone size-medium wp-image-430\" src=\"http:\/\/www.automakersnews.cz\/wp-content\/uploads\/2022\/08\/Porsche-akademie-Zlatniky-300x200.jpg\" alt=\"\" width=\"300\" height=\"200\" \/><\/p>\n<p><span style=\"font-family: Arial, serif;\"><span lang=\"cs-CZ\">Uvnit\u0159 se na nab\u00edjen\u00ed elektromobil\u016f myslelo tak\u00e9, celkov\u00fd p\u0159\u00edkon m\u016f\u017ee b\u00fdt a\u017e 0,5 MW (trafostanice). Interi\u00e9r Tr\u00e9ninkov\u00e9 akademie disponuje i dal\u0161\u00edmi zaj\u00edmavostmi, jako nap\u0159\u00edklad:<\/span><\/span><\/p>\n<ul>\n<li><span style=\"font-family: Arial, serif;\"><span lang=\"cs-CZ\">9 praktick\u00fdch modul\u00e1rn\u00edch u\u010deben vybaven\u00fdch nejmodern\u011bj\u0161\u00edmi technologiemi<\/span><\/span><\/li>\n<li><span style=\"font-family: Arial, serif;\"><span lang=\"cs-CZ\">St\u00e1n\u00ed a\u017e pro 4 osobn\u00ed vozy a 4 u\u010debny teorie<\/span><\/span><\/li>\n<li><span style=\"font-family: Arial, serif;\"><span lang=\"cs-CZ\">Praktick\u00e9 u\u010debny s\u00a0nejmodern\u011bj\u0161\u00edmi hydraulick\u00fdmi zved\u00e1ky Hermann, pro LUV hydraulick\u00fd zved\u00e1k s\u00a0nosnost\u00ed a\u017e 5 tun<\/span><\/span><\/li>\n<li><span style=\"font-family: Arial, serif;\"><span lang=\"cs-CZ\">Pln\u011b vybaven\u00e1 u\u010debna pro v\u00fduku klemp\u00ed\u0159\u016f, speci\u00e1ln\u00ed u\u010debna pro \u0161kolen\u00ed elektromobility a CNG, \u0161kolen\u00ed konektivity s\u00a0pot\u0159ebn\u00fdmi demo sou\u010d\u00e1stkami<\/span><\/span><\/li>\n<li><span style=\"font-family: Arial, serif;\"><span lang=\"cs-CZ\">Vnit\u0159n\u00ed i venkovn\u00ed prostor s\u00a0WiFi, dv\u011b alternativn\u00ed p\u0159ipojen\u00ed (vzduch + optika).<img loading=\"lazy\" decoding=\"async\" class=\"alignnone size-medium wp-image-429\" src=\"http:\/\/www.automakersnews.cz\/wp-content\/uploads\/2022\/08\/Porsche-tiskovka-Jan-Hurt-300x225.jpg\" alt=\"\" width=\"300\" height=\"225\" \/><\/span><\/span><\/li>\n<\/ul>\n","protected":false},"excerpt":{"rendered":"<div class=\"mh-excerpt\"><p>Porsche \u010cR slavnostn\u011b otev\u0159elo novou Tr\u00e9ninkovou akademii v obci Zlatn\u00edky-Hodkovice v okrese Praha Z\u00e1pad, v rozvojov\u00e9 oblasti ur\u010den\u00e9 pro v\u011bdu a v\u00fdzkum. Are\u00e1l p\u0159edstavil novin\u00e1\u0159\u016fm <a class=\"mh-excerpt-more\" href=\"https:\/\/www.automakersnews.cz\/index.php\/2022\/08\/25\/porsche-cr-otevira-treninkovou-akademii\/\" title=\"Porsche \u010cR otev\u00edr\u00e1 Tr\u00e9ninkovou akademii\">[&#8230;]<\/a><\/p>\n<\/div>","protected":false},"author":1,"featured_media":428,"comment_status":"open","ping_status":"open","sticky":false,"template":"","format":"standard","meta":{"footnotes":""},"categories":[9],"tags":[],"class_list":["post-427","post","type-post","status-publish","format-standard","has-post-thumbnail","hentry","category-investice"],"_links":{"self":[{"href":"https:\/\/www.automakersnews.cz\/index.php\/wp-json\/wp\/v2\/posts\/427","targetHints":{"allow":["GET"]}}],"collection":[{"href":"https:\/\/www.automakersnews.cz\/index.php\/wp-json\/wp\/v2\/posts"}],"about":[{"href":"https:\/\/www.automakersnews.cz\/index.php\/wp-json\/wp\/v2\/types\/post"}],"author":[{"embeddable":true,"href":"https:\/\/www.automakersnews.cz\/index.php\/wp-json\/wp\/v2\/users\/1"}],"replies":[{"embeddable":true,"href":"https:\/\/www.automakersnews.cz\/index.php\/wp-json\/wp\/v2\/comments?post=427"}],"version-history":[{"count":0,"href":"https:\/\/www.automakersnews.cz\/index.php\/wp-json\/wp\/v2\/posts\/427\/revisions"}],"wp:featuredmedia":[{"embeddable":true,"href":"https:\/\/www.automakersnews.cz\/index.php\/wp-json\/wp\/v2\/media\/428"}],"wp:attachment":[{"href":"https:\/\/www.automakersnews.cz\/index.php\/wp-json\/wp\/v2\/media?parent=427"}],"wp:term":[{"taxonomy":"category","embeddable":true,"href":"https:\/\/www.automakersnews.cz\/index.php\/wp-json\/wp\/v2\/categories?post=427"},{"taxonomy":"post_tag","embeddable":true,"href":"https:\/\/www.automakersnews.cz\/index.php\/wp-json\/wp\/v2\/tags?post=427"}],"curies":[{"name":"wp","href":"https:\/\/api.w.org\/{rel}","templated":true}]}}