{"id":434,"date":"2022-09-05T09:06:34","date_gmt":"2022-09-05T09:06:34","guid":{"rendered":"http:\/\/www.automakersnews.cz\/?p=434"},"modified":"2022-09-05T09:06:52","modified_gmt":"2022-09-05T09:06:52","slug":"tydenik-hrot-meni-majitele-i-sefredaktora","status":"publish","type":"post","link":"https:\/\/www.automakersnews.cz\/index.php\/2022\/09\/05\/tydenik-hrot-meni-majitele-i-sefredaktora\/","title":{"rendered":"T\u00fdden\u00edk Hrot m\u011bn\u00ed majitele i \u0161\u00e9fredaktora"},"content":{"rendered":"<p><strong><a href=\"https:\/\/www.mediar.cz\/tydenik-hrot-poprve-vyjde-11-kvetna-propaguji-ho-billboardy\/\">T\u00fdden\u00edk Hrot, kter\u00fd vych\u00e1z\u00ed od kv\u011btna 2020<\/a>, zprvu pat\u0159il spole\u010dnosti Touzimsky Publishing v \u010dele s investorem Janem Veverkou. Letos do firmy Hrot, kter\u00e1 \u010dasopis vyd\u00e1v\u00e1, vstoupila skupina <a href=\"https:\/\/www.mediar.cz\/tema\/bigboard\/\">BigBoard<\/a>, tuzemsk\u00e1 jedni\u010dka na trhu venkovn\u00ed reklamy. M\u011bn\u00ed se i jm\u00e9no \u0161\u00e9fredaktora.<\/strong><!--more--><\/p>\n<p><a href=\"https:\/\/www.mediar.cz\/do-ekonomickeho-tydeniku-hrot-vstupuje-skupina-bigboard\/\">BigBoard v\u00a0b\u0159eznu z\u00edskal v\u00a0Hrotu 30\u00a0%.<\/a>\u00a0Od srpna mu ve vydavatelstv\u00ed pat\u0159\u00ed t\u011bsn\u00e1 v\u011bt\u0161ina 51\u00a0%, zbyl\u00fdch 49\u00a0% vlastn\u00ed Touzimsky Publishing.<\/p>\n<p>Nov\u00fdm \u0161\u00e9fredaktorem byznysov\u00e9ho t\u00fdden\u00edku\u00a0<em><strong>Hrot<\/strong><\/em>\u00a0je od 1. z\u00e1\u0159\u00ed\u00a0<strong>Tom\u00e1\u0161 Jen\u00edk<\/strong>. Na pozici nahradil\u00a0<strong>Vadima Fojt\u00edka<\/strong>, kter\u00fd vedl redakci ti\u0161t\u011bn\u00e9ho t\u00fdden\u00edku a\u00a0webu\u00a0<a href=\"http:\/\/www.tydenikhrot.cz\/\"><em><strong>TydenikHrot.cz<\/strong><\/em><\/a>\u00a0<a href=\"https:\/\/www.mediar.cz\/vznika-ekonomicky-tydenik-hrot-chystaji-ho-redaktori-z-eura\/\">od jejich zalo\u017een\u00ed v\u00a0lednu 2020<\/a>.<\/p>\n<p>Te\u010f se p\u0159esouv\u00e1 na pozici \u0159editele vydavatelsk\u00e9 spole\u010dnosti Hrot, kde bude m\u00edt na starosti zejm\u00e9na byznysov\u00e9 a\u00a0rozvojov\u00e9 projekty. Z\u016fst\u00e1v\u00e1 i\u00a0\u010dlenem redakce.<\/p>\n<p>Jen\u00edk m\u00e1 v\u00a0novina\u0159in\u011b v\u00edc ne\u017e 20 let zku\u0161enost\u00ed. P\u016fvodn\u00edm vzd\u011bl\u00e1n\u00edm politolog p\u016fsobil v\u00a0minulosti v\u00a0<em><strong>Lidov\u00fdch novin\u00e1ch<\/strong><\/em>,\u00a0<em><strong>Hospod\u00e1\u0159sk\u00fdch novin\u00e1ch<\/strong><\/em>\u00a0\u010di v\u00a0t\u00fdden\u00edku\u00a0<em><strong>Euro<\/strong><\/em>, nejprve jako redaktor zahrani\u010dn\u00ed redakce, pozd\u011bji jako editor a\u00a0<a href=\"https:\/\/www.mediar.cz\/fucik-a-jenik-zastupci-sefredaktora-eura\/\">z\u00e1stupce \u0161\u00e9fredaktora<\/a>. Pat\u0159\u00ed k\u00a0zakl\u00e1daj\u00edc\u00edm \u010dlen\u016fm redakce t\u00fdden\u00edku Hrot, kde dosud p\u016fsobil tak\u00e9 jako z\u00e1stupce \u0161\u00e9fredaktora.<\/p>\n<p><img loading=\"lazy\" decoding=\"async\" class=\"alignnone size-medium wp-image-435\" src=\"http:\/\/www.automakersnews.cz\/wp-content\/uploads\/2022\/09\/Hrot-kopirka-300x158.jpeg\" alt=\"\" width=\"300\" height=\"158\" srcset=\"https:\/\/www.automakersnews.cz\/wp-content\/uploads\/2022\/09\/Hrot-kopirka-300x158.jpeg 300w, https:\/\/www.automakersnews.cz\/wp-content\/uploads\/2022\/09\/Hrot-kopirka-1024x538.jpeg 1024w, https:\/\/www.automakersnews.cz\/wp-content\/uploads\/2022\/09\/Hrot-kopirka-768x403.jpeg 768w, https:\/\/www.automakersnews.cz\/wp-content\/uploads\/2022\/09\/Hrot-kopirka.jpeg 1200w\" sizes=\"auto, (max-width: 300px) 100vw, 300px\" \/><\/p>\n<p>&nbsp;<\/p>\n<p>&nbsp;<\/p>\n","protected":false},"excerpt":{"rendered":"<div class=\"mh-excerpt\"><p>T\u00fdden\u00edk Hrot, kter\u00fd vych\u00e1z\u00ed od kv\u011btna 2020, zprvu pat\u0159il spole\u010dnosti Touzimsky Publishing v \u010dele s investorem Janem Veverkou. Letos do firmy Hrot, kter\u00e1 \u010dasopis vyd\u00e1v\u00e1, <a class=\"mh-excerpt-more\" href=\"https:\/\/www.automakersnews.cz\/index.php\/2022\/09\/05\/tydenik-hrot-meni-majitele-i-sefredaktora\/\" title=\"T\u00fdden\u00edk Hrot m\u011bn\u00ed majitele i \u0161\u00e9fredaktora\">[&#8230;]<\/a><\/p>\n<\/div>","protected":false},"author":1,"featured_media":436,"comment_status":"open","ping_status":"open","sticky":false,"template":"","format":"standard","meta":{"footnotes":""},"categories":[2],"tags":[],"class_list":["post-434","post","type-post","status-publish","format-standard","has-post-thumbnail","hentry","category-news"],"_links":{"self":[{"href":"https:\/\/www.automakersnews.cz\/index.php\/wp-json\/wp\/v2\/posts\/434","targetHints":{"allow":["GET"]}}],"collection":[{"href":"https:\/\/www.automakersnews.cz\/index.php\/wp-json\/wp\/v2\/posts"}],"about":[{"href":"https:\/\/www.automakersnews.cz\/index.php\/wp-json\/wp\/v2\/types\/post"}],"author":[{"embeddable":true,"href":"https:\/\/www.automakersnews.cz\/index.php\/wp-json\/wp\/v2\/users\/1"}],"replies":[{"embeddable":true,"href":"https:\/\/www.automakersnews.cz\/index.php\/wp-json\/wp\/v2\/comments?post=434"}],"version-history":[{"count":0,"href":"https:\/\/www.automakersnews.cz\/index.php\/wp-json\/wp\/v2\/posts\/434\/revisions"}],"wp:featuredmedia":[{"embeddable":true,"href":"https:\/\/www.automakersnews.cz\/index.php\/wp-json\/wp\/v2\/media\/436"}],"wp:attachment":[{"href":"https:\/\/www.automakersnews.cz\/index.php\/wp-json\/wp\/v2\/media?parent=434"}],"wp:term":[{"taxonomy":"category","embeddable":true,"href":"https:\/\/www.automakersnews.cz\/index.php\/wp-json\/wp\/v2\/categories?post=434"},{"taxonomy":"post_tag","embeddable":true,"href":"https:\/\/www.automakersnews.cz\/index.php\/wp-json\/wp\/v2\/tags?post=434"}],"curies":[{"name":"wp","href":"https:\/\/api.w.org\/{rel}","templated":true}]}}