{"id":43474,"date":"2023-05-03T08:27:07","date_gmt":"2023-05-03T08:27:07","guid":{"rendered":"https:\/\/www.automakersnews.cz\/?p=43474"},"modified":"2023-05-03T08:27:07","modified_gmt":"2023-05-03T08:27:07","slug":"tatra-jde-na-veletrh-defence-athens","status":"publish","type":"post","link":"https:\/\/www.automakersnews.cz\/index.php\/2023\/05\/03\/tatra-jde-na-veletrh-defence-athens\/","title":{"rendered":"Tatra jde na veletrh Defence Athens"},"content":{"rendered":"<p class=\"xmprfx_MsoNormal\"><b>At\u00e9ny host\u00ed ve dnech 9. a\u017e 11. kv\u011btna 2023 druh\u00fd ro\u010dn\u00edk veletrhu Defence Exhibition Athens (DEFEA) 2023. Veletrh je ur\u010den pro odborn\u00edky z oblasti obrany, bezpe\u010dnosti, vojenstv\u00ed, policie, z\u00e1chrann\u00fdch slo\u017eek a dal\u0161\u00edch souvisej\u00edc\u00edch sektor\u016f. <\/b><!--more--><\/p>\n<p class=\"xmprfx_MsoNormal\">Na veletrhu bude ofici\u00e1ln\u011b zastoupena i \u010cesk\u00e1 republika a mezi \u010desk\u00fdmi vystavovateli se prost\u0159ednictv\u00edm sv\u00e9 dce\u0159in\u00e9 spole\u010dnosti Tatra Export p\u0159edstav\u00ed automobilka Tatra Trucks, pro kterou je \u0158ecko a St\u0159edomo\u0159\u00ed zaj\u00edmav\u00fdm a perspektivn\u00edm trhem.<\/p>\n<p class=\"xmprfx_MsoNormal\">Veletrh DEFEA navazuje na tradici v\u00fdstav DEFENDORY a je nejv\u011bt\u0161\u00edm veletrhem obrann\u00e9ho a bezpe\u010dnostn\u00edho pr\u016fmyslu ve St\u0159edomo\u0159\u00ed, p\u0159esto\u017ee se bude konat teprve jeho druh\u00fd ro\u010dn\u00edk.<\/p>\n<p class=\"xmprfx_MsoNormal\">Podobn\u011b jako v roce 2021 nab\u00eddne p\u0159ehled nejnov\u011bj\u0161\u00edch technologi\u00ed, produkt\u016f a slu\u017eeb pro pozemn\u00ed s\u00edly, n\u00e1mo\u0159nictvo, letectvo i kybernetickou nebo elektronickou bezpe\u010dnost a bude doprov\u00e1zen bohat\u00fdm programem konferenc\u00ed, semin\u00e1\u0159\u016f, workshop\u016f a \u017eiv\u00fdch uk\u00e1zek.<\/p>\n<p class=\"xmprfx_MsoNormal\">Do Ath\u00e9n vy\u0161le sv\u00e9 z\u00e1stupce i spole\u010dnost Tatra Export, zastupuj\u00edc\u00ed automobilku Tatra Trucks. V expozici p\u0159edstav\u00ed cel\u00e9 portfolio modelov\u00fdch \u0159ad Tatra Force a Tatra Phoenix ur\u010den\u00fdch pro vojensk\u00e9 aplikace. Dom\u00e9nou prezentace bude nov\u00e9 proveden\u00ed t\u011b\u017ek\u00e9ho logistick\u00e9ho vozu Tatra Phoenix s podvozkem 8&#215;8, kter\u00fd je vybaven panc\u00e9\u0159ovanou kabinou odpov\u00eddaj\u00edc\u00ed standard\u016fm NATO.<\/p>\n<p class=\"xmprfx_MsoNormal\">Tatra Phoenix s panc\u00e9\u0159ovanou kabinou m\u011bla sv\u011btovou premi\u00e9ru loni na veletrhu Eurosatory v Pa\u0159\u00ed\u017ei, kde byla k vid\u011bn\u00ed ve verzi t\u011b\u017ek\u00fd taha\u010d. V Ath\u00e9n\u00e1ch firma p\u0159edstav\u00ed novinku v podob\u011b h\u00e1kov\u00e9ho naklada\u010de pro p\u0159evoz unifikovan\u00fdch kontejner\u016f. V\u016fz je vybaven kabinou, kter\u00e1 byla vyvinuta ve spole\u010dnosti Tatra Defence Vehicle, je\u017e se vyzna\u010duje jednou z nejvy\u0161\u0161\u00edch \u00farovn\u00ed balistick\u00e9 a protiminov\u00e9 odolnosti ve sv\u00e9 kategorii a nab\u00edz\u00ed tak nadstandardn\u00ed stupe\u0148 ochrany os\u00e1dky.<\/p>\n<p class=\"xmprfx_MsoNormal\">\u0158ada Tatra Phoenix vyu\u017e\u00edv\u00e1 kombinaci origin\u00e1ln\u00edho podvozku tatrov\u00e1ck\u00e9 koncepce s centr\u00e1ln\u00ed nosnou rourou a v\u00fdkyvn\u00fdmi nez\u00e1visle zav\u011b\u0161en\u00fdmi polon\u00e1pravami s konstruk\u010dn\u00edmi skupinami zahrani\u010dn\u00edch v\u00fdrobc\u016f \u2013 standardn\u00ed kabiny DAF, motory Paccar \u010di p\u0159evodovky ZF a Allison.<\/p>\n<p class=\"xmprfx_MsoNormal\">\u0158ada Tatra Phoenix ji\u017e na\u0161la uplatn\u011bn\u00ed i v arm\u00e1d\u00e1ch NATO. Tatra Trucks nap\u0159\u00edklad ve spolupr\u00e1ci s firmou DAF Trucks a Tatra Defence Vehicle v sou\u010dasn\u00e9 dob\u011b pln\u00ed zak\u00e1zku pro belgickou arm\u00e1du na stovky logistick\u00fdch vozidel DAF CF Military, kter\u00e9 jsou odvozen\u00e9 pr\u00e1v\u011b od modelov\u00e9 \u0159ady Tatra Phoenix. Vozy Phoenix d\u00e1le slou\u017e\u00ed i v \u010desk\u00e9 nebo nizozemsk\u00e9 arm\u00e1d\u011b.<\/p>\n<p class=\"xmprfx_MsoNormal\">St\u011b\u017eejn\u00edm produktem spole\u010dnosti Tatra Trucks pro oblast defence je modelov\u00e1 \u0159ada Tatra Force dod\u00e1van\u00e1 v konfigurac\u00edch 4&#215;4 a\u017e 10&#215;10 i v\u00edce. Vozy a podvozky t\u00e9to \u0159ady Tatra dod\u00e1v\u00e1 Arm\u00e1d\u011b \u010cesk\u00e9 republiky a arm\u00e1d\u00e1m v Evrop\u011b (N\u011bmecko, D\u00e1nsko, Slovensko, Polsko, Ukrajina atd.), Ji\u017en\u00edm Americe \u010di Asii (nap\u0159\u00edklad Braz\u00edlie, Indon\u00e9sie, Sa\u00fadsk\u00e1 Ar\u00e1bie, Spojen\u00e9 arabsk\u00e9 emir\u00e1ty atd.)<\/p>\n<p class=\"xmprfx_MsoNormal\">V minul\u00e9m roce do\u0161lo tak\u00e9 na testy typu Tatra Force v \u0158ecku, kde si jeho vlastnosti vyzkou\u0161eli p\u0159\u00edslu\u0161n\u00edci \u0159eck\u00e9 arm\u00e1dy.<\/p>\n<p class=\"xmprfx_MsoNormal\">Vozy \u0159ady Force jsou rovn\u011b\u017e postaveny na tatrov\u00e1ck\u00e9m podvozku s centr\u00e1ln\u00ed nosnou rourou a v\u00fdkyvn\u00fdmi nez\u00e1visle zav\u011b\u0161en\u00fdmi polon\u00e1pravami. Disponuj\u00ed vzduchem p\u0159\u00edmo chlazen\u00fdmi osmiv\u00e1lcov\u00fdmi nebo dvan\u00e1ctiv\u00e1lcov\u00fdmi motory Tatra nebo kapalinou chlazen\u00fdmi jednotkami zahrani\u010dn\u00edch v\u00fdrobc\u016f (nap\u0159. Cummins). Automobily t\u00e9to \u0159ady jsou osazov\u00e1ny standardn\u00edmi kabinami vyvinut\u00fdmi v Tatra Trucks ve dvou nebo \u010dty\u0159dve\u0159ov\u00e9m proveden\u00ed. Partnersk\u00e1 spole\u010dnost Tatra Defence Vehicle pro tuto modelovou \u0159adu vyr\u00e1b\u00ed tak\u00e9 panc\u00e9\u0159ovan\u00e9 kabiny v r\u016fzn\u00fdch stupn\u00edch odolnosti certifikovan\u00e9 dle standard\u016f NATO, rovn\u011b\u017e ve dvou nebo \u010dty\u0159dve\u0159ov\u00e9 verzi.<\/p>\n<p class=\"xmprfx_MsoNormal\">Veletrh DEFEA po\u0159\u00e1d\u00e1 spole\u010dnost ROTA pod z\u00e1\u0161titou \u0159eck\u00e9ho ministerstva n\u00e1rodn\u00ed bezpe\u010dnosti ve spolupr\u00e1ci s \u0159eckou asociac\u00ed v\u00fdrobc\u016f obrann\u00e9ho pr\u016fmyslu. V roce 2021 na n\u011bm vystavovalo 315 \u00fa\u010dastn\u00edk\u016f z 22 zem\u00ed, nav\u0161t\u00edvilo jej p\u0159es 12 tis\u00edc n\u00e1v\u0161t\u011bvn\u00edk\u016f a 45 ofici\u00e1ln\u00edch delegac\u00ed, v\u010detn\u011b delegace A\u010cR v \u010dele s tehdej\u0161\u00edm n\u00e1\u010deln\u00edkem gener\u00e1ln\u00edho \u0161t\u00e1bu arm. gen. Ale\u0161em Opatou.<\/p>\n","protected":false},"excerpt":{"rendered":"<div class=\"mh-excerpt\"><p>At\u00e9ny host\u00ed ve dnech 9. a\u017e 11. kv\u011btna 2023 druh\u00fd ro\u010dn\u00edk veletrhu Defence Exhibition Athens (DEFEA) 2023. Veletrh je ur\u010den pro odborn\u00edky z oblasti obrany, <a class=\"mh-excerpt-more\" href=\"https:\/\/www.automakersnews.cz\/index.php\/2023\/05\/03\/tatra-jde-na-veletrh-defence-athens\/\" title=\"Tatra jde na veletrh Defence Athens\">[&#8230;]<\/a><\/p>\n<\/div>","protected":false},"author":1,"featured_media":43475,"comment_status":"open","ping_status":"open","sticky":false,"template":"","format":"standard","meta":{"footnotes":""},"categories":[28],"tags":[],"class_list":["post-43474","post","type-post","status-publish","format-standard","has-post-thumbnail","hentry","category-vystavy"],"_links":{"self":[{"href":"https:\/\/www.automakersnews.cz\/index.php\/wp-json\/wp\/v2\/posts\/43474","targetHints":{"allow":["GET"]}}],"collection":[{"href":"https:\/\/www.automakersnews.cz\/index.php\/wp-json\/wp\/v2\/posts"}],"about":[{"href":"https:\/\/www.automakersnews.cz\/index.php\/wp-json\/wp\/v2\/types\/post"}],"author":[{"embeddable":true,"href":"https:\/\/www.automakersnews.cz\/index.php\/wp-json\/wp\/v2\/users\/1"}],"replies":[{"embeddable":true,"href":"https:\/\/www.automakersnews.cz\/index.php\/wp-json\/wp\/v2\/comments?post=43474"}],"version-history":[{"count":0,"href":"https:\/\/www.automakersnews.cz\/index.php\/wp-json\/wp\/v2\/posts\/43474\/revisions"}],"wp:featuredmedia":[{"embeddable":true,"href":"https:\/\/www.automakersnews.cz\/index.php\/wp-json\/wp\/v2\/media\/43475"}],"wp:attachment":[{"href":"https:\/\/www.automakersnews.cz\/index.php\/wp-json\/wp\/v2\/media?parent=43474"}],"wp:term":[{"taxonomy":"category","embeddable":true,"href":"https:\/\/www.automakersnews.cz\/index.php\/wp-json\/wp\/v2\/categories?post=43474"},{"taxonomy":"post_tag","embeddable":true,"href":"https:\/\/www.automakersnews.cz\/index.php\/wp-json\/wp\/v2\/tags?post=43474"}],"curies":[{"name":"wp","href":"https:\/\/api.w.org\/{rel}","templated":true}]}}