{"id":43478,"date":"2023-05-03T08:40:57","date_gmt":"2023-05-03T08:40:57","guid":{"rendered":"https:\/\/www.automakersnews.cz\/?p=43478"},"modified":"2023-05-03T08:42:26","modified_gmt":"2023-05-03T08:42:26","slug":"bmw-opet-obslouzi-hosty-mff-karlovy-vary","status":"publish","type":"post","link":"https:\/\/www.automakersnews.cz\/index.php\/2023\/05\/03\/bmw-opet-obslouzi-hosty-mff-karlovy-vary\/","title":{"rendered":"Vozy BMW op\u011bt obslou\u017e\u00ed MFF Karlovy Vary"},"content":{"rendered":"<p><strong>Po v\u011bt\u0161inu novodob\u00fdch ro\u010dn\u00edk\u016f vozila hosty Mezin\u00e1rodn\u00edho filmov\u00e9ho festivalu Karlovy Vary zna\u010dka Audi, p\u0159ed dev\u00edti lety ji ale v roli sponzora akce nahradilo BMW. Letos se v l\u00e1zn\u00edch uk\u00e1\u017ee u\u017e po dev\u00e1t\u00e9, p\u0159iveze des\u00edtky voz\u016f r\u016fzn\u00fdch modelov\u00fdch \u0159ad z vy\u0161\u0161\u00edch segment\u016f.<\/strong><!--more--><\/p>\n<p>Festival se uskute\u010dn\u00ed v term\u00ednu 30. 6.\u20138. 7. 2023. &#8222;Na n\u00e1v\u0161t\u011bvn\u00edky Mezin\u00e1rodn\u00edho filmov\u00e9ho festivalu Karlovy Vary, jeho\u017e sl\u00e1va ji\u017e d\u00e1vno p\u0159ekra\u010duje hranice \u010cesk\u00e9 republiky, bude \u010dekat atraktivn\u00ed prezentace zna\u010dky BMW, a to op\u011bt s t\u00edm nejlep\u0161\u00edm, co zna\u010dka aktu\u00e1ln\u011b nab\u00edz\u00ed. Na sv\u00e9 si tak\u00e9 p\u0159ijdou fanou\u0161ci MINI a BMW Motorrad,&#8220; uvedla automobilka.<\/p>\n<p>Po minul\u00e9m \u00fasp\u011b\u0161n\u00e9m ro\u010dn\u00edku se BMW Lounge op\u011bt vr\u00e1t\u00ed do centra Karlov\u00fdch Var\u016f na Divadeln\u00ed n\u00e1m\u011bst\u00ed 1 do budovy b\u00fdval\u00e9 Sparkasse a bude p\u0159\u00edstupn\u00fd po celou dobu kon\u00e1n\u00ed Mezin\u00e1rodn\u00edho filmov\u00e9ho festivalu Karlovy Vary.<\/p>\n<p><img loading=\"lazy\" decoding=\"async\" class=\"alignnone size-large wp-image-43480\" src=\"http:\/\/www.automakersnews.cz\/wp-content\/uploads\/2023\/05\/BMW-Bartoska-cena-1024x683.jpg\" alt=\"\" width=\"1024\" height=\"683\" \/><\/p>\n","protected":false},"excerpt":{"rendered":"<div class=\"mh-excerpt\"><p>Po v\u011bt\u0161inu novodob\u00fdch ro\u010dn\u00edk\u016f vozila hosty Mezin\u00e1rodn\u00edho filmov\u00e9ho festivalu Karlovy Vary zna\u010dka Audi, p\u0159ed dev\u00edti lety ji ale v roli sponzora akce nahradilo BMW. Letos <a class=\"mh-excerpt-more\" href=\"https:\/\/www.automakersnews.cz\/index.php\/2023\/05\/03\/bmw-opet-obslouzi-hosty-mff-karlovy-vary\/\" title=\"Vozy BMW op\u011bt obslou\u017e\u00ed MFF Karlovy Vary\">[&#8230;]<\/a><\/p>\n<\/div>","protected":false},"author":1,"featured_media":43479,"comment_status":"open","ping_status":"open","sticky":false,"template":"","format":"standard","meta":{"footnotes":""},"categories":[30,18],"tags":[],"class_list":["post-43478","post","type-post","status-publish","format-standard","has-post-thumbnail","hentry","category-marketing","category-sponzoring"],"_links":{"self":[{"href":"https:\/\/www.automakersnews.cz\/index.php\/wp-json\/wp\/v2\/posts\/43478","targetHints":{"allow":["GET"]}}],"collection":[{"href":"https:\/\/www.automakersnews.cz\/index.php\/wp-json\/wp\/v2\/posts"}],"about":[{"href":"https:\/\/www.automakersnews.cz\/index.php\/wp-json\/wp\/v2\/types\/post"}],"author":[{"embeddable":true,"href":"https:\/\/www.automakersnews.cz\/index.php\/wp-json\/wp\/v2\/users\/1"}],"replies":[{"embeddable":true,"href":"https:\/\/www.automakersnews.cz\/index.php\/wp-json\/wp\/v2\/comments?post=43478"}],"version-history":[{"count":0,"href":"https:\/\/www.automakersnews.cz\/index.php\/wp-json\/wp\/v2\/posts\/43478\/revisions"}],"wp:featuredmedia":[{"embeddable":true,"href":"https:\/\/www.automakersnews.cz\/index.php\/wp-json\/wp\/v2\/media\/43479"}],"wp:attachment":[{"href":"https:\/\/www.automakersnews.cz\/index.php\/wp-json\/wp\/v2\/media?parent=43478"}],"wp:term":[{"taxonomy":"category","embeddable":true,"href":"https:\/\/www.automakersnews.cz\/index.php\/wp-json\/wp\/v2\/categories?post=43478"},{"taxonomy":"post_tag","embeddable":true,"href":"https:\/\/www.automakersnews.cz\/index.php\/wp-json\/wp\/v2\/tags?post=43478"}],"curies":[{"name":"wp","href":"https:\/\/api.w.org\/{rel}","templated":true}]}}