{"id":43485,"date":"2023-05-03T09:00:29","date_gmt":"2023-05-03T09:00:29","guid":{"rendered":"https:\/\/www.automakersnews.cz\/?p=43485"},"modified":"2023-05-03T09:00:29","modified_gmt":"2023-05-03T09:00:29","slug":"autosap-cesky-autoprumysl-se-zlepsuje","status":"publish","type":"post","link":"https:\/\/www.automakersnews.cz\/index.php\/2023\/05\/03\/autosap-cesky-autoprumysl-se-zlepsuje\/","title":{"rendered":"AutoSAP: \u010desk\u00fd autopr\u016fmysl se zlep\u0161uje"},"content":{"rendered":"<p><strong>Situace v \u010desk\u00e9m autopr\u016fmyslu se z\u00e1sadn\u011b zlep\u0161ila, uvedl v rozhovoru pro Seznam Zpr\u00e1vy Petr Nov\u00e1k, \u010dlen p\u0159edstavenstva\u00a0<a href=\"https:\/\/www.linkedin.com\/company\/sdruzeni-automobiloveho-prumyslu\/\" data-attribute-index=\"6\" data-entity-type=\"MINI_COMPANY\">Sdru\u017een\u00ed automobilov\u00e9ho pr\u016fmyslu<\/a>, p\u0159edseda Divize dodavatel\u016f a\u00a0\u00fa\u010delov\u00fdch organizac\u00ed a \u0159editel divize automotive JTEKT Europe.<\/strong><!--more--><\/p>\n<p>Zlep\u0161en\u00ed podle Nov\u00e1ka deklaruj\u00ed \u010d\u00edsla v\u00fdroby za prvn\u00ed kvart\u00e1l roku 2023, kter\u00e1 se v b\u0159eznu dokonce p\u0159ibl\u00ed\u017eila hodnot\u00e1m p\u0159edkrizov\u00e9ho roku 2019.<\/p>\n<p>I p\u0159esto je v\u00fdhled na nadch\u00e1zej\u00edc\u00ed dny, t\u00fddny i m\u011bs\u00edce n\u011bco jako v\u011b\u0161t\u011bn\u00ed z k\u0159i\u0161\u0165\u00e1lov\u00e9 koule.<\/p>\n","protected":false},"excerpt":{"rendered":"<div class=\"mh-excerpt\"><p>Situace v \u010desk\u00e9m autopr\u016fmyslu se z\u00e1sadn\u011b zlep\u0161ila, uvedl v rozhovoru pro Seznam Zpr\u00e1vy Petr Nov\u00e1k, \u010dlen p\u0159edstavenstva\u00a0Sdru\u017een\u00ed automobilov\u00e9ho pr\u016fmyslu, p\u0159edseda Divize dodavatel\u016f a\u00a0\u00fa\u010delov\u00fdch organizac\u00ed a <a class=\"mh-excerpt-more\" href=\"https:\/\/www.automakersnews.cz\/index.php\/2023\/05\/03\/autosap-cesky-autoprumysl-se-zlepsuje\/\" title=\"AutoSAP: \u010desk\u00fd autopr\u016fmysl se zlep\u0161uje\">[&#8230;]<\/a><\/p>\n<\/div>","protected":false},"author":1,"featured_media":43486,"comment_status":"open","ping_status":"open","sticky":false,"template":"","format":"standard","meta":{"footnotes":""},"categories":[6,27],"tags":[],"class_list":["post-43485","post","type-post","status-publish","format-standard","has-post-thumbnail","hentry","category-analyza","category-media"],"_links":{"self":[{"href":"https:\/\/www.automakersnews.cz\/index.php\/wp-json\/wp\/v2\/posts\/43485","targetHints":{"allow":["GET"]}}],"collection":[{"href":"https:\/\/www.automakersnews.cz\/index.php\/wp-json\/wp\/v2\/posts"}],"about":[{"href":"https:\/\/www.automakersnews.cz\/index.php\/wp-json\/wp\/v2\/types\/post"}],"author":[{"embeddable":true,"href":"https:\/\/www.automakersnews.cz\/index.php\/wp-json\/wp\/v2\/users\/1"}],"replies":[{"embeddable":true,"href":"https:\/\/www.automakersnews.cz\/index.php\/wp-json\/wp\/v2\/comments?post=43485"}],"version-history":[{"count":0,"href":"https:\/\/www.automakersnews.cz\/index.php\/wp-json\/wp\/v2\/posts\/43485\/revisions"}],"wp:featuredmedia":[{"embeddable":true,"href":"https:\/\/www.automakersnews.cz\/index.php\/wp-json\/wp\/v2\/media\/43486"}],"wp:attachment":[{"href":"https:\/\/www.automakersnews.cz\/index.php\/wp-json\/wp\/v2\/media?parent=43485"}],"wp:term":[{"taxonomy":"category","embeddable":true,"href":"https:\/\/www.automakersnews.cz\/index.php\/wp-json\/wp\/v2\/categories?post=43485"},{"taxonomy":"post_tag","embeddable":true,"href":"https:\/\/www.automakersnews.cz\/index.php\/wp-json\/wp\/v2\/tags?post=43485"}],"curies":[{"name":"wp","href":"https:\/\/api.w.org\/{rel}","templated":true}]}}