{"id":4369,"date":"2022-11-22T13:42:21","date_gmt":"2022-11-22T13:42:21","guid":{"rendered":"https:\/\/www.automakersnews.cz\/?p=4369"},"modified":"2022-11-22T13:42:21","modified_gmt":"2022-11-22T13:42:21","slug":"volvo-clenem-koalice-accelerating-to-zero","status":"publish","type":"post","link":"https:\/\/www.automakersnews.cz\/index.php\/2022\/11\/22\/volvo-clenem-koalice-accelerating-to-zero\/","title":{"rendered":"Volvo \u010dlenem koalice Accelerating to Zero"},"content":{"rendered":"<p><strong><span style=\"font-family: Arial, serif;\"><span style=\"font-size: small;\"><span style=\"color: #333333;\">Volvo Cars se p\u0159ipojila ke koalici Accelerating to Zero, jej\u00ed\u017e \u010dinnost byla zah\u00e1jena <\/span><\/span><\/span><span style=\"font-family: Arial, serif;\"><span style=\"font-size: small;\"><span style=\"color: #333333;\">17. listopadu 2022 na leto\u0161n\u00ed konferenci o zm\u011bn\u011b klimatu COP27, kterou po\u0159\u00e1d\u00e1 OSN v egyptsk\u00e9m m\u011bst\u011b \u0160arm a\u0161-\u0160ajch.<\/span><\/span><\/span><\/strong><!--more--><\/p>\n<p><span style=\"color: #333333;\"><span style=\"font-family: Arial, serif;\"><span style=\"font-size: small;\">V pr\u016fb\u011bhu konference COP27 spole\u010dnost Volvo Cars d\u00e1le vyzvala jednotliv\u00e9 zem\u011b, aby zintenzivnily sv\u00e1 vlastn\u00ed opat\u0159en\u00ed v oblasti klimatu a \u010delily hrozb\u011b glob\u00e1ln\u00edho oteplov\u00e1n\u00ed. <\/span><\/span><\/span><span style=\"color: #333333;\"><span style=\"font-family: Arial, serif;\"><span style=\"font-size: small;\">Koalice Accelerating to Zero je tvo\u0159ena \u0161irokou skupinou z\u00fa\u010dastn\u011bn\u00fdch stran, kter\u00e9 se zav\u00e1zaly <\/span><\/span><\/span><span style=\"color: #333333;\"><span style=\"font-family: Arial, serif;\"><span style=\"font-size: small;\">k usnadn\u011bn\u00ed a urychlen\u00ed p\u0159echodu na mobilitu s nulov\u00fdmi emisemi.<\/span><\/span><\/span><\/p>\n<p><span style=\"color: #333333;\"><span style=\"font-family: Arial, serif;\"><span style=\"font-size: small;\">C\u00edle koalice stav\u00ed na Glasgowsk\u00e9 deklaraci o nulov\u00fdch emis\u00edch osobn\u00edch a n\u00e1kladn\u00edch vozidel, sjednan\u00e9 na lo\u0148sk\u00e9 konferenci COP26. Signat\u00e1\u0159i se zav\u00e1zali pracovat na tom, aby nejpozd\u011bji do roku 2040 \u017e\u00e1dn\u00e1 z vozidel prod\u00e1van\u00fdch po cel\u00e9m sv\u011bt\u011b neprodukovala \u017e\u00e1dn\u00e9 emise ve v\u00fdfukov\u00fdch plynech. Pro p\u0159edn\u00ed trhy, jak\u00fdmi jsou Evropa, \u010c\u00edna, Japonsko a USA, je tento term\u00edn stanoven ji\u017e na rok 2035.<\/span><\/span><\/span><\/p>\n<p><span style=\"color: #333333;\"><span style=\"font-family: Arial, serif;\"><span style=\"font-size: small;\">Vytvo\u0159en\u00ed t\u00e9to koalice je odpov\u011bd\u00ed na pot\u0159ebu mezin\u00e1rodn\u00ed platformy pro glob\u00e1ln\u00ed veden\u00ed sm\u011brem <\/span><\/span><\/span><span style=\"color: #333333;\"><span style=\"font-family: Arial, serif;\"><span style=\"font-size: small;\">k v\u00fdrob\u011b vozidel bez emis\u00ed ve v\u00fdfukov\u00fdch plynech (ZEV). Jej\u00ed ambic\u00ed je prost\u0159ednictv\u00edm \u00fazk\u00e9 spolupr\u00e1ce p\u0159isp\u011bt k vytvo\u0159en\u00ed spr\u00e1vn\u00fdch podm\u00ednek pro pos\u00edlen\u00ed v\u00fdroby osobn\u00edch automobil\u016f a dod\u00e1vek s nulov\u00fdmi emisemi ve v\u00fdfukov\u00fdch plynech, \u010deho\u017e chce dos\u00e1hnout prost\u0159ednictv\u00edm elektrifikace korpor\u00e1tn\u00edch flotil a rozvoje komplexn\u00ed infrastruktury pro nab\u00edjen\u00ed elektrick\u00fdch vozidel.<\/span><\/span><\/span><\/p>\n<p><span style=\"color: #333333;\"><span style=\"font-family: Arial, serif;\"><span style=\"font-size: small;\">Gener\u00e1ln\u00ed \u0159editel automobilky Volvo Cars Jim Rowan p\u0159i p\u0159edstaven\u00ed koalice v r\u00e1mci konference COP27 uv\u00edtal jej\u00ed zformov\u00e1n\u00ed a p\u0159\u00edstup zalo\u017een\u00fd na spolupr\u00e1ci, p\u0159i\u010dem\u017e vyz\u00fdv\u00e1 dal\u0161\u00ed v\u00fdrobce, aby podepsali v\u00fd\u0161e zm\u00edn\u011bnou deklaraci a p\u0159ipojili se ke koalici.<\/span><\/span><\/span><\/p>\n<p><span style=\"color: #333333;\"><span style=\"font-family: Arial, serif;\"><span style=\"font-size: small;\">V souladu s c\u00edlem st\u00e1t se do roku 2030 v\u00fdrobcem pln\u011b elektrick\u00fdch vozidel m\u00e1 automobilka Volvo Cars v \u00famyslu ovlivnit tempo p\u0159echodu automobilov\u00e9ho pr\u016fmyslu na kompletn\u00ed elektrifikaci.<\/span><\/span><\/span><\/p>\n<p><span style=\"color: #333333;\"><span style=\"font-family: Arial, serif;\"><span style=\"font-size: small;\">Na konferenci Jim Rowan uvedl: \u201eSpalovac\u00ed motory p\u0159edstavuj\u00ed technologii minulosti, a pokud se chceme postavit nejv\u011bt\u0161\u00ed hrozb\u011b, kter\u00e9 nyn\u00ed lidstvo \u010del\u00ed, tedy klimatick\u00e9 zm\u011bn\u011b, je t\u0159eba tuto technologii opustit.\u201c<\/span><\/span><\/span><\/p>\n<p><span style=\"color: #333333;\"><span style=\"font-family: Arial, serif;\"><span style=\"font-size: small;\">Toto ozn\u00e1men\u00ed p\u0159ich\u00e1z\u00ed t\u00fdden po uveden\u00ed nov\u00e9, pln\u011b elektrick\u00e9 vlajkov\u00e9 lodi automobilky Volvo Cars: modelu Volvo EX90. V n\u00e1sleduj\u00edc\u00edch letech pak hodl\u00e1 spole\u010dnost uv\u00e9st na trh ka\u017ed\u00fd rok v\u017edy jeden nov\u00fd elektrick\u00fd model.<\/span><\/span><\/span><\/p>\n<p><span style=\"color: #333333;\"><span style=\"font-family: Arial, serif;\"><span style=\"font-size: small;\">Sama spole\u010dnost Volvo Cars se p\u0159ipojila k v\u00edce ne\u017e 200 dal\u0161\u00edch firem a ob\u010dansk\u00fdch organizac\u00ed a podepsala v\u00fdzvu organizovanou koalic\u00ed We Mean Business Coalition, kter\u00e1 vyz\u00fdv\u00e1 vl\u00e1dy jednotliv\u00fdch st\u00e1t\u016f, aby zv\u00fd\u0161ily sv\u00e9 c\u00edle v oblasti klimatu a usilovaly o dosa\u017een\u00ed re\u00e1ln\u00fdch v\u00fdsledk\u016f.<\/span><\/span><\/span><\/p>\n<p><span style=\"color: #333333;\"><span style=\"font-family: Arial, serif;\"><span style=\"font-size: small;\">Po po\u0159\u00e1d\u00e1n\u00ed organizace COP26 tak dosud u\u010dinilo pouh\u00fdch 29 zem\u00ed, a\u010dkoli se k tomu prost\u0159ednictv\u00edm Glasgowsk\u00e9ho paktu o klimatu zav\u00e1zalo 194 zem\u00ed. Ve v\u00fdzv\u011b se jasn\u011b ud\u00e1v\u00e1, \u017ee glob\u00e1ln\u00ed oteplen\u00ed <\/span><\/span><\/span><span style=\"color: #333333;\"><span style=\"font-family: Arial, serif;\"><span style=\"font-size: small;\">o 1,5 \u00b0C je sp\u00ed\u0161e limitem ne\u017e c\u00edlem, a pokud sv\u011bt nechce tuto hranici p\u0159ekro\u010dit, je nezbytn\u00e9 v r\u00e1mci jednotliv\u00fdch zem\u00ed p\u0159ijmout nal\u00e9hav\u00e1 opat\u0159en\u00ed.<\/span><\/span><\/span><\/p>\n<p><span style=\"color: #333333;\"><span style=\"font-family: Arial, serif;\"><span style=\"font-size: small;\">Mimoto b\u011bhem panelov\u00e9 diskuze po\u0159\u00e1dan\u00e9 spole\u010dnost\u00ed Volvo Cars jej\u00ed \u0159editel pro udr\u017eitelnost Anders K\u00e4rrberg ozn\u00e1mil, \u017ee automobilka podporuje tak\u00e9 iniciativu Call on Carbon. Jedn\u00e1 se o iniciativu, kter\u00e1 ve spolupr\u00e1ci se spole\u010dnostmi Inter IKEA, H&amp;M Group, SSAB a dal\u0161\u00edmi urguje vl\u00e1dy, aby zavedly \u00fa\u010dinn\u00fd politick\u00fd r\u00e1mec pro stanoven\u00ed cen za emise uhl\u00edku.<\/span><\/span><\/span><\/p>\n<p><span style=\"color: #333333;\">\u201e<span style=\"font-family: Arial, serif;\"><span style=\"font-size: small;\">Uv\u011bdomujeme si, \u017ee p\u0159i \u0159e\u0161en\u00ed probl\u00e9mu se zm\u011bnou klimatu hraje zpoplatn\u011bn\u00ed emis\u00ed uhl\u00edku z\u00e1sadn\u00ed roli,\u201c uvedl Anders K\u00e4rrberg. \u201eKdy\u017e jsme vloni na konferenci COP26 ozn\u00e1mili, \u017ee jsme si stanovili intern\u00ed cenu za ka\u017edou tunu emis\u00ed uhl\u00edku ve v\u00fd\u0161i 1 000 \u0161v\u00e9dsk\u00fdch korun, stali jsme se prvn\u00ed automobilkou, kter\u00e1 zavedla glob\u00e1ln\u00ed mechanismus pro stanovov\u00e1n\u00ed cen za emise uhl\u00edku v r\u00e1mci cel\u00e9ho sv\u00e9ho hodnotov\u00e9ho \u0159et\u011bzce.\u201c<\/span><\/span><\/span><\/p>\n<p><span style=\"color: #333333;\">\u201e<span style=\"font-family: Arial, serif;\"><span style=\"font-size: small;\">Podporou iniciativy Call on Carbon op\u011bt demonstrujeme na\u0161i v\u016fli p\u0159isp\u011bt k doveden\u00ed automobilovo pr\u016fmyslu sm\u011brem k udr\u017eiteln\u011bj\u0161\u00ed budoucnosti. Je nutn\u00e9 urgentn\u011b pracovat na p\u0159eorientov\u00e1n\u00ed finan\u010dn\u00edch mechanism\u016f, kter\u00e9 n\u00e1m pomohou udr\u017eet glob\u00e1ln\u00ed oteplov\u00e1n\u00ed v mez\u00edch <\/span><\/span><\/span><span style=\"color: #333333;\"><span style=\"font-family: Arial, serif;\"><span style=\"font-size: small;\">1,5 \u00b0C. To by mohlo zajistit vy\u0161\u0161\u00ed stabilitu pro investory a sou\u010dasn\u011b tak\u00e9 podpo\u0159it f\u00e9rov\u00fd p\u0159echod zam\u011bstnanc\u016fm, farm\u00e1\u0159\u016fm, rodin\u00e1m a komunit\u00e1m, ji\u017e budou takov\u00fdmito zm\u011bnami posti\u017eeni.\u201c<\/span><\/span><\/span><\/p>\n<p>&nbsp;<\/p>\n","protected":false},"excerpt":{"rendered":"<div class=\"mh-excerpt\"><p>Volvo Cars se p\u0159ipojila ke koalici Accelerating to Zero, jej\u00ed\u017e \u010dinnost byla zah\u00e1jena 17. listopadu 2022 na leto\u0161n\u00ed konferenci o zm\u011bn\u011b klimatu COP27, kterou po\u0159\u00e1d\u00e1 <a class=\"mh-excerpt-more\" href=\"https:\/\/www.automakersnews.cz\/index.php\/2022\/11\/22\/volvo-clenem-koalice-accelerating-to-zero\/\" title=\"Volvo \u010dlenem koalice Accelerating to Zero\">[&#8230;]<\/a><\/p>\n<\/div>","protected":false},"author":1,"featured_media":69,"comment_status":"open","ping_status":"open","sticky":false,"template":"","format":"standard","meta":{"footnotes":""},"categories":[2],"tags":[],"class_list":["post-4369","post","type-post","status-publish","format-standard","has-post-thumbnail","hentry","category-news"],"_links":{"self":[{"href":"https:\/\/www.automakersnews.cz\/index.php\/wp-json\/wp\/v2\/posts\/4369","targetHints":{"allow":["GET"]}}],"collection":[{"href":"https:\/\/www.automakersnews.cz\/index.php\/wp-json\/wp\/v2\/posts"}],"about":[{"href":"https:\/\/www.automakersnews.cz\/index.php\/wp-json\/wp\/v2\/types\/post"}],"author":[{"embeddable":true,"href":"https:\/\/www.automakersnews.cz\/index.php\/wp-json\/wp\/v2\/users\/1"}],"replies":[{"embeddable":true,"href":"https:\/\/www.automakersnews.cz\/index.php\/wp-json\/wp\/v2\/comments?post=4369"}],"version-history":[{"count":0,"href":"https:\/\/www.automakersnews.cz\/index.php\/wp-json\/wp\/v2\/posts\/4369\/revisions"}],"wp:featuredmedia":[{"embeddable":true,"href":"https:\/\/www.automakersnews.cz\/index.php\/wp-json\/wp\/v2\/media\/69"}],"wp:attachment":[{"href":"https:\/\/www.automakersnews.cz\/index.php\/wp-json\/wp\/v2\/media?parent=4369"}],"wp:term":[{"taxonomy":"category","embeddable":true,"href":"https:\/\/www.automakersnews.cz\/index.php\/wp-json\/wp\/v2\/categories?post=4369"},{"taxonomy":"post_tag","embeddable":true,"href":"https:\/\/www.automakersnews.cz\/index.php\/wp-json\/wp\/v2\/tags?post=4369"}],"curies":[{"name":"wp","href":"https:\/\/api.w.org\/{rel}","templated":true}]}}