{"id":4372,"date":"2022-11-22T14:00:54","date_gmt":"2022-11-22T14:00:54","guid":{"rendered":"https:\/\/www.automakersnews.cz\/?p=4372"},"modified":"2022-11-22T14:00:54","modified_gmt":"2022-11-22T14:00:54","slug":"autopalace-dodala-flotilu-klinice-sante","status":"publish","type":"post","link":"https:\/\/www.automakersnews.cz\/index.php\/2022\/11\/22\/autopalace-dodala-flotilu-klinice-sante\/","title":{"rendered":"AutoPalace dodala flotilu klinice Sant\u00e9"},"content":{"rendered":"<p><strong>AutoPalace prodala p\u0159es t\u0159i des\u00edtky slu\u017eebn\u00edch voz\u016f spole\u010dnosti TeamPrevent-Sant\u00e9. Slavnostn\u00ed p\u0159ed\u00e1n\u00ed 33 voz\u016f Volkswagen Golf se uskute\u010dnilo v pobo\u010dce AutoPalace Z\u00e1pad v Tuchom\u011b\u0159ic\u00edch. Z \u010deho se skl\u00e1d\u00e1 flotila kliniky a kdo p\u0159edal kl\u00ed\u010de?<\/strong><!--more--><\/p>\n<p>P\u0159edan\u00e1 firemn\u00ed flotila se skl\u00e1d\u00e1 p\u0159edev\u0161\u00edm z voz\u016f Volkswagen Golf v karos\u00e1\u0159sk\u00e9 variant\u011b hatchback s benz\u00ednov\u00fdm motorem 1,0 TSI, disponuj\u00edc\u00edm v\u00fdkonem 81 kW a ve st\u0159edn\u00ed v\u00fdbav\u011b Life. Sou\u010d\u00e1st\u00ed dod\u00e1vky je tak\u00e9 p\u011bt voz\u016f stejn\u00e9 modelov\u00e9 \u0159ady, av\u0161ak v prostorn\u011bj\u0161\u00ed verzi Variant s motorem 1,5 TSI o v\u00fdkonu 96 kW a ve vy\u0161\u0161\u00ed v\u00fdbav\u011b Style.<\/p>\n<p>TeamPrevent-Sant\u00e9, poskytuj\u00edc\u00ed p\u0159edev\u0161\u00edm komplexn\u00ed slu\u017eby v oblasti pracovn\u00edho l\u00e9ka\u0159stv\u00ed, nadstandardn\u00ed l\u00e9ka\u0159sk\u00e9 p\u00e9\u010de, bezpe\u010dnosti a ochrany zdrav\u00ed, prevence po\u017e\u00e1rn\u00ed ochrany a vzd\u011bl\u00e1v\u00e1n\u00ed, bude vyu\u017e\u00edvat zm\u00edn\u011bnou flotilu firemn\u00edch voz\u016f k zaji\u0161t\u011bn\u00ed \u010dinnosti sv\u00fdch technik\u016f a zdravotn\u00edho person\u00e1lu po cel\u00e9m \u00fazem\u00ed \u010cesk\u00e9 republiky.<\/p>\n<p>Spole\u010dnost AutoPalace Z\u00e1pad bude n\u00e1sledn\u011b dodavatelem v\u0161ech poprodejn\u00edch slu\u017eeb spojen\u00fdch s pravidelnou \u00fadr\u017ebou t\u011bchto firemn\u00edch voz\u016f s mo\u017enost\u00ed synergick\u00e9ho vyu\u017eit\u00ed slu\u017eeb v\u0161ech ostatn\u00edch region\u00e1ln\u00edch pobo\u010dek skupiny AutoPalace.<\/p>\n<p>\u201eV na\u0161em fin\u00e1ln\u00edm v\u00fdb\u011bru jsme zvolili Volkswagen Golf, a to hned z n\u011bkolika d\u016fvod\u016f. Vedle celkov\u00e9 spolehlivosti a n\u00edzk\u00fdch provozn\u00edch n\u00e1klad\u016f toho modelu, vn\u00edm\u00e1me poskytnut\u00ed firemn\u00edho vozu tak\u00e9 jako ur\u010ditou formu benefitu pro zam\u011bstnance. Proto jsme cht\u011bli p\u0159edev\u0161\u00edm komfortn\u00ed v\u016fz v odpov\u00eddaj\u00edc\u00ed v\u00fdbav\u011b. Person\u00e1l na\u0161\u00ed firmy, pro kter\u00fd jsou tyto vozy ur\u010deny, tr\u00e1v\u00ed p\u0159i sv\u00e9 pracovn\u00ed \u010dinnosti za volantem \u010dasto v\u00edce n\u011b\u017e 200 kilometr\u016f denn\u011b. \u201d \u0159ekl p\u0159i p\u0159ed\u00e1n\u00ed voz\u016f Michal Kozdera, provozn\u00ed \u0159editel spole\u010dnosti TeamPrevent-Sant\u00e9 s.r.o. a dod\u00e1v\u00e1:<\/p>\n<p>\u201eTomu jsme samoz\u0159ejm\u011b cht\u011bli p\u0159izp\u016fsobit i pom\u011br ceny a v\u00fdbavy vozu a nab\u00eddka Volkswagenu, kterou jsme obdr\u017eeli prost\u0159ednictv\u00edm skv\u011bl\u00e9 spolupr\u00e1ce s\u00a0panem Neugebauerem z AutoPalace Z\u00e1pad, n\u00e1m p\u0159i\u0161la z tohoto pohledu ide\u00e1ln\u00ed. Samoz\u0159ejm\u011b v na\u0161em pl\u00e1nu je do budoucna pr\u016fb\u011b\u017en\u00e1 obnova na\u0161eho st\u00e1vaj\u00edc\u00edho automobilov\u00e9ho parku a po\u010d\u00edt\u00e1me tak s dal\u0161\u00ed investic\u00ed do nov\u00fdch firemn\u00edch voz\u016f.\u201d<\/p>\n<p>Financov\u00e1n\u00ed voz\u016f p\u0159edan\u00fdch spole\u010dnosti TeamPrevent-Sant\u00e9 s.r.o je realizov\u00e1no ve spolupr\u00e1ci se spole\u010dnost\u00ed Raiffeisen Leasing.<\/p>\n<p>\u201eJsme velmi pot\u011b\u0161en\u00ed touto spolupr\u00e1ci v oblasti poskytov\u00e1n\u00ed komplexn\u00edch slu\u017eeb mobility firemn\u00ed klientele. Skupina AutoPalace p\u016fsob\u00ed na trhu ji\u017e t\u0159i des\u00edtky let a na\u0161e bohat\u00e9 zku\u0161enosti s \u00fadr\u017ebou a provozem mnoha firemn\u00edch automobilov\u00fdch park\u016f jsou z\u00e1rukou vysok\u00e9 kvality, kterou na\u0161im z\u00e1kazn\u00edk\u016fm nab\u00edz\u00edme. Cht\u011bl bych t\u00edmto pop\u0159\u00e1t spole\u010dnosti TeamPrevent-Sant\u00e9 mnoho \u0161\u0165astn\u00fdch kilometr\u016f u n\u00e1mi dodan\u00e9 flotily nov\u00fdch slu\u017eebn\u00edch voz\u016f,\u201c \u0159ekl p\u0159i jejich p\u0159ed\u00e1n\u00ed Karel Zima, \u0159editel spole\u010dnosti AutoPalace Z\u00e1pad.<\/p>\n<p><img loading=\"lazy\" decoding=\"async\" class=\"alignnone size-medium wp-image-4374\" src=\"http:\/\/www.automakersnews.cz\/wp-content\/uploads\/2022\/11\/AutoPalace-Sante-klice-scaled-e1669125641213-300x169.jpg\" alt=\"\" width=\"300\" height=\"169\" srcset=\"https:\/\/www.automakersnews.cz\/wp-content\/uploads\/2022\/11\/AutoPalace-Sante-klice-scaled-e1669125641213-300x169.jpg 300w, https:\/\/www.automakersnews.cz\/wp-content\/uploads\/2022\/11\/AutoPalace-Sante-klice-scaled-e1669125641213.jpg 560w\" sizes=\"auto, (max-width: 300px) 100vw, 300px\" \/><br \/>\nP\u0159ed\u00e1n\u00ed flotily voz\u016f Volkswagen Golf v pobo\u010dce AutoPalace Z\u00e1pad v Tuchom\u011b\u0159ic\u00edch se z\u00fa\u010dastnili Michal Kozdera, provozn\u00ed \u0159editel spole\u010dnosti TeamPrevent-Sant\u00e9 a Karel Zima, \u0159editel spole\u010dnosti AutoPalace Z\u00e1pad.<\/p>\n<p>&nbsp;<\/p>\n","protected":false},"excerpt":{"rendered":"<div class=\"mh-excerpt\"><p>AutoPalace prodala p\u0159es t\u0159i des\u00edtky slu\u017eebn\u00edch voz\u016f spole\u010dnosti TeamPrevent-Sant\u00e9. Slavnostn\u00ed p\u0159ed\u00e1n\u00ed 33 voz\u016f Volkswagen Golf se uskute\u010dnilo v pobo\u010dce AutoPalace Z\u00e1pad v Tuchom\u011b\u0159ic\u00edch. Z \u010deho <a class=\"mh-excerpt-more\" href=\"https:\/\/www.automakersnews.cz\/index.php\/2022\/11\/22\/autopalace-dodala-flotilu-klinice-sante\/\" title=\"AutoPalace dodala flotilu klinice Sant\u00e9\">[&#8230;]<\/a><\/p>\n<\/div>","protected":false},"author":1,"featured_media":4373,"comment_status":"open","ping_status":"open","sticky":false,"template":"","format":"standard","meta":{"footnotes":""},"categories":[25],"tags":[],"class_list":["post-4372","post","type-post","status-publish","format-standard","has-post-thumbnail","hentry","category-fleety"],"_links":{"self":[{"href":"https:\/\/www.automakersnews.cz\/index.php\/wp-json\/wp\/v2\/posts\/4372","targetHints":{"allow":["GET"]}}],"collection":[{"href":"https:\/\/www.automakersnews.cz\/index.php\/wp-json\/wp\/v2\/posts"}],"about":[{"href":"https:\/\/www.automakersnews.cz\/index.php\/wp-json\/wp\/v2\/types\/post"}],"author":[{"embeddable":true,"href":"https:\/\/www.automakersnews.cz\/index.php\/wp-json\/wp\/v2\/users\/1"}],"replies":[{"embeddable":true,"href":"https:\/\/www.automakersnews.cz\/index.php\/wp-json\/wp\/v2\/comments?post=4372"}],"version-history":[{"count":0,"href":"https:\/\/www.automakersnews.cz\/index.php\/wp-json\/wp\/v2\/posts\/4372\/revisions"}],"wp:featuredmedia":[{"embeddable":true,"href":"https:\/\/www.automakersnews.cz\/index.php\/wp-json\/wp\/v2\/media\/4373"}],"wp:attachment":[{"href":"https:\/\/www.automakersnews.cz\/index.php\/wp-json\/wp\/v2\/media?parent=4372"}],"wp:term":[{"taxonomy":"category","embeddable":true,"href":"https:\/\/www.automakersnews.cz\/index.php\/wp-json\/wp\/v2\/categories?post=4372"},{"taxonomy":"post_tag","embeddable":true,"href":"https:\/\/www.automakersnews.cz\/index.php\/wp-json\/wp\/v2\/tags?post=4372"}],"curies":[{"name":"wp","href":"https:\/\/api.w.org\/{rel}","templated":true}]}}