{"id":43745,"date":"2023-05-04T08:31:13","date_gmt":"2023-05-04T08:31:13","guid":{"rendered":"https:\/\/www.automakersnews.cz\/?p=43745"},"modified":"2023-05-04T10:34:58","modified_gmt":"2023-05-04T10:34:58","slug":"ktere-auto-roku-2023-je-asi-nejlepsi","status":"publish","type":"post","link":"https:\/\/www.automakersnews.cz\/index.php\/2023\/05\/04\/ktere-auto-roku-2023-je-asi-nejlepsi\/","title":{"rendered":"Kter\u00e9 Auto roku 2023 je asi nejlep\u0161\u00ed?"},"content":{"rendered":"<p><strong>Maraton automobilov\u00fdch anket 2023 zavr\u0161ilo ned\u00e1vn\u00e9 vyhl\u00e1\u0161en\u00ed v\u00fdsledk\u016f Sv\u011btov\u00e9ho Auta roku 2023 v New Yorku. Zn\u00e1m\u00ed jsou tak v\u00edt\u011bzov\u00e9 anket Auta roku 2023 sv\u011btov\u00e9ho, evropsk\u00e9ho, \u010desk\u00e9ho, ale tak\u00e9 evropsk\u00e9ho Auta roku z pohledu nejv\u00fdhodn\u011bj\u0161\u00ed koup\u011b, nejobl\u00edben\u011bj\u0161\u00edch aut podle volby \u017een, \u010di \u010desk\u00e9 fleetov\u00e9 auto roku.<\/strong><!--more--><\/p>\n<p>Nav\u00edc dal\u0161\u00ed automobilov\u00e9 ankety prob\u00edhaj\u00ed tak\u00e9 ve v\u011bt\u0161in\u011b zem\u00ed, po\u0159\u00e1daj\u00ed je mnoh\u00e9 \u010dasopisy i r\u016fzn\u00e9 instituce, a tak v\u00edt\u011bz\u016f je nakonec v\u00edc ne\u017e po\u017eehnan\u011b, co\u017e sv\u00fdm zp\u016fsobem d\u00e1v\u00e1 prostor k\u00a0ur\u010dit\u00e9mu zamy\u0161len\u00ed nejen nad v\u00fdsledky, ale i jejich hodnotou a budoucnost\u00ed.<\/p>\n<p><strong>Sedm anket a v\u00a0ka\u017ed\u00e9 jin\u00fd v\u00edt\u011bz <\/strong><\/p>\n<p>Zaj\u00edmav\u00e9 je, \u017ee i kdy\u017e se v nominac\u00edch v\u011bt\u0161iny anket objevovaly, a\u017e na n\u011bkolik v\u00fdjimek nebo hork\u00fdch novinek, kter\u00e9 na n\u011bkter\u00fdch trz\u00edch je\u0161t\u011b nebyly v\u00a0nab\u00eddce, v\u011bt\u0161inou stejn\u00e9 modely, byly v\u00a0sedmi n\u00e1mi vybran\u00fdch renomovan\u00fdch anket\u00e1ch v\u00fdsledky zna\u010dn\u011b odli\u0161n\u00e9. Nejr\u016fzn\u011bj\u0161\u00ed odborn\u00e9 poroty, resp. porotci v\u00a0t\u011bchto anket\u00e1ch, v\u010detn\u011b t\u011bch nejv\u00fdznamn\u011bj\u0161\u00edch, volili zcela ur\u010dit\u011b ka\u017ed\u00fd podle sv\u00fdch n\u00e1zor\u016f ta nejlep\u0161\u00ed auta roku. P\u0159esto se v\u00a0sedmi, z\u00a0\u010desk\u00e9ho pohledu nejzaj\u00edmav\u011bj\u0161\u00edch leto\u0161n\u00edch anket\u00e1ch, stal v\u00edt\u011bzem poka\u017ed\u00e9 jin\u00fd model.<\/p>\n<p>D\u00e1 se pochopit, \u017ee u n\u011bkter\u00fdch z\u00a0anket byla t\u0159eba preferov\u00e1na pon\u011bkud odli\u0161n\u00e1 krit\u00e9ria nebo se v\u00a0kone\u010dn\u00fdch v\u00fdsledc\u00edch t\u011bchto anket projevily odli\u0161n\u00e9 n\u00e1zory a pohledy, ale p\u0159esto je p\u0159ekvapiv\u00e9, \u017ee se v\u00a0sedmi\u010dce vybran\u00fdch anket nena\u0161el ani jeden model, kter\u00fd by zv\u00edt\u011bzil alespo\u0148 dvakr\u00e1t, ne-li v\u00edcekr\u00e1t. To, \u017ee ka\u017ed\u00e1 porota preferovala natolik odli\u0161n\u00e1 krit\u00e9ria je p\u0159inejmen\u0161\u00edm zvl\u00e1\u0161tn\u00ed.<\/p>\n<p><strong>Toto jsou aktu\u00e1ln\u00ed Auta roku 2023<\/strong><\/p>\n<p>Jen pro ilustraci si p\u0159ipome\u0148me leto\u0161n\u00ed v\u00edt\u011bze:<\/p>\n<ul>\n<li><strong> Ioniq 6 (Hyundai)<\/strong> &#8211; se stal Sv\u011btov\u00fdm autem roku 2023<\/li>\n<li><strong>Jeep Avenger <\/strong>\u2013 je Evropsk\u00fdm autem roku 2023<\/li>\n<li><strong>Honda Civic<\/strong> \u2013 se stala Autem roku 2023 v\u00a0\u010cesk\u00e9 republice<\/li>\n<li><strong>Renault Austral <\/strong>\u2013 je pro leto\u0161ek v\u00edt\u011bzem uzn\u00e1van\u00e9 z\u00e1kaznicky orientovan\u00e9 evropsk\u00e9 ankety AutoBest<\/li>\n<li><strong>Kia Niro<\/strong> \u2013 se stala <a href=\"https:\/\/deu01.safelinks.protection.outlook.com\/?url=http%3A%2F%2Fwww.kia-express.cz%2Findex.php%3Fcmd%3Demailredirect%26h%3DeyJlSWQiOjE3MDcsInJJZCI6MTMsIm5JZCI6IjQ2NiIsImwiOiJcL3Rpc2tvdmUtenByYXZ5XC9raWEtbmlyby1qZS1zdmV0b3Z5bS16ZW5za3ltLWF1dGVtLXJva3UtMjAyM1wvIn0%25253D&amp;data=05%7C01%7Ck.vankova.jouglickova%40kia.cz%7C14e00f8b24244a0d35e008db1ff11f92%7C815142b99d2f4d9283c365e5740e49aa%7C0%7C0%7C638138892689699916%7CUnknown%7CTWFpbGZsb3d8eyJWIjoiMC4wLjAwMDAiLCJQIjoiV2luMzIiLCJBTiI6Ik1haWwiLCJXVCI6Mn0%3D%7C3000%7C%7C%7C&amp;sdata=k5a60k6ArqYSNJfcbjoYmY4VXdzZnG6XAJfmq5o%2BKmA%3D&amp;reserved=0\">Sv\u011btov\u00fdm \u017eensk\u00fdm autem roku 2023<\/a><\/li>\n<li><strong>Mercedes-Benz GLC<\/strong> \u2013 zvolila \u017eensk\u00e1 porota \u010cesk\u00fdm \u017eensk\u00fdm autem roku 2023 a<\/li>\n<li><strong>Volkswagen Golf Variant<\/strong> \u2013 je absolutn\u00edm v\u00edt\u011bzem \u010desk\u00e9 ankety \u2013 Fleet Derby 2023, tedy firemn\u00ed autem roku v\u00a0\u010cR<\/li>\n<\/ul>\n<p><img loading=\"lazy\" decoding=\"async\" class=\"alignnone size-large wp-image-18680\" src=\"http:\/\/www.automakersnews.cz\/wp-content\/uploads\/2023\/02\/Anketa-Fleet-Derby_Flot-auto-VW-1024x848.jpg\" alt=\"\" width=\"1024\" height=\"848\" \/><\/p>\n<p><strong>Co k\u00a0tomu dodat?<\/strong><\/p>\n<p>Ka\u017ed\u00fd z\u00a0uveden\u00fdch v\u00edt\u011bz\u016f m\u00e1 sv\u00e9 nesporn\u00e9 p\u0159ednosti, stejn\u011b jako m\u00e1 ka\u017ed\u00fd pr\u00e1vo na sv\u016fj n\u00e1zor, by\u0165 t\u0159eba hodn\u011b odli\u0161n\u00fd od v\u011bt\u0161iny a ostatn\u00edmi h\u016f\u0159e ch\u00e1pan\u00fd. V\u00fdsledky jsou dan\u00e9, n\u011bkter\u00e9 u\u017e i zapomenut\u00e9, a lze o nich jen nostalgicky diskutovat.<\/p>\n<p>Ukazuje se jen, \u017ee technicky \u010di jinak zaj\u00edmav\u00e9 modely nemus\u00ed b\u00fdt v\u017edy atraktivn\u00ed nebo dostupn\u00e9 pro ty, kter\u00fdm jsou ur\u010deny, co\u017e se v\u00a0minulosti u\u017e v\u00edcekr\u00e1t potvrdilo. Leckter\u00e1 sv\u011btov\u00e1, evropsk\u00e1, ale ani \u010desk\u00e1 Auta roku nebyla n\u00e1sledn\u011b \u017e\u00e1dn\u00fdmi prodejn\u00edmi bestselery.<\/p>\n<p><strong>Kdo zv\u00edt\u011bz\u00ed u z\u00e1kazn\u00edk\u016f? <\/strong><\/p>\n<p>O obchodn\u00edch \u00fasp\u011b\u0161\u00edch novinek, v\u010detn\u011b t\u011bch nejv\u00fd\u0161e oce\u0148ovan\u00fdch, stejn\u011b rozhodnou z\u00e1kazn\u00edci, kte\u0159\u00ed sami ur\u010d\u00ed, jak\u00e9 nov\u00e9 auto si p\u0159\u00ed\u0161t\u011b koup\u00ed. P\u0159ipome\u0148me si nap\u0159\u00edklad evropsk\u00e1 Auta roku za posledn\u00edch 12 let, mezi kter\u00fdmi jsou z\u00e1kaznick\u00e9 hity, jako VW Golf (2013) a Passat (2015), Peugeoty 308 (2014), 3008 (2017) a 208 (2020), Opel Astra (2016) \u010di Toyota Yaris (2021), ale tak\u00e9 vozy, kter\u00e9 se po v\u00edt\u011bzstv\u00ed nijak v\u00fdrazn\u011b na trz\u00edch neprosadily, co\u017e byly v\u011bt\u0161inou elektromobily, a pak tak\u00e9 naprost\u00e9 propad\u00e1ky, jak\u00fdm byl u\u017e prakticky zapomenut\u00fd Opel Ampera (2012) \u010di Jaguar I-Pace (2019), kter\u00fd se stal i sv\u011btov\u00fdm autem roku a na trhu se doslova ztratil.<\/p>\n<p>Ale ani \u010desk\u00e1 Auta roku se ne v\u017edy kupuj\u00edc\u00edm l\u00edbila tolik jako porot\u00e1m, sta\u010d\u00ed si p\u0159ipomenout rok 2011, kdy zv\u00edt\u011bzil d\u00edky hlas\u016fm ve\u0159ejnosti kr\u00e1sn\u00fd exkluzivn\u00ed spor\u0165\u00e1k Mercedes-Benz SLS AMG, na kter\u00e9ho p\u0159edev\u0161\u00edm moc kupuj\u00edc\u00edch nem\u011blo. A nap\u0159\u00edklad Ford Focus byl ve v\u00edt\u011bzn\u00e9m roce 2019 a\u017e dev\u00e1t\u00fd ve sv\u00e9 t\u0159\u00edd\u011b a minul\u00e9, jinak skv\u011bl\u00e9 Auto roku 2021\/2022 v \u010cR (BMW i4) skon\u010dilo na 204 a\u017e 207 m\u00edst\u011b mezi v\u0161emi 345 v\u00a0\u010cesku prod\u00e1van\u00fdmi typy.<\/p>\n<p><strong>Vize a perspektivy<\/strong><\/p>\n<p>Mo\u017en\u00e1 to bude zn\u00edt a\u017e kac\u00ed\u0159sky, ale sou\u010dasn\u00e1 doba opravdov\u00fdm automobil\u016fm pro b\u011b\u017en\u00e9 motoristy moc nep\u0159eje, zejm\u00e9na ne v\u00a0Evrop\u011b. Spalovac\u00ed motory maj\u00ed v\u00a0automobilech brzo skon\u010dit. Kles\u00e1 z\u00e1jem o mnoh\u00e9, co souvis\u00ed s\u00a0automobily, kdysi slavn\u00e9 evropsk\u00e9 autosalony u\u017e jen \u017eivo\u0159\u00ed nebo dokonce zanikly. Ani ankety u\u017e nejsou t\u00edm, co byly. Existuje jich sice je\u0161t\u011b hodn\u011b, ale jak je vid\u011bt dost \u010dasto u\u017e nijak zvl\u00e1\u0161\u0165 neoslovuj\u00ed z\u00e1kazn\u00edky, tak\u017ee se o jejich komer\u010dn\u00edm v\u00fdznamu d\u00e1 dokonce pochybovat. N\u011bkter\u00e9 zn\u00e1m\u00e9 automobilov\u00e9 zna\u010dky se jich odm\u00edtaj\u00ed z\u00fa\u010dast\u0148ovat a ani nemaj\u00ed z\u00e1jem je podporovat.<\/p>\n<p>Je jist\u00e9, \u017ee zanedlouho se u\u017e nebudou volit Auta roku, ale jen Elektromobily roku a automobil\u016fm se budou jen h\u00e1zet ne klacky, ale mohutn\u00e9 pra\u017ece do cest, v\u00a0podob\u011b z\u00e1kaz\u016f, dan\u00ed, povolenek a dal\u0161\u00edch omezen\u00ed. Evropa, by\u0165 p\u0159edstavuje jen 5,7 % obyvatelstva planety m\u00e1 holt napl\u00e1nov\u00e1no j\u00edt si jinou cestou ne\u017e zbytek sv\u011bta, co\u017e se prom\u00edt\u00e1 i do celkov\u00e9 mobility, se v\u0161\u00edm v\u0161udy. A motorist\u00e9 si budou muset nechat v\u0161e euro-demokraticky l\u00edbit.<\/p>\n<p><strong>Karel Ber\u00e1nek<\/strong><\/p>\n<figure id=\"attachment_20445\" aria-describedby=\"caption-attachment-20445\" style=\"width: 1024px\" class=\"wp-caption alignnone\"><img loading=\"lazy\" decoding=\"async\" class=\"size-large wp-image-20445\" src=\"http:\/\/www.automakersnews.cz\/wp-content\/uploads\/2023\/02\/Kupka-Skala-cena-auto-roku-2023-1024x575.jpg\" alt=\"\" width=\"1024\" height=\"575\" srcset=\"https:\/\/www.automakersnews.cz\/wp-content\/uploads\/2023\/02\/Kupka-Skala-cena-auto-roku-2023-1024x575.jpg 1024w, https:\/\/www.automakersnews.cz\/wp-content\/uploads\/2023\/02\/Kupka-Skala-cena-auto-roku-2023-300x168.jpg 300w, https:\/\/www.automakersnews.cz\/wp-content\/uploads\/2023\/02\/Kupka-Skala-cena-auto-roku-2023-768x431.jpg 768w, https:\/\/www.automakersnews.cz\/wp-content\/uploads\/2023\/02\/Kupka-Skala-cena-auto-roku-2023-678x381.jpg 678w, https:\/\/www.automakersnews.cz\/wp-content\/uploads\/2023\/02\/Kupka-Skala-cena-auto-roku-2023.jpg 1179w\" sizes=\"auto, (max-width: 1024px) 100vw, 1024px\" \/><figcaption id=\"caption-attachment-20445\" class=\"wp-caption-text\">Hlavn\u00ed cenu ankety Auto roku 2023 v \u010cR bral letos Country mana\u017eer Hondy Petr Sk\u00e1la<\/figcaption><\/figure>\n","protected":false},"excerpt":{"rendered":"<div class=\"mh-excerpt\"><p>Maraton automobilov\u00fdch anket 2023 zavr\u0161ilo ned\u00e1vn\u00e9 vyhl\u00e1\u0161en\u00ed v\u00fdsledk\u016f Sv\u011btov\u00e9ho Auta roku 2023 v New Yorku. Zn\u00e1m\u00ed jsou tak v\u00edt\u011bzov\u00e9 anket Auta roku 2023 sv\u011btov\u00e9ho, evropsk\u00e9ho, <a class=\"mh-excerpt-more\" href=\"https:\/\/www.automakersnews.cz\/index.php\/2023\/05\/04\/ktere-auto-roku-2023-je-asi-nejlepsi\/\" title=\"Kter\u00e9 Auto roku 2023 je asi nejlep\u0161\u00ed?\">[&#8230;]<\/a><\/p>\n<\/div>","protected":false},"author":1,"featured_media":1856,"comment_status":"open","ping_status":"open","sticky":false,"template":"","format":"standard","meta":{"footnotes":""},"categories":[7],"tags":[],"class_list":["post-43745","post","type-post","status-publish","format-standard","has-post-thumbnail","hentry","category-ankety"],"_links":{"self":[{"href":"https:\/\/www.automakersnews.cz\/index.php\/wp-json\/wp\/v2\/posts\/43745","targetHints":{"allow":["GET"]}}],"collection":[{"href":"https:\/\/www.automakersnews.cz\/index.php\/wp-json\/wp\/v2\/posts"}],"about":[{"href":"https:\/\/www.automakersnews.cz\/index.php\/wp-json\/wp\/v2\/types\/post"}],"author":[{"embeddable":true,"href":"https:\/\/www.automakersnews.cz\/index.php\/wp-json\/wp\/v2\/users\/1"}],"replies":[{"embeddable":true,"href":"https:\/\/www.automakersnews.cz\/index.php\/wp-json\/wp\/v2\/comments?post=43745"}],"version-history":[{"count":0,"href":"https:\/\/www.automakersnews.cz\/index.php\/wp-json\/wp\/v2\/posts\/43745\/revisions"}],"wp:featuredmedia":[{"embeddable":true,"href":"https:\/\/www.automakersnews.cz\/index.php\/wp-json\/wp\/v2\/media\/1856"}],"wp:attachment":[{"href":"https:\/\/www.automakersnews.cz\/index.php\/wp-json\/wp\/v2\/media?parent=43745"}],"wp:term":[{"taxonomy":"category","embeddable":true,"href":"https:\/\/www.automakersnews.cz\/index.php\/wp-json\/wp\/v2\/categories?post=43745"},{"taxonomy":"post_tag","embeddable":true,"href":"https:\/\/www.automakersnews.cz\/index.php\/wp-json\/wp\/v2\/tags?post=43745"}],"curies":[{"name":"wp","href":"https:\/\/api.w.org\/{rel}","templated":true}]}}