{"id":43807,"date":"2023-05-04T14:13:46","date_gmt":"2023-05-04T14:13:46","guid":{"rendered":"https:\/\/www.automakersnews.cz\/?p=43807"},"modified":"2023-05-04T14:13:46","modified_gmt":"2023-05-04T14:13:46","slug":"agados-jede-na-idet-s-polni-kuchyni","status":"publish","type":"post","link":"https:\/\/www.automakersnews.cz\/index.php\/2023\/05\/04\/agados-jede-na-idet-s-polni-kuchyni\/","title":{"rendered":"Agados jede na IDET s poln\u00ed kuchyn\u00ed"},"content":{"rendered":"<p><strong>V\u00fdrobce p\u0159\u00edv\u011bs\u016f Agados se p\u0159edstav\u00ed na Mezin\u00e1rodn\u00edm veletrhu obrann\u00e9 a bezpe\u010dnostn\u00ed techniky IDET v Brn\u011b. Na nejv\u011bt\u0161\u00ed bezpe\u010dnostn\u00ed p\u0159ehl\u00eddce ve st\u0159edn\u00ed Evrop\u011b (24. \u2013 26. kv\u011btna)\u00a0 Agados p\u0159edstav\u00ed jednu z \u0159ady mobiln\u00edch poln\u00edch kuchyn\u00ed nebo oboj\u017eiveln\u00fd ter\u00e9nn\u00ed p\u0159\u00edv\u011bs s dv\u011bma typy n\u00e1stavby.<\/strong><!--more--><\/p>\n<p>Pr\u00e1v\u011b oboj\u017eiveln\u00fd ter\u00e9nn\u00ed p\u0159\u00edv\u011bs z\u00edskal na veletrhu IDET v roce 2019 ocen\u011bn\u00ed Zlat\u00fd IDET a Bronzov\u00fd IDET News, stal se nav\u00edc Expon\u00e1tem roku 2019. Oboj\u017eiveln\u00fd ter\u00e9nn\u00ed p\u0159\u00edv\u011bs s dv\u011bma typy n\u00e1stavby bude letos v Brn\u011b sou\u010d\u00e1st\u00ed vnit\u0159n\u00ed expozice spole\u010dnosti Agados na st\u00e1nku 073. A to spole\u010dn\u011b s ta\u017en\u00fdm p\u00e1sov\u00fdm vozidlem BvS10 z produkce \u0161v\u00e9dsk\u00e9 zbrojn\u00ed firmy BAE Systems.<\/p>\n<p>\u201eP\u0159\u00edv\u011bs je jednou z vlajkov\u00fdch lod\u00ed na\u0161eho arm\u00e1dn\u00edho portfolia. Dok\u00e1\u017ee p\u0159ekonat v\u0161echny typy n\u00e1ro\u010dn\u00e9ho ter\u00e9nu. Porad\u00ed si se sn\u011bhem, vodou, bl\u00e1tem i skalnat\u00fdm povrchem, k \u010demu\u017e mu pom\u00e1h\u00e1 patentovan\u00fd syst\u00e9m nez\u00e1visl\u00e9ho odpru\u017een\u00ed jednotliv\u00fdch kol a sou\u010dasn\u011b zapojen\u00ed unik\u00e1tn\u00edch ly\u017e\u00ed,\u201c \u0159ekl Petr Ostr\u00fd, jednatel spole\u010dnosti Agados.<\/p>\n<p>Oboj\u017eiveln\u00fd ter\u00e9nn\u00ed p\u0159\u00edv\u011bs m\u016f\u017ee slou\u017eit jako vodot\u011bsn\u00fd box, cisterna, otev\u0159en\u00e9 plato, kontejner a sklopn\u00e1 n\u00e1stavba valn\u00edku v proveden\u00ed s plachtou. Ide\u00e1ln\u00ed je tak\u00e9 k p\u0159eprav\u011b gener\u00e1toru.<\/p>\n<p>Ve venkovn\u00ed \u010d\u00e1sti expozice spole\u010dnosti Agados bude k vid\u011bn\u00ed i jeden z model\u016f poln\u00ed kuchyn\u011b. Firma m\u00e1 v portfoliu n\u011bkolik typ\u016f. Li\u0161\u00ed se objemem porc\u00ed, kter\u00e9 v nich lze p\u0159ipravit, ale tak\u00e9 v\u00e1hou nebo schopnost\u00ed p\u0159epravy v obt\u00ed\u017en\u00e9m ter\u00e9nu. N\u00e1v\u0161t\u011bvn\u00edci veletrhu budou m\u00edt mo\u017enost poznat specifika p\u0159\u00edpravy j\u00eddel v poln\u00ed kuchyni. Pod\u00e1vat se bude tradi\u010dn\u00ed gul\u00e1\u0161.<\/p>\n<p>\u201ePrvn\u00ed mobiln\u00ed kuchyn\u011b PK4 Kaga byla uvedena na trh v roce 2017, ten sam\u00fd rok pak tento model z\u00edskal ocen\u011bn\u00ed Zlat\u00fd IDET 2017. Pro \u010deskou arm\u00e1du \u0161lo tehdy o velk\u00fd krok v modernizaci, jeliko\u017e do t\u00e9 doby vyu\u017e\u00edvala 60 let star\u00fd model poln\u00edch kuchyn\u00ed,\u201c uvedl Petr Ostr\u00fd.<\/p>\n<p>N\u00e1v\u0161t\u011bvn\u00edci si budou moci prohl\u00e9dnout i dal\u0161\u00ed speci\u00e1ln\u00ed v\u00fdrobky spole\u010dnosti Agados, kter\u00e9 bude vystavovat ve venkovn\u00ed expozici p\u0159ed pavilonem P.<\/p>\n","protected":false},"excerpt":{"rendered":"<div class=\"mh-excerpt\"><p>V\u00fdrobce p\u0159\u00edv\u011bs\u016f Agados se p\u0159edstav\u00ed na Mezin\u00e1rodn\u00edm veletrhu obrann\u00e9 a bezpe\u010dnostn\u00ed techniky IDET v Brn\u011b. Na nejv\u011bt\u0161\u00ed bezpe\u010dnostn\u00ed p\u0159ehl\u00eddce ve st\u0159edn\u00ed Evrop\u011b (24. \u2013 26. <a class=\"mh-excerpt-more\" href=\"https:\/\/www.automakersnews.cz\/index.php\/2023\/05\/04\/agados-jede-na-idet-s-polni-kuchyni\/\" title=\"Agados jede na IDET s poln\u00ed kuchyn\u00ed\">[&#8230;]<\/a><\/p>\n<\/div>","protected":false},"author":4,"featured_media":7555,"comment_status":"open","ping_status":"open","sticky":false,"template":"","format":"standard","meta":{"footnotes":""},"categories":[33],"tags":[],"class_list":["post-43807","post","type-post","status-publish","format-standard","has-post-thumbnail","hentry","category-vyrobci"],"_links":{"self":[{"href":"https:\/\/www.automakersnews.cz\/index.php\/wp-json\/wp\/v2\/posts\/43807","targetHints":{"allow":["GET"]}}],"collection":[{"href":"https:\/\/www.automakersnews.cz\/index.php\/wp-json\/wp\/v2\/posts"}],"about":[{"href":"https:\/\/www.automakersnews.cz\/index.php\/wp-json\/wp\/v2\/types\/post"}],"author":[{"embeddable":true,"href":"https:\/\/www.automakersnews.cz\/index.php\/wp-json\/wp\/v2\/users\/4"}],"replies":[{"embeddable":true,"href":"https:\/\/www.automakersnews.cz\/index.php\/wp-json\/wp\/v2\/comments?post=43807"}],"version-history":[{"count":0,"href":"https:\/\/www.automakersnews.cz\/index.php\/wp-json\/wp\/v2\/posts\/43807\/revisions"}],"wp:featuredmedia":[{"embeddable":true,"href":"https:\/\/www.automakersnews.cz\/index.php\/wp-json\/wp\/v2\/media\/7555"}],"wp:attachment":[{"href":"https:\/\/www.automakersnews.cz\/index.php\/wp-json\/wp\/v2\/media?parent=43807"}],"wp:term":[{"taxonomy":"category","embeddable":true,"href":"https:\/\/www.automakersnews.cz\/index.php\/wp-json\/wp\/v2\/categories?post=43807"},{"taxonomy":"post_tag","embeddable":true,"href":"https:\/\/www.automakersnews.cz\/index.php\/wp-json\/wp\/v2\/tags?post=43807"}],"curies":[{"name":"wp","href":"https:\/\/api.w.org\/{rel}","templated":true}]}}