{"id":43859,"date":"2023-05-04T14:24:54","date_gmt":"2023-05-04T14:24:54","guid":{"rendered":"https:\/\/www.automakersnews.cz\/?p=43859"},"modified":"2023-05-04T14:24:54","modified_gmt":"2023-05-04T14:24:54","slug":"scania-cer-s-novym-obchodnim-reditelem","status":"publish","type":"post","link":"https:\/\/www.automakersnews.cz\/index.php\/2023\/05\/04\/scania-cer-s-novym-obchodnim-reditelem\/","title":{"rendered":"Scania CER s nov\u00fdm obchodn\u00edm \u0159editelem"},"content":{"rendered":"<p><strong>\u010cesk\u00e9, slovensk\u00e9 a ma\u010farsk\u00e9 zastoupen\u00ed v\u00fdrobce n\u00e1kladn\u00edch automobil\u016f Scania bude m\u00edt nov\u00e9ho obchodn\u00edho \u0159editele. Ten dosavadn\u00ed pov\u00fd\u0161\u00ed v \u010dervenci na mezin\u00e1rodn\u00ed pozici.<\/strong><!--more--><\/p>\n<p>Dosavadn\u00ed Sales &amp; Insurance Director Scania Finance CER Marian Mr\u00e1z na pozici nahrad\u00ed Martina Plach\u00e9ho, kter\u00fd bude v\u00a0r\u00e1mci Scanie od prvn\u00edho \u010dervence 2023 na pozici Head of Sales v\u00e9st prodej v\u00a0regionu Asie a Oce\u00e1nie (AOR).<\/p>\n<p>\u201eM\u00e1m radost, \u017ee jednoho v\u00fdrazn\u00e9ho profesion\u00e1la st\u0159\u00edd\u00e1 druh\u00fd. Cht\u011bl bych Martinovi pod\u011bkovat za ve\u0161kerou pr\u00e1ci, kterou odvedl v\u00a0regionu CER, jen\u017e zahrnuje \u010cesko, Slovensko a Ma\u010farsko, a p\u0159eji mu hodn\u011b \u00fasp\u011bch\u016f na nov\u00e9 pozici a v\u00a0podstatn\u011b v\u011bt\u0161\u00ed oblasti. Z\u00e1rove\u0148 v\u00a0na\u0161em t\u00fdmu v\u00edt\u00e1m Mariana, s\u00a0n\u00edm\u017e se dob\u0159e zn\u00e1me ze Scania Finance a se kter\u00fdm z\u00e1rove\u0148 p\u0159ich\u00e1z\u00ed dlouholet\u00e1 zku\u0161enost nejen z\u00a0oboru automotive, ale i finan\u010dnictv\u00ed,\u201c \u0159\u00edk\u00e1 gener\u00e1ln\u00ed \u0159editel Scania CER Zden\u011bk Petr\u00e1s.<\/p>\n<figure id=\"attachment_43861\" aria-describedby=\"caption-attachment-43861\" style=\"width: 1024px\" class=\"wp-caption alignnone\"><img loading=\"lazy\" decoding=\"async\" class=\"size-large wp-image-43861\" src=\"http:\/\/www.automakersnews.cz\/wp-content\/uploads\/2023\/05\/marian_mraz-1024x768.jpg\" alt=\"\" width=\"1024\" height=\"768\" \/><figcaption id=\"caption-attachment-43861\" class=\"wp-caption-text\">Marian Mr\u00e1z<\/figcaption><\/figure>\n<p>Marian Mr\u00e1z vystudoval Vysokou \u0161kolu ekonomickou v\u00a0Praze a svoji kari\u00e9ru spojil se segmentem automotive a financov\u00e1n\u00edm automobil\u016f. V\u00a0minulosti p\u016fsobil u zna\u010dek Toyota a Nissan nebo ve spole\u010dnosti \u010cSOB Leasing.<\/p>\n<p>Od srpna 2017 pracoval ve spole\u010dnosti Scania Finance CER, kter\u00e1 poskytuje financov\u00e1n\u00ed a poji\u0161t\u011bn\u00ed n\u00e1kladn\u00edch vozidel. Od listopadu 2019 zde zast\u00e1val pozici Sales &amp; Insurance Directora.<\/p>\n<p>Martin Plach\u00fd pat\u0159\u00ed k\u00a0nejv\u011brn\u011bj\u0161\u00edm zam\u011bstnanc\u016fm Scanie, ve spole\u010dnosti p\u016fsob\u00ed patn\u00e1ct let. Od roku 2008 vedl pra\u017esk\u00e9 dealerstv\u00ed zna\u010dky, v\u00a0lednu 2021 pak pov\u00fd\u0161il na pozici obchodn\u00edho \u0159editele pro \u010cesko, Slovensko i Ma\u010farsko.<\/p>\n<p>Ve sv\u00e9 nov\u00e9 funkci bude m\u00edt na starosti prodej n\u00e1kladn\u00edch vozidel Scania prakticky na cel\u00e9 v\u00fdchodn\u00ed polokouli od \u010c\u00edny a Japonska, p\u0159es Ji\u017en\u00ed Koreu, Thajsko a celou jihov\u00fdchodn\u00ed Asii a\u017e po Austr\u00e1lii a Nov\u00fd Z\u00e9land.<\/p>\n","protected":false},"excerpt":{"rendered":"<div class=\"mh-excerpt\"><p>\u010cesk\u00e9, slovensk\u00e9 a ma\u010farsk\u00e9 zastoupen\u00ed v\u00fdrobce n\u00e1kladn\u00edch automobil\u016f Scania bude m\u00edt nov\u00e9ho obchodn\u00edho \u0159editele. Ten dosavadn\u00ed pov\u00fd\u0161\u00ed v \u010dervenci na mezin\u00e1rodn\u00ed pozici.<\/p>\n<\/div>","protected":false},"author":1,"featured_media":43860,"comment_status":"open","ping_status":"open","sticky":false,"template":"","format":"standard","meta":{"footnotes":""},"categories":[52,3],"tags":[],"class_list":["post-43859","post","type-post","status-publish","format-standard","has-post-thumbnail","hentry","category-kariera","category-personalie"],"_links":{"self":[{"href":"https:\/\/www.automakersnews.cz\/index.php\/wp-json\/wp\/v2\/posts\/43859","targetHints":{"allow":["GET"]}}],"collection":[{"href":"https:\/\/www.automakersnews.cz\/index.php\/wp-json\/wp\/v2\/posts"}],"about":[{"href":"https:\/\/www.automakersnews.cz\/index.php\/wp-json\/wp\/v2\/types\/post"}],"author":[{"embeddable":true,"href":"https:\/\/www.automakersnews.cz\/index.php\/wp-json\/wp\/v2\/users\/1"}],"replies":[{"embeddable":true,"href":"https:\/\/www.automakersnews.cz\/index.php\/wp-json\/wp\/v2\/comments?post=43859"}],"version-history":[{"count":0,"href":"https:\/\/www.automakersnews.cz\/index.php\/wp-json\/wp\/v2\/posts\/43859\/revisions"}],"wp:featuredmedia":[{"embeddable":true,"href":"https:\/\/www.automakersnews.cz\/index.php\/wp-json\/wp\/v2\/media\/43860"}],"wp:attachment":[{"href":"https:\/\/www.automakersnews.cz\/index.php\/wp-json\/wp\/v2\/media?parent=43859"}],"wp:term":[{"taxonomy":"category","embeddable":true,"href":"https:\/\/www.automakersnews.cz\/index.php\/wp-json\/wp\/v2\/categories?post=43859"},{"taxonomy":"post_tag","embeddable":true,"href":"https:\/\/www.automakersnews.cz\/index.php\/wp-json\/wp\/v2\/tags?post=43859"}],"curies":[{"name":"wp","href":"https:\/\/api.w.org\/{rel}","templated":true}]}}