{"id":43865,"date":"2023-05-04T14:39:17","date_gmt":"2023-05-04T14:39:17","guid":{"rendered":"https:\/\/www.automakersnews.cz\/?p=43865"},"modified":"2023-05-04T14:42:05","modified_gmt":"2023-05-04T14:42:05","slug":"sda-rust-registraci-novych-aut-i-v-dubnu","status":"publish","type":"post","link":"https:\/\/www.automakersnews.cz\/index.php\/2023\/05\/04\/sda-rust-registraci-novych-aut-i-v-dubnu\/","title":{"rendered":"SDA hl\u00e1s\u00ed dubnov\u00fd r\u016fst registrac\u00ed vozidel"},"content":{"rendered":"<p><strong>Tajemn\u00edk SDA Josef Pokorn\u00fd ohl\u00e1sil dubnov\u00e1 \u010d\u00edsla, po\u010det registrac\u00ed nov\u00fdch osobn\u00edch automobil\u016f se meziro\u010dn\u011b zv\u00fd\u0161il o 25,25% na 18 429 ks.<\/strong><!--more--><\/p>\n<p>Vedle osobn\u00edch automobil\u016f letos (za duben i celoro\u010dn\u011b) meziro\u010dn\u011b vzrostly i registrace lehk\u00fdch u\u017eitkov\u00fdch voz\u016f, n\u00e1kladn\u00edch automobil\u016f a motocykl\u016f. Pouze autobusy zaznamenaly propad.<\/p>\n<p>Po\u010det registrovan\u00fdch elektromobil\u016f a plug-in hybrid\u016f se letos zv\u00fd\u0161il o v\u00edce ne\u017e 70%. Dovoz ojet\u00fdch automobil\u016f letos za prvn\u00ed \u010dty\u0159i m\u011bs\u00edce poklesl o 10,1%, ale jejich pr\u016fm\u011brn\u00e9 st\u00e1\u0159\u00ed je st\u00e1le velmi vysok\u00e9 &#8211; v sou\u010dasn\u00e9 dob\u011b je to 11 let!<\/p>\n<p>V obdob\u00ed 1\u20114\/2023 bylo v \u010cR registrov\u00e1no celkem 74 770 nov\u00fdch osobn\u00edch automobil\u016f, 6 776 lehk\u00fdch u\u017eitkov\u00fdch automobil\u016f, 167 autobus\u016f, 3 459 n\u00e1kladn\u00edch vozidel, 8 110 motocykl\u016f. Za stejn\u00e9 obdob\u00ed minul\u00e9ho roku to bylo 62 105 osobn\u00edch automobil\u016f, 5 349 lehk\u00fdch u\u017eitkov\u00fdch automobil\u016f, 467 autobus\u016f, 2 775 n\u00e1kladn\u00edch vozidel a 8 065 motocykl\u016f.<\/p>\n<p>Celkov\u011b registrace nov\u00fdch osobn\u00edch automobil\u016f vzrostly oproti 1\u20114\/2022 o 20,39% (z 62 105 ks na 74 770 ks, tj. o 12 665 ks). V dubnu vzrostly meziro\u010dn\u011b o 25,25%.<\/p>\n<p>Prvn\u00ed je zna\u010dka \u0160koda s 26 843 registrovan\u00fdmi osobn\u00edmi vozy (35,90%), n\u00e1sleduj\u00ed Hyundai \u2013 6 605 ks (8,83%), Volkswagen \u2013 5 915 ks (7,91%), Toyota \u2013 5 833 ks (7,80%), Kia \u2013 3 577 ks (4,78%), Mercedes-Benz \u2013 3 094 ks (4,14%), Dacia \u2013 3 022 ks (4,04%), Ford \u2013 2 105 ks (2,82%), BMW \u2013 1 900 ks (2,54%), Peugeot \u2013 1 595 ks (2,13%), atd.<\/p>\n<p>Nejprod\u00e1van\u011bj\u0161\u00edmi osobn\u00edmi vozy jsou \u0160koda OCTAVIA s 6 986 ks (9,34%), d\u00e1le \u0160koda FABIA \u2013 4 131 ks (5,52%), \u0160koda KAMIQ \u2013 3 445 ks (4,61%), \u0160koda KODIAQ \u2013 3 247 ks (4,34%), \u0160koda SCALA \u2013 3 238 ks (4,33%), \u0160koda KAROQ \u2013 3 075 ks (4,11%), Hyundai i30 \u2013 2 555 ks (3,42%), \u0160koda SUPERB \u2013 2 321 ks (3,10%), Hyundai TUCSON \u2013 2 123 ks (2,84%), Kia CEED \u2013 1 285 ks (1,72%), atd.<\/p>\n<p>Z pohledu obchodn\u00edch t\u0159\u00edd jsou na prvn\u00edm m\u00edst\u011b SUV s 34 089 registrovan\u00fdmi vozy (45,59%).<\/p>\n<p>Z hlediska paliva vede benz\u00edn s 66,39%, pod\u00edl nafty tvo\u0159\u00ed 25,57%. Registrace voz\u016f s alternativn\u00edm pohonem stouply oproti lo\u0148sk\u00e9mu roku o 36,21% (15 760 vs. 11570). Po\u010det registrovan\u00fdch elektromobil\u016f se zv\u00fd\u0161il o 72,75% (z 1 035 na 1 788 ks). Plug-in hybridn\u00ed vozy vzrostly meziro\u010dn\u011b o 71,68% (z 985 na 1 691 ks).<\/p>\n<p>Pod\u00edl firemn\u00edch automobil\u016f na registrac\u00edch OA za 1-2\/2023 byl 74,5%, priv\u00e1tn\u00edch 25,5%.\u00a0 Po\u010det dovezen\u00fdch ojet\u00fdch OA klesl meziro\u010dn\u011b o 10,1% na 51 912 ks. Jejich pr\u016fm\u011brn\u00e9 st\u00e1\u0159\u00ed je 11 let, p\u0159i\u010dem\u017e pod\u00edl vozidel star\u0161\u00edch 10 let \u010din\u00ed 50,46%, star\u0161\u00edch 15 let je 24,28%.<\/p>\n<p><strong>LUV rostly v\u00edce ne\u017e o \u010dtvrtinu<\/strong><\/p>\n<p>Registrace lehk\u00fdch u\u017eitkov\u00fdch automobil\u016f zaznamenaly oproti 1\u20114\/2022 n\u00e1r\u016fst o 26,68% (z 5 349 ks na 6 776 ks, tj. o 1427 ks). V dubnu vzrostly meziro\u010dn\u011b o 29,67%.<\/p>\n<p>Prvn\u00ed je zna\u010dka Renault s 1 198 registrovan\u00fdmi lehk\u00fdmi u\u017eitkov\u00fdmi vozy (17,68%), n\u00e1sleduj\u00ed Ford \u2013 833 ks (12,29%), Volkswagen \u2013 814 ks (12,01%), Opel \u2013 809 ks (11,94%), Toyota \u2013 664 ks (9,80%), Peugeot \u2013 512 ks (7,56%), Mercedes-Benz \u2013 454 ks (6,70%), Fiat \u2013 392 ks (5,79%), Citro\u00ebn \u2013 364 ks (5,37%), Iveco \u2013 332 ks (4,90%), atd.<\/p>\n<p>Registrace n\u00e1kladn\u00edch vozidel oproti lo\u0148sku vzrostly celkov\u011b o 24,65% (z 2 775 ks na 3 459 ks, tj. o 684 ks). V dubnu vzrostly meziro\u010dn\u011b o 7,10%.<\/p>\n<p>Prvn\u00ed je zna\u010dka Mercedes-Benz s 660 registrovan\u00fdmi n\u00e1kladn\u00edmi vozy (19,08%), n\u00e1sleduj\u00ed Volvo \u2013657 ks (18,99%), MAN \u2013 497 ks (14,37%), Scania \u2013 453 ks (13,10%), DAF \u2013 439 ks (12,69%), Iveco \u2013 355 ks (10,26%), Renault Trucks \u2013 191 ks (5,52%), Tatra \u2013 77 ks (2,23%), Ford \u2013 63 ks (1,82%), Fuso \u2013 48 ks (1,39%), atd.<\/p>\n<p><strong>Autobusy<\/strong><\/p>\n<p>Celkov\u011b registrace autobus\u016f klesly za prvn\u00ed \u010dty\u0159i m\u011bs\u00edce leto\u0161n\u00edho roku o 64,24% (ze 467 ks na 167 ks, tj. o 300 ks). V dubnu klesly meziro\u010dn\u011b o 16,83%.<\/p>\n<p>Prvn\u00ed je zna\u010dka Setra s 52 registrovan\u00fdmi autobusy (31,14%), n\u00e1sleduj\u00ed Iveco Bus \u2013 50 ks (29,94%), SOR \u2013 22 ks (13,17%), MAN \u2013 13 ks (7,78%), Mercedes-Benz \u2013 13 ks (7,78%), Isuzu \u2013 9 ks (5,39%), Ro\u0161ero-P \u2013 3 ks (1,80%), Ford \u2013 2 ks (1,20%), Iveco \u2013 1 ks (0,60%), Volvo \u2013 1 ks (0,60%), Scania \u2013 1 ks (0,60%).<\/p>\n<p>Kategorie motocykl\u016f zaznamenala meziro\u010dn\u00ed n\u00e1r\u016fst o 0,56% (z 8 065 ks na 8 110 ks, tj. o 45 ks). V dubnu vzrostly meziro\u010dn\u011b o 5,81%.<\/p>\n<p>Prvn\u00ed je zna\u010dka Honda s 2 007 registrovan\u00fdmi motocykly (24,75%), n\u00e1sleduj\u00ed CF Moto \u2013 852 ks (10,51%), Yamaha \u2013 553 ks (6,82%), BMW \u2013 491 ks (6,05%), KTM \u2013 453 ks (5,59%), Piaggio \u2013 297 ks (3,66%), Kawasaki \u2013 278 ks (3,43%), Aprilia \u2013 275 ks (3,39%), Segway \u2013 216 ks (2,66%), Maxon \u2013 211 ks (2,60%), atd.<\/p>\n<figure id=\"attachment_36792\" aria-describedby=\"caption-attachment-36792\" style=\"width: 1024px\" class=\"wp-caption alignnone\"><img loading=\"lazy\" decoding=\"async\" class=\"size-large wp-image-36792\" src=\"http:\/\/www.automakersnews.cz\/wp-content\/uploads\/2023\/04\/TK-SDA-duben-2023-kamery-1024x768.jpg\" alt=\"\" width=\"1024\" height=\"768\" \/><figcaption id=\"caption-attachment-36792\" class=\"wp-caption-text\">Kvart\u00e1ln\u00ed dubnov\u00e1 tiskovka SDA v hotelu Don Giovanni<\/figcaption><\/figure>\n<p>Podrobn\u00e9 tabulky jsou uvedeny v sekci Statistika na http:\/\/portal.sda-cia.cz\/.<\/p>\n<p><strong>Zdroj: Josef Pokorn\u00fd, tajemn\u00edk Svazu dovozc\u016f automobil\u016f<\/strong><\/p>\n","protected":false},"excerpt":{"rendered":"<div class=\"mh-excerpt\"><p>Tajemn\u00edk SDA Josef Pokorn\u00fd ohl\u00e1sil dubnov\u00e1 \u010d\u00edsla, po\u010det registrac\u00ed nov\u00fdch osobn\u00edch automobil\u016f se meziro\u010dn\u011b zv\u00fd\u0161il o 25,25% na 18 429 ks.<\/p>\n<\/div>","protected":false},"author":1,"featured_media":5740,"comment_status":"open","ping_status":"open","sticky":false,"template":"","format":"standard","meta":{"footnotes":""},"categories":[8,50],"tags":[],"class_list":["post-43865","post","type-post","status-publish","format-standard","has-post-thumbnail","hentry","category-statistika","category-vysledky"],"_links":{"self":[{"href":"https:\/\/www.automakersnews.cz\/index.php\/wp-json\/wp\/v2\/posts\/43865","targetHints":{"allow":["GET"]}}],"collection":[{"href":"https:\/\/www.automakersnews.cz\/index.php\/wp-json\/wp\/v2\/posts"}],"about":[{"href":"https:\/\/www.automakersnews.cz\/index.php\/wp-json\/wp\/v2\/types\/post"}],"author":[{"embeddable":true,"href":"https:\/\/www.automakersnews.cz\/index.php\/wp-json\/wp\/v2\/users\/1"}],"replies":[{"embeddable":true,"href":"https:\/\/www.automakersnews.cz\/index.php\/wp-json\/wp\/v2\/comments?post=43865"}],"version-history":[{"count":0,"href":"https:\/\/www.automakersnews.cz\/index.php\/wp-json\/wp\/v2\/posts\/43865\/revisions"}],"wp:featuredmedia":[{"embeddable":true,"href":"https:\/\/www.automakersnews.cz\/index.php\/wp-json\/wp\/v2\/media\/5740"}],"wp:attachment":[{"href":"https:\/\/www.automakersnews.cz\/index.php\/wp-json\/wp\/v2\/media?parent=43865"}],"wp:term":[{"taxonomy":"category","embeddable":true,"href":"https:\/\/www.automakersnews.cz\/index.php\/wp-json\/wp\/v2\/categories?post=43865"},{"taxonomy":"post_tag","embeddable":true,"href":"https:\/\/www.automakersnews.cz\/index.php\/wp-json\/wp\/v2\/tags?post=43865"}],"curies":[{"name":"wp","href":"https:\/\/api.w.org\/{rel}","templated":true}]}}