{"id":439,"date":"2022-09-05T11:06:55","date_gmt":"2022-09-05T11:06:55","guid":{"rendered":"http:\/\/www.automakersnews.cz\/?p=439"},"modified":"2022-09-05T11:06:55","modified_gmt":"2022-09-05T11:06:55","slug":"tatra-doda-armade-80-kontejnerovych-aut","status":"publish","type":"post","link":"https:\/\/www.automakersnews.cz\/index.php\/2022\/09\/05\/tatra-doda-armade-80-kontejnerovych-aut\/","title":{"rendered":"Tatra dod\u00e1 arm\u00e1d\u011b 80 kontejnerov\u00fdch aut"},"content":{"rendered":"<p class=\"c_a6 f_d4\" data-dot=\"ogm-article-perex\"><strong>Tatra vyrob\u00ed pro \u010deskou arm\u00e1du 80 t\u011b\u017ek\u00fdch n\u00e1kladn\u00edch ter\u00e9nn\u00edch aut Force v proveden\u00ed 8\u00d78 s jednoramenn\u00fdmi h\u00e1kov\u00fdmi naklada\u010di pro p\u0159epravu typizovan\u00fdch kontejner\u016f a plo\u0161in. Vozy dod\u00e1 v letech 2023 a 2024.<\/strong><!--more--><\/p>\n<div class=\"f_d5\">\n<div class=\"ogm-main-media__container\" data-dot=\"ogm-main-media\" data-e2e=\"ogm-main-media\">\n<figure class=\"e_a2\" aria-label=\"Galerie Tatra 815 8\u00d78 (ilustra\u010dn\u00ed foto)\" data-dot=\"mol-figure\" data-dot-data=\"{&quot;mediaItemType&quot;:&quot;foto&quot;}\">\n<div class=\"c_O e_bz\">\n<div class=\"c_P\" tabindex=\"0\">\n<div class=\"c_ab c_d c_h\">\n<div class=\"atm-sizer\"><\/div>\n<p><img decoding=\"async\" class=\"c_j c_e\" src=\"https:\/\/d15-a.sdn.cz\/d_15\/c_img_QO_t\/sFwH65\/profimedia-0669808195.jpeg?fl=cro,0,90,1800,1012%7Cres,1200,,1%7Cwebp,75\" sizes=\"(max-width: 850px) 100vw, 678px\" srcset=\"\/\/d15-a.sdn.cz\/d_15\/c_img_QO_t\/sFwH65\/profimedia-0669808195.jpeg?fl=cro,0,90,1800,1012%7Cres,320,,1%7Cwebp,75 320w, \/\/d15-a.sdn.cz\/d_15\/c_img_QO_t\/sFwH65\/profimedia-0669808195.jpeg?fl=cro,0,90,1800,1012%7Cres,480,,1%7Cwebp,75 480w, \/\/d15-a.sdn.cz\/d_15\/c_img_QO_t\/sFwH65\/profimedia-0669808195.jpeg?fl=cro,0,90,1800,1012%7Cres,600,,1%7Cwebp,75 600w, \/\/d15-a.sdn.cz\/d_15\/c_img_QO_t\/sFwH65\/profimedia-0669808195.jpeg?fl=cro,0,90,1800,1012%7Cres,722,,1%7Cwebp,75 722w, \/\/d15-a.sdn.cz\/d_15\/c_img_QO_t\/sFwH65\/profimedia-0669808195.jpeg?fl=cro,0,90,1800,1012%7Cres,1024,,1%7Cwebp,75 1024w, \/\/d15-a.sdn.cz\/d_15\/c_img_QO_t\/sFwH65\/profimedia-0669808195.jpeg?fl=cro,0,90,1800,1012%7Cres,1280,,1%7Cwebp,75 1280w, \/\/d15-a.sdn.cz\/d_15\/c_img_QO_t\/sFwH65\/profimedia-0669808195.jpeg?fl=cro,0,90,1800,1012%7Cres,2560,,1%7Cwebp,75 1800w\" \/><\/div>\n<\/div>\n<\/div>\n<\/figure>\n<\/div>\n<\/div>\n<div class=\"ogm-container _6231b388c0086990921bf42b\">\n<div class=\"f_ff\" data-e2e=\"ogm-article-layout\">\n<article class=\"f_fh\" role=\"article\" aria-labelledby=\"accessibility-article\">\n<div class=\"f_fg\" data-dot=\"ogm-article-content\">\n<div class=\"e_aY e_bc\">\n<div class=\"e_a6\" data-dot=\"mol-paragraph\">\n<p class=\"c_a6\"><span class=\"c_bS\">Ministerstvo obrany uzav\u0159elo s kop\u0159ivnickou automobilkou Tatra Trucks smlouvu na dod\u00e1vku 80 t\u011b\u017ek\u00fdch n\u00e1kladn\u00edch voz\u016f Tatra Force s h\u00e1kov\u00fdmi naklada\u010di. Zak\u00e1zka m\u00e1 hodnotu v\u00edce ne\u017e 1,2 miliardy korun bez DPH a navazuje na kontrakt na n\u00e1kup 209 valn\u00edk\u016f Tatra za v\u00edce ne\u017e 1,9 miliardy korun z minul\u00e9ho t\u00fddne. Spole\u010dnost Tatra Trucks to dnes sd\u011blila v tiskov\u00e9 zpr\u00e1v\u011b.<\/span><\/p>\n<\/div>\n<div class=\"e_a6\" data-dot=\"mol-paragraph\">\n<p class=\"c_a6\"><span class=\"c_bS\">\u201eMinisterstvo obrany objednalo vozy prost\u0159ednictv\u00edm urgentn\u00edho zp\u016fsobu zad\u00e1n\u00ed, kter\u00fd je podle z\u00e1kona o\u00a0ve\u0159ejn\u00fdch zak\u00e1zk\u00e1ch vyu\u017eiteln\u00fd v\u00a0p\u0159\u00edpad\u011b v\u00e1le\u010dn\u00fdch kriz\u00ed a\u00a0podobn\u00fdch mimo\u0159\u00e1dn\u00fdch situac\u00ed. Ji\u017e loni Tatra Trucks \u010desk\u00e9 arm\u00e1d\u011b dodala t\u0159i des\u00edtky vozidel stejn\u00e9ho proveden\u00ed,\u201c uvedl mluv\u010d\u00ed Tatry Trucks Andrej \u010c\u00edrtek.<\/span><\/p>\n<\/div>\n<div class=\"e_dD\">\n<h3 class=\"c_G c_J e_dF\">Ministerstvo po\u0159\u00edd\u00ed valn\u00edky Tatra za 1,9\u00a0miliardy korun<\/h3>\n<div class=\"e_dK\"><\/div>\n<\/div>\n<div class=\"c_O e_dG\">\n<div class=\"c_P\">\n<div class=\"c_ab c_d c_h\">\n<div class=\"atm-sizer\"><\/div>\n<p><img decoding=\"async\" class=\"c_j c_e\" src=\"https:\/\/d15-a.sdn.cz\/d_15\/c_img_QQ_t\/1Z1BIo.jpeg?fl=cro,0,67,1280,720%7Cres,160,,1%7Cwebp,75\" \/><\/div>\n<\/div>\n<\/div>\n<div class=\"e_a6\" data-dot=\"mol-paragraph\">\n<p class=\"c_a6\"><span class=\"c_bS\">Gener\u00e1ln\u00ed \u0159editel Tatry Trucks Pavel Lazar uvedl, \u017ee nejnov\u011bj\u0161\u00ed kontrakty potvrzuj\u00ed, \u017ee \u010desk\u00e1 arm\u00e1da je pro automobilku jedn\u00edm z\u00a0hlavn\u00edch a\u00a0referen\u010dn\u00edch z\u00e1kazn\u00edk\u016f. \u201eBez nads\u00e1zky se d\u00e1 \u0159\u00edci, \u017ee automobily Tatra jsou symbolem Arm\u00e1dy \u010cR. Tvo\u0159\u00ed toti\u017e v\u00edce ne\u017e 90\u00a0procent jej\u00edch logistick\u00fdch kapacit, kter\u00e9 je pot\u0159eba v\u00a0pr\u016fb\u011bhu let obm\u011b\u0148ovat a\u00a0dopl\u0148ovat,\u201c uvedl Lazar.<\/span><\/p>\n<\/div>\n<div class=\"e_ex js-ad e_aX\">\n<div class=\"e_dD\">\n<div class=\"e_dK\">\n<p class=\"c_a6\"><span class=\"c_bS\">Je\u0161t\u011b letos dod\u00e1 automobilka arm\u00e1d\u011b 200 valn\u00edk\u016f Tatra Force 6\u00d76. Zbyl\u00fdch dev\u011bt voz\u016f j\u00ed odevzd\u00e1 p\u0159\u00ed\u0161t\u00ed rok, kdy dod\u00e1 i prvn\u00edch 30 voz\u016f Tatra Force 8\u00d78 s h\u00e1kov\u00fdmi naklada\u010di. Zbyl\u00fdch 50 automobil\u016f arm\u00e1da obdr\u017e\u00ed v roce 2024.<\/span><\/p>\n<\/div>\n<\/div>\n<\/div>\n<div class=\"e_dD\"><\/div>\n<\/div>\n<\/div>\n<\/article>\n<\/div>\n<\/div>\n","protected":false},"excerpt":{"rendered":"<div class=\"mh-excerpt\"><p>Tatra vyrob\u00ed pro \u010deskou arm\u00e1du 80 t\u011b\u017ek\u00fdch n\u00e1kladn\u00edch ter\u00e9nn\u00edch aut Force v proveden\u00ed 8\u00d78 s jednoramenn\u00fdmi h\u00e1kov\u00fdmi naklada\u010di pro p\u0159epravu typizovan\u00fdch kontejner\u016f a plo\u0161in. Vozy <a class=\"mh-excerpt-more\" href=\"https:\/\/www.automakersnews.cz\/index.php\/2022\/09\/05\/tatra-doda-armade-80-kontejnerovych-aut\/\" title=\"Tatra dod\u00e1 arm\u00e1d\u011b 80 kontejnerov\u00fdch aut\">[&#8230;]<\/a><\/p>\n<\/div>","protected":false},"author":1,"featured_media":82,"comment_status":"open","ping_status":"open","sticky":false,"template":"","format":"standard","meta":{"footnotes":""},"categories":[25],"tags":[],"class_list":["post-439","post","type-post","status-publish","format-standard","has-post-thumbnail","hentry","category-fleety"],"_links":{"self":[{"href":"https:\/\/www.automakersnews.cz\/index.php\/wp-json\/wp\/v2\/posts\/439","targetHints":{"allow":["GET"]}}],"collection":[{"href":"https:\/\/www.automakersnews.cz\/index.php\/wp-json\/wp\/v2\/posts"}],"about":[{"href":"https:\/\/www.automakersnews.cz\/index.php\/wp-json\/wp\/v2\/types\/post"}],"author":[{"embeddable":true,"href":"https:\/\/www.automakersnews.cz\/index.php\/wp-json\/wp\/v2\/users\/1"}],"replies":[{"embeddable":true,"href":"https:\/\/www.automakersnews.cz\/index.php\/wp-json\/wp\/v2\/comments?post=439"}],"version-history":[{"count":0,"href":"https:\/\/www.automakersnews.cz\/index.php\/wp-json\/wp\/v2\/posts\/439\/revisions"}],"wp:featuredmedia":[{"embeddable":true,"href":"https:\/\/www.automakersnews.cz\/index.php\/wp-json\/wp\/v2\/media\/82"}],"wp:attachment":[{"href":"https:\/\/www.automakersnews.cz\/index.php\/wp-json\/wp\/v2\/media?parent=439"}],"wp:term":[{"taxonomy":"category","embeddable":true,"href":"https:\/\/www.automakersnews.cz\/index.php\/wp-json\/wp\/v2\/categories?post=439"},{"taxonomy":"post_tag","embeddable":true,"href":"https:\/\/www.automakersnews.cz\/index.php\/wp-json\/wp\/v2\/tags?post=439"}],"curies":[{"name":"wp","href":"https:\/\/api.w.org\/{rel}","templated":true}]}}