{"id":444,"date":"2022-09-06T08:56:45","date_gmt":"2022-09-06T08:56:45","guid":{"rendered":"http:\/\/www.automakersnews.cz\/?p=444"},"modified":"2022-09-06T08:56:45","modified_gmt":"2022-09-06T08:56:45","slug":"nenabijejte-sve-elektromobily-ve-spicce-zada-kalifornie","status":"publish","type":"post","link":"https:\/\/www.automakersnews.cz\/index.php\/2022\/09\/06\/nenabijejte-sve-elektromobily-ve-spicce-zada-kalifornie\/","title":{"rendered":"Nenab\u00edjejte sv\u00e9 elektromobily ve \u0161pi\u010dce, \u017e\u00e1d\u00e1 Kalifornie"},"content":{"rendered":"<p><strong>Po zve\u0159ejn\u011bn\u00ed pl\u00e1nu na z\u00e1kaz prodeje nov\u00fdch spalovac\u00edch motor\u016f je na obzoru dal\u0161\u00ed sv\u00edzel pro mobilitu Kalifor\u0148an\u016f\u00a0\u2013 prosba, aby nenab\u00edjeli sv\u00e9 elektromobily v\u00a0dob\u011b velk\u00fdch n\u00e1rok\u016f na rozvodnou s\u00ed\u0165.<\/strong><!--more--><\/p>\n<div class=\"e_a6\" data-dot=\"mol-paragraph\">\n<p class=\"c_a6\"><span class=\"c_bS\">Je tomu jen p\u00e1r dn\u016f, co americk\u00fd st\u00e1t Kalifornie ozn\u00e1mil pl\u00e1ny na z\u00e1kaz prodeje nov\u00fdch aut se spalovac\u00edmi motory od roku 2035, s\u00a0v\u00fdjimkou n\u011bkter\u00fdch plug-in hybrid\u016f.\u00a0St\u00e1t, kde m\u00e1 s\u00eddlo automobilka Tesla a\u00a0kam m\u00ed\u0159\u00ed zhruba 40\u00a0% v\u0161ech elektromobil\u016f prodan\u00fdch v\u00a0USA, se tak m\u00e1 st\u00e1t prvn\u00edm ze v\u0161ech pades\u00e1ti, kter\u00fd takov\u00e9 datum zavede.<\/span><\/p>\n<\/div>\n<div class=\"e_a6\" data-dot=\"mol-paragraph\">\n<p class=\"c_a6\"><span class=\"c_bS\">Jen\u017ee ani \u0159idi\u010di elektromobil\u016f to v\u00a0n\u011bm nemaj\u00ed jednoduch\u00e9, jak p\u00ed\u0161e \u0159ada m\u00edstn\u00edch m\u00e9di\u00ed. Tamn\u00ed energetick\u00fd regula\u010dn\u00ed \u00fa\u0159ad \u017e\u00e1d\u00e1, aby nenab\u00edjeli sv\u00e9 elektromobily. D\u016fvodem je vlna horka, kter\u00e1 Kalifornii nyn\u00ed su\u017euje, a\u00a0s n\u00ed souvisej\u00edc\u00ed vysok\u00e9 n\u00e1roky na rozvodnou s\u00ed\u0165, je\u017e p\u016fsob\u00ed klimatizace pu\u0161t\u011bn\u00e9 na pln\u00fd v\u00fdkon.<\/span><\/p>\n<div class=\"e_a6\" data-dot=\"mol-paragraph\">\n<p class=\"c_a6\"><span class=\"c_bS\">\u201eT\u0159i nejefektivn\u011bj\u0161\u00ed v\u011bci, kter\u00e9 se daj\u00ed ud\u011blat pro u\u0161et\u0159en\u00ed elekt\u0159iny, je nastaven\u00ed termostatu nejn\u00ed\u017ee na 25,5\u00a0stupn\u011b, nepou\u017e\u00edv\u00e1n\u00ed velk\u00fdch elektrick\u00fdch spot\u0159ebi\u010d\u016f \u010di nab\u00edje\u010dek elektromobil\u016f a\u00a0zhasnut\u00ed nepot\u0159ebn\u00fdch sv\u011btel,\u201c \u0159\u00edk\u00e1 Americk\u00e1 asociace ve\u0159ejn\u00e9 elektrick\u00e9 s\u00edt\u011b.<\/span><\/p>\n<\/div>\n<div class=\"e_a6\" data-dot=\"mol-paragraph\">\n<p class=\"c_a6\"><span class=\"c_bS\">Lid\u00e9 by m\u011bli spot\u0159ebu elekt\u0159iny omezit zejm\u00e9na mezi \u010dtvrtou a dev\u00e1tou hodinou ve\u010dern\u00ed, \u017e\u00e1d\u00e1 provozovatel kalifornsk\u00e9 s\u00edt\u011b. \u201eSn\u00ed\u017een\u00ed spot\u0159eby elekt\u0159iny v t\u00e9 dob\u011b sn\u00ed\u017e\u00ed n\u00e1roky na s\u00ed\u0165 a p\u0159edejde drasti\u010dt\u011bj\u0161\u00edm opat\u0159en\u00edm, jako jsou rotuj\u00edc\u00ed odst\u00e1vky proudu,\u201c dod\u00e1v\u00e1 v tiskov\u00e9 zpr\u00e1v\u011b.<\/span><\/p>\n<\/div>\n<div class=\"e_a6\" data-dot=\"mol-paragraph\">\n<p class=\"c_a6\"><span class=\"c_bS\">Nikdo p\u0159itom nespecifikuje, jestli by stran nab\u00edjen\u00ed mohlo b\u00fdt problematick\u00e9 i\u00a0to nejpomalej\u0161\u00ed nab\u00edjen\u00ed z\u00a0b\u011b\u017en\u00e9 dom\u00e1c\u00ed z\u00e1suvky, kter\u00e1 v\u00a0USA d\u00e1v\u00e1 nap\u011bt\u00ed 110\u00a0volt\u016f, anebo jestli se prosba t\u00fdk\u00e1 jen rychlej\u0161\u00edho nab\u00edjen\u00ed. Jde o\u00a0omezen\u00ed spot\u0159eby elekt\u0159iny celkov\u011b. Samoz\u0159ejm\u011b, kdo by nab\u00edjel sv\u016fj elektromobil z\u00a0vlastn\u00edho bateriov\u00e9ho \u00falo\u017ei\u0161t\u011b nebo z\u00a0vlastn\u00edch sol\u00e1rn\u00edch panel\u016f, a\u00a0nikoliv z\u00a0ve\u0159ejn\u00e9 s\u00edt\u011b, omezen\u00ed se ho net\u00fdk\u00e1.<\/span><\/p>\n<div class=\"e_a6\" data-dot=\"mol-paragraph\">\n<p class=\"c_a6\"><span class=\"c_bS\">\u201eDnes v\u011bt\u0161ina lid\u00ed nab\u00edj\u00ed sv\u00e9 elektromobily, kdy\u017e ve\u010der p\u0159ijedou dom\u016f\u00a0\u2013 tedy kdy\u017e popt\u00e1vka pro elekt\u0159in\u011b je na maximu. Pokud se nebudou n\u00e1roky na elektrickou rozvodnou s\u00ed\u0165 \u0159\u00eddit, popt\u00e1vka po proudu k\u00a0nabit\u00ed velk\u00e9ho mno\u017estv\u00ed elektromobil\u016f najednou zes\u00edl\u00ed n\u00e1roky ve \u0161pi\u010dce a\u00a0m\u016f\u017ee p\u0159ekro\u010dit kapacitu s\u00edt\u011b,\u201c zn\u00ed z\u00a0fakulty in\u017een\u00fdrstv\u00ed na Cornell University ve st\u00e1t\u011b New York.<\/span><\/p>\n<\/div>\n<div class=\"e_a6\" data-dot=\"mol-paragraph\">\n<p class=\"c_a6\"><span class=\"c_bS\">Z\u00e1rove\u0148 ale v\u00a0Kalifornii bude pot\u0159eba v\u00edc nab\u00edje\u010dek k\u00a0nasycen\u00ed vzr\u016fstaj\u00edc\u00ed popt\u00e1vky po nab\u00edjen\u00ed. Aktu\u00e1ln\u011b jich je podle webu My Stateline News okolo 80\u00a0tis\u00edc, do roku 2030\u00a0jich\u00a0ale m\u00e1 b\u00fdt pot\u0159eba okolo 1,2\u00a0milionu.<\/span><\/p>\n<p>&nbsp;<\/p>\n<\/div>\n<\/div>\n<\/div>\n","protected":false},"excerpt":{"rendered":"<div class=\"mh-excerpt\"><p>Po zve\u0159ejn\u011bn\u00ed pl\u00e1nu na z\u00e1kaz prodeje nov\u00fdch spalovac\u00edch motor\u016f je na obzoru dal\u0161\u00ed sv\u00edzel pro mobilitu Kalifor\u0148an\u016f\u00a0\u2013 prosba, aby nenab\u00edjeli sv\u00e9 elektromobily v\u00a0dob\u011b velk\u00fdch n\u00e1rok\u016f <a class=\"mh-excerpt-more\" href=\"https:\/\/www.automakersnews.cz\/index.php\/2022\/09\/06\/nenabijejte-sve-elektromobily-ve-spicce-zada-kalifornie\/\" title=\"Nenab\u00edjejte sv\u00e9 elektromobily ve \u0161pi\u010dce, \u017e\u00e1d\u00e1 Kalifornie\">[&#8230;]<\/a><\/p>\n<\/div>","protected":false},"author":1,"featured_media":286,"comment_status":"open","ping_status":"open","sticky":false,"template":"","format":"standard","meta":{"footnotes":""},"categories":[22,2],"tags":[],"class_list":["post-444","post","type-post","status-publish","format-standard","has-post-thumbnail","hentry","category-elektromobily","category-news"],"_links":{"self":[{"href":"https:\/\/www.automakersnews.cz\/index.php\/wp-json\/wp\/v2\/posts\/444","targetHints":{"allow":["GET"]}}],"collection":[{"href":"https:\/\/www.automakersnews.cz\/index.php\/wp-json\/wp\/v2\/posts"}],"about":[{"href":"https:\/\/www.automakersnews.cz\/index.php\/wp-json\/wp\/v2\/types\/post"}],"author":[{"embeddable":true,"href":"https:\/\/www.automakersnews.cz\/index.php\/wp-json\/wp\/v2\/users\/1"}],"replies":[{"embeddable":true,"href":"https:\/\/www.automakersnews.cz\/index.php\/wp-json\/wp\/v2\/comments?post=444"}],"version-history":[{"count":0,"href":"https:\/\/www.automakersnews.cz\/index.php\/wp-json\/wp\/v2\/posts\/444\/revisions"}],"wp:featuredmedia":[{"embeddable":true,"href":"https:\/\/www.automakersnews.cz\/index.php\/wp-json\/wp\/v2\/media\/286"}],"wp:attachment":[{"href":"https:\/\/www.automakersnews.cz\/index.php\/wp-json\/wp\/v2\/media?parent=444"}],"wp:term":[{"taxonomy":"category","embeddable":true,"href":"https:\/\/www.automakersnews.cz\/index.php\/wp-json\/wp\/v2\/categories?post=444"},{"taxonomy":"post_tag","embeddable":true,"href":"https:\/\/www.automakersnews.cz\/index.php\/wp-json\/wp\/v2\/tags?post=444"}],"curies":[{"name":"wp","href":"https:\/\/api.w.org\/{rel}","templated":true}]}}