{"id":44704,"date":"2023-05-09T15:24:42","date_gmt":"2023-05-09T15:24:42","guid":{"rendered":"https:\/\/www.automakersnews.cz\/?p=44704"},"modified":"2023-05-09T15:30:42","modified_gmt":"2023-05-09T15:30:42","slug":"bmw-melo-media-test-day-v-nebrenicich","status":"publish","type":"post","link":"https:\/\/www.automakersnews.cz\/index.php\/2023\/05\/09\/bmw-melo-media-test-day-v-nebrenicich\/","title":{"rendered":"BMW m\u011blo media Test Day v Neb\u0159enic\u00edch"},"content":{"rendered":"<p class=\"v1MsoNormal\"><strong>PR mana\u017eer \u010desk\u00e9ho BMW Group David Haidinger uspo\u0159\u00e1dal pro novin\u00e1\u0159e j\u00edzdy s nov\u00fdmi modely BMW v are\u00e1lu OAKS Prague v Neb\u0159enic\u00edch u Prahy. Zna\u010dka je od dubna partnerem m\u00edstn\u00edho golfov\u00e9ho h\u0159i\u0161t\u011b PGA National, kter\u00e9 je jedin\u00e9 s licenc\u00ed PGA u n\u00e1s.<\/strong><br \/>\n<!--more--><\/p>\n<p>H\u0159i\u0161t\u011b je sou\u010d\u00e1st\u00ed reziden\u010dn\u00edho projektu Oaks Prague , bude m\u00edt nov\u011b p\u0159\u00edstup k dob\u00edjec\u00edm stanic\u00edm pro elektromobily.<\/p>\n<p><img loading=\"lazy\" decoding=\"async\" class=\"alignnone size-large wp-image-44739\" src=\"http:\/\/www.automakersnews.cz\/wp-content\/uploads\/2023\/05\/BMW-Test-Day-Nebrenice-zamek-1024x768.jpg\" alt=\"\" width=\"1024\" height=\"768\" \/><\/p>\n<p>Pro v\u0161echny \u010dleny PGA National Czech Republic budou v r\u00e1mci spolupr\u00e1ce p\u0159ipraveny testovac\u00ed j\u00edzdy voz\u016f BMW, speci\u00e1ln\u00ed ceny pro \u00fa\u010dastn\u00edky turnaje, zv\u00fdhodn\u011bn\u00e9 ceny voz\u016f z nab\u00eddky BMW a mo\u017enost \u00fa\u010dasti na mezin\u00e1rodn\u00edch akc\u00edch BMW.<\/p>\n<p><img loading=\"lazy\" decoding=\"async\" class=\"alignnone size-large wp-image-44738\" src=\"http:\/\/www.automakersnews.cz\/wp-content\/uploads\/2023\/05\/BMW-Test-Day-Haidinger-1024x768.jpg\" alt=\"\" width=\"1024\" height=\"768\" \/><\/p>\n<p class=\"v1MsoNormal\">Novin\u00e1\u0159sk\u00e1 akce se uskute\u010dnila ve <b>\u010dtvrtek 4. kv\u011btna, novin\u00e1\u0159sk\u00fd<\/b> den byl rozd\u011blen\u00fd na <b>5 slot\u016f<\/b>, ka\u017ed\u00fd slot <b>trval 1,5 hodiny a byl pro 5 z\u00e1jemc\u016f<\/b>. Vozy kr\u00e1tce prezentoval mluv\u010d\u00ed zna\u010dky David Haidinger, n\u00e1sledovaly j\u00edzdy v\u00a0p\u0159ilehl\u00e9m okol\u00ed po trase kombinuj\u00edc\u00ed okresn\u00ed silnice a d\u00e1lnici.<\/p>\n<p><strong>Testovan\u00e9 stroje:<\/strong><\/p>\n<p class=\"v1MsoNormal\"><b>BMW iX1 30e<\/b><\/p>\n<p class=\"v1MsoNormal\"><b>BMW M3 Touring Individual<\/b><\/p>\n<p class=\"v1MsoNormal\"><b>BMW i4 35e<\/b><\/p>\n<p class=\"v1MsoNormal\"><b>BMW 545e<\/b><\/p>\n<p class=\"v1MsoNormal\"><b>BMW 750e<\/b><\/p>\n<p class=\"v1MsoNormal\"><b>BMW XM<\/b><\/p>\n<p>Zdroj: Erich Handl, Neb\u0159enice<\/p>\n<p><img loading=\"lazy\" decoding=\"async\" class=\"alignnone size-large wp-image-44737\" src=\"http:\/\/www.automakersnews.cz\/wp-content\/uploads\/2023\/05\/BMW-7-Nebrenice-1024x768.jpg\" alt=\"\" width=\"1024\" height=\"768\" \/><\/p>\n<h2 class=\"teaser clear\"><\/h2>\n","protected":false},"excerpt":{"rendered":"<div class=\"mh-excerpt\"><p>PR mana\u017eer \u010desk\u00e9ho BMW Group David Haidinger uspo\u0159\u00e1dal pro novin\u00e1\u0159e j\u00edzdy s nov\u00fdmi modely BMW v are\u00e1lu OAKS Prague v Neb\u0159enic\u00edch u Prahy. Zna\u010dka je <a class=\"mh-excerpt-more\" href=\"https:\/\/www.automakersnews.cz\/index.php\/2023\/05\/09\/bmw-melo-media-test-day-v-nebrenicich\/\" title=\"BMW m\u011blo media Test Day v Neb\u0159enic\u00edch\">[&#8230;]<\/a><\/p>\n<\/div>","protected":false},"author":1,"featured_media":44734,"comment_status":"open","ping_status":"open","sticky":false,"template":"","format":"standard","meta":{"footnotes":""},"categories":[10,27],"tags":[],"class_list":["post-44704","post","type-post","status-publish","format-standard","has-post-thumbnail","hentry","category-eventy","category-media"],"_links":{"self":[{"href":"https:\/\/www.automakersnews.cz\/index.php\/wp-json\/wp\/v2\/posts\/44704","targetHints":{"allow":["GET"]}}],"collection":[{"href":"https:\/\/www.automakersnews.cz\/index.php\/wp-json\/wp\/v2\/posts"}],"about":[{"href":"https:\/\/www.automakersnews.cz\/index.php\/wp-json\/wp\/v2\/types\/post"}],"author":[{"embeddable":true,"href":"https:\/\/www.automakersnews.cz\/index.php\/wp-json\/wp\/v2\/users\/1"}],"replies":[{"embeddable":true,"href":"https:\/\/www.automakersnews.cz\/index.php\/wp-json\/wp\/v2\/comments?post=44704"}],"version-history":[{"count":0,"href":"https:\/\/www.automakersnews.cz\/index.php\/wp-json\/wp\/v2\/posts\/44704\/revisions"}],"wp:featuredmedia":[{"embeddable":true,"href":"https:\/\/www.automakersnews.cz\/index.php\/wp-json\/wp\/v2\/media\/44734"}],"wp:attachment":[{"href":"https:\/\/www.automakersnews.cz\/index.php\/wp-json\/wp\/v2\/media?parent=44704"}],"wp:term":[{"taxonomy":"category","embeddable":true,"href":"https:\/\/www.automakersnews.cz\/index.php\/wp-json\/wp\/v2\/categories?post=44704"},{"taxonomy":"post_tag","embeddable":true,"href":"https:\/\/www.automakersnews.cz\/index.php\/wp-json\/wp\/v2\/tags?post=44704"}],"curies":[{"name":"wp","href":"https:\/\/api.w.org\/{rel}","templated":true}]}}