{"id":44769,"date":"2023-05-10T06:10:31","date_gmt":"2023-05-10T06:10:31","guid":{"rendered":"https:\/\/www.automakersnews.cz\/?p=44769"},"modified":"2023-05-10T06:10:31","modified_gmt":"2023-05-10T06:10:31","slug":"berlin-chysta-obri-flotilu-vodikovych-aut","status":"publish","type":"post","link":"https:\/\/www.automakersnews.cz\/index.php\/2023\/05\/10\/berlin-chysta-obri-flotilu-vodikovych-aut\/","title":{"rendered":"Berl\u00edn chyst\u00e1 ob\u0159\u00ed flotilu vod\u00edkov\u00fdch aut"},"content":{"rendered":"<p><strong>V Berl\u00edn\u011b vznik\u00e1 nejv\u011bt\u0161\u00ed flotila vod\u00edkov\u00fdch aut v N\u011bmecku. V r\u00e1mci dvoulet\u00e9ho pilotn\u00edho projektu H2 Moves Berlin d\u00e1 Toyota Deutschland \u0159idi\u010d\u016fm slu\u017eby Uber k dispozici 200 sedan\u016f Mirai s vod\u00edkov\u00fdmi palivov\u00fdmi \u010dl\u00e1nky. C\u00edlem je otestovat prakti\u010dnost provozu voz\u016f na vod\u00edk.<\/strong><!--more--><\/p>\n<p>P\u016fjde o nejv\u011bt\u0161\u00ed vozov\u00fd park osobn\u00edch automobil\u016f typu FCEV v N\u011bmecku. V ulic\u00edch Berl\u00edna ji\u017e nyn\u00ed jezd\u00ed 50 aut a zb\u00fdvaj\u00edc\u00edch 150 voz\u016f se k nim p\u0159ipoj\u00ed je\u0161t\u011b letos v n\u00e1sleduj\u00edc\u00edch m\u011bs\u00edc\u00edch.<\/p>\n<p>\u201eH2 Moves Berlin p\u0159edstavuje novou etapu ve v\u00fdvoji vod\u00edkov\u00e9 dopravy v N\u011bmecku. Roz\u0161i\u0159ujeme d\u00edky n\u011bmu flotilu bezemisn\u00edch automobil\u016f na vod\u00edkov\u00fd pohon v Berl\u00edn\u011b, kterou nyn\u00ed m\u016f\u017ee kdokoli vyu\u017e\u00edvat pomoc\u00ed obl\u00edben\u00e9 carpoolingov\u00e9 aplikace. V\u00fdrazn\u011b se tak zv\u00fd\u0161\u00ed po\u010det lid\u00ed, kte\u0159\u00ed se s touto inovativn\u00ed technologi\u00ed,\u201c uvedl gener\u00e1ln\u00ed \u0159editel Toyoty Deutschland Andr\u00e9 Schmidt.<\/p>\n<p>Vod\u00edkov\u00e9 Toyoty si lze objednat prost\u0159ednictv\u00edm aplikace Uber ve slu\u017eb\u011b Comfort Electric, kter\u00e1 dod\u00e1v\u00e1 vozy s nulov\u00fdmi emisemi. Uber Comfort Electric je nov\u00e1 pr\u00e9miov\u00e1 slu\u017eba, kter\u00e1 nab\u00edz\u00ed udr\u017eitelnou dopravu a je sou\u010d\u00e1st\u00ed strategie dosa\u017een\u00ed klimatick\u00e9 neutrality.<\/p>\n<p>Vozov\u00fd park provozuje spole\u010dnost SafeDriver Group, kter\u00e1 nab\u00edz\u00ed vozy s \u0159idi\u010dem pro VIP akce nebo pr\u00e1v\u011b slu\u017ebu Uber.<\/p>\n<p><strong>Celebrity Berlinale vozily modely Mirai<\/strong><\/p>\n<p>Automobily byly pou\u017eity k p\u0159eprav\u011b celebrit b\u011bhem leto\u0161n\u00edho festivalu Berlinale. Z limuz\u00edn Mirai vystupovaly na \u010derven\u00fd koberec tak zn\u00e1m\u00e9 osobnosti filmov\u00e9ho sv\u011bta, jako jsou Cate Blanchett, Steven Spielberg \u010di Kristen Stewart.<\/p>\n<p>\u201eNa\u0161i cestuj\u00edc\u00ed jsou z pou\u017e\u00edv\u00e1n\u00ed pohodln\u00fdch vod\u00edkov\u00fdch bezemisn\u00edch voz\u016f Toyota nad\u0161eni. \u0158idi\u010di pak oce\u0148uj\u00ed, \u017ee model Mirai kombinuje \u00fa\u010dinnost elektromobilu s dojezdem a rychlost\u00ed tankov\u00e1n\u00ed srovnatelnou s auty vybaven\u00fdmi spalovac\u00edmi motory,&#8220; dodal gener\u00e1ln\u00ed \u0159editel SafeDriver Group Thomas Mohnke.<\/p>\n<p>Toyota Mirai druh\u00e9 generace m\u00e1 dojezd a\u017e 650 km a jej\u00ed natankov\u00e1n\u00ed trv\u00e1 jen n\u011bkolik minut. Srdcem pohonu je elektromotor o v\u00fdkonu 182 kon\u00ed poh\u00e1n\u011bn\u00fd palivov\u00fdmi \u010dl\u00e1nky vyr\u00e1b\u011bj\u00edc\u00edmi elekt\u0159inu reakc\u00ed vod\u00edku a kysl\u00edku.<\/p>\n<p>Tato reakce prob\u00edh\u00e1 bez spalov\u00e1n\u00ed vod\u00edku, v\u016fz tedy nevypou\u0161t\u00ed CO2 ani \u017e\u00e1dn\u00e9 \u0161kodliv\u00e9 l\u00e1tky a jedin\u00fdm vedlej\u0161\u00edm produktem je voda. Spot\u0159eba vod\u00edku se pohybuje v pr\u016fm\u011bru mezi 0,79-0,89 kg\/100 km v z\u00e1vislosti na v\u00fdbav\u011b a hmotnosti vozidla.<\/p>\n<p>Pohonn\u00fd syst\u00e9m Toyoty Mirai si zachov\u00e1v\u00e1 \u00fa\u010dinnost a dojezd jak p\u0159i teplot\u00e1ch pod bodem mrazu a\u017e -30 \u00b0C, tak i p\u0159i velmi vysok\u00fdch teplot\u00e1ch, tak\u017ee si vede velmi dob\u0159e i ve st\u0159edoevropsk\u00e9m klimatu.<\/p>\n<p>V \u010cesku se zat\u00edm prodala des\u00edtka voz\u016f Mirai, na pra\u017esk\u00e9m Barrandov\u011b se ned\u00e1vno otev\u0159ela prvn\u00ed ve\u0159ejn\u00e1 \u010derpa\u010dka na vod\u00edk v \u010cR.<\/p>\n<p><img loading=\"lazy\" decoding=\"async\" class=\"alignnone wp-image-44771\" src=\"http:\/\/www.automakersnews.cz\/wp-content\/uploads\/2023\/05\/Toyota-Mirai-v-Berline-small-2-300x200.jpg\" alt=\"\" width=\"719\" height=\"479\" srcset=\"https:\/\/www.automakersnews.cz\/wp-content\/uploads\/2023\/05\/Toyota-Mirai-v-Berline-small-2-300x200.jpg 300w, https:\/\/www.automakersnews.cz\/wp-content\/uploads\/2023\/05\/Toyota-Mirai-v-Berline-small-2-1024x683.jpg 1024w, https:\/\/www.automakersnews.cz\/wp-content\/uploads\/2023\/05\/Toyota-Mirai-v-Berline-small-2-768x512.jpg 768w, https:\/\/www.automakersnews.cz\/wp-content\/uploads\/2023\/05\/Toyota-Mirai-v-Berline-small-2-1536x1024.jpg 1536w, https:\/\/www.automakersnews.cz\/wp-content\/uploads\/2023\/05\/Toyota-Mirai-v-Berline-small-2-2048x1365.jpg 2048w\" sizes=\"auto, (max-width: 719px) 100vw, 719px\" \/><\/p>\n","protected":false},"excerpt":{"rendered":"<div class=\"mh-excerpt\"><p>V Berl\u00edn\u011b vznik\u00e1 nejv\u011bt\u0161\u00ed flotila vod\u00edkov\u00fdch aut v N\u011bmecku. V r\u00e1mci dvoulet\u00e9ho pilotn\u00edho projektu H2 Moves Berlin d\u00e1 Toyota Deutschland \u0159idi\u010d\u016fm slu\u017eby Uber k dispozici <a class=\"mh-excerpt-more\" href=\"https:\/\/www.automakersnews.cz\/index.php\/2023\/05\/10\/berlin-chysta-obri-flotilu-vodikovych-aut\/\" title=\"Berl\u00edn chyst\u00e1 ob\u0159\u00ed flotilu vod\u00edkov\u00fdch aut\">[&#8230;]<\/a><\/p>\n<\/div>","protected":false},"author":4,"featured_media":44770,"comment_status":"open","ping_status":"open","sticky":false,"template":"","format":"standard","meta":{"footnotes":""},"categories":[2],"tags":[],"class_list":["post-44769","post","type-post","status-publish","format-standard","has-post-thumbnail","hentry","category-news"],"_links":{"self":[{"href":"https:\/\/www.automakersnews.cz\/index.php\/wp-json\/wp\/v2\/posts\/44769","targetHints":{"allow":["GET"]}}],"collection":[{"href":"https:\/\/www.automakersnews.cz\/index.php\/wp-json\/wp\/v2\/posts"}],"about":[{"href":"https:\/\/www.automakersnews.cz\/index.php\/wp-json\/wp\/v2\/types\/post"}],"author":[{"embeddable":true,"href":"https:\/\/www.automakersnews.cz\/index.php\/wp-json\/wp\/v2\/users\/4"}],"replies":[{"embeddable":true,"href":"https:\/\/www.automakersnews.cz\/index.php\/wp-json\/wp\/v2\/comments?post=44769"}],"version-history":[{"count":0,"href":"https:\/\/www.automakersnews.cz\/index.php\/wp-json\/wp\/v2\/posts\/44769\/revisions"}],"wp:featuredmedia":[{"embeddable":true,"href":"https:\/\/www.automakersnews.cz\/index.php\/wp-json\/wp\/v2\/media\/44770"}],"wp:attachment":[{"href":"https:\/\/www.automakersnews.cz\/index.php\/wp-json\/wp\/v2\/media?parent=44769"}],"wp:term":[{"taxonomy":"category","embeddable":true,"href":"https:\/\/www.automakersnews.cz\/index.php\/wp-json\/wp\/v2\/categories?post=44769"},{"taxonomy":"post_tag","embeddable":true,"href":"https:\/\/www.automakersnews.cz\/index.php\/wp-json\/wp\/v2\/tags?post=44769"}],"curies":[{"name":"wp","href":"https:\/\/api.w.org\/{rel}","templated":true}]}}