{"id":45309,"date":"2023-05-11T08:19:07","date_gmt":"2023-05-11T08:19:07","guid":{"rendered":"https:\/\/www.automakersnews.cz\/?p=45309"},"modified":"2023-05-11T08:20:05","modified_gmt":"2023-05-11T08:20:05","slug":"skoda-a-orlen-se-dohodly-na-rychlonabijeckach","status":"publish","type":"post","link":"https:\/\/www.automakersnews.cz\/index.php\/2023\/05\/11\/skoda-a-orlen-se-dohodly-na-rychlonabijeckach\/","title":{"rendered":"\u0160koda a ORLEN se dohodly na rychlonab\u00edje\u010dk\u00e1ch"},"content":{"rendered":"<p><strong>\u0160koda Auto a ORLEN Unipetrol uzav\u0159ely Memorandum o vz\u00e1jemn\u00e9 spolupr\u00e1ci s c\u00edlem podpo\u0159it rozvoj elektromobility v \u010cesk\u00e9 republice. Spolupr\u00e1ce m\u00e1 v\u00e9st k roz\u0161\u00ed\u0159en\u00ed nab\u00edjec\u00ed infrastruktury a spole\u010dn\u00e9mu \u00fasil\u00ed o napln\u011bn\u00ed c\u00edl\u016f z N\u00e1rodn\u00edho ak\u010dn\u00edho pl\u00e1nu \u010dist\u00e9 mobility.<\/strong> <!--more--><\/p>\n<p>V sou\u010dasn\u00e9 dob\u011b prob\u00edh\u00e1 mapov\u00e1n\u00ed v\u00fdznamn\u00fdch lokalit nap\u0159\u00ed\u010d s\u00edt\u00ed \u010derpac\u00edch stanic ORLEN Benzina, kter\u00e1 je st\u011b\u017eejn\u00ed sou\u010d\u00e1st\u00ed<br \/>\nt\u00e9to iniciativy.<\/p>\n<p>\u201ePokra\u010dujeme v systematick\u00e9 podpo\u0159e v\u00fdstavby infrastruktury v \u010cesk\u00e9 republice. D\u00edky\u00a0 podpisu memoranda po\u010d\u00edt\u00e1me s dal\u0161\u00edm n\u00e1r\u016fstem po\u010dtu strategicky um\u00edst\u011bn\u00fdch dob\u00edjec\u00edch hub\u016f tak, aby se del\u0161\u00ed cesty s elektromobilem po cel\u00e9m \u00fazem\u00ed na\u0161\u00ed zem\u011b staly je\u0161t\u011b komfortn\u011bj\u0161\u00ed,\u201c \u0159\u00edk\u00e1 Ji\u0159\u00ed Mal\u00e1\u010dek, vedouc\u00ed \u010desk\u00e9ho zastoupen\u00ed automobilky \u0160koda Auto.<\/p>\n<p><img loading=\"lazy\" decoding=\"async\" class=\"alignnone size-large wp-image-32689\" src=\"http:\/\/www.automakersnews.cz\/wp-content\/uploads\/2023\/03\/Skoda-workshop-Jarov-Malacek-1024x768.jpg\" alt=\"\" width=\"1024\" height=\"768\" \/><\/p>\n<p>Tomasz Wiatrak, gener\u00e1ln\u00ed \u0159editel skupiny ORLEN Unipetrol jej dopl\u0148uje: \u201eJi\u017e nyn\u00ed m\u00e1me na na\u0161ich 55 \u010derpac\u00edch stanic\u00edch ORLEN Benzina v provozu bezkonkuren\u010dn\u00edch 225 dob\u00edjec\u00edchbod\u016f, co\u017e z n\u00e1s d\u011bl\u00e1 l\u00eddra mezi \u010derpac\u00edmi stanicemi. V rozvoji t\u00e9to infrastruktury budeme i\u00a0 nad\u00e1le pokra\u010dovat a v bl\u00edzk\u00e9 budoucnosti osad\u00edme vybran\u00e9 lokality i vysoce v\u00fdkonn\u00fdmi vysokorychlostn\u00edmi dob\u00edjec\u00edmi stojany. Po\u010d\u00edt\u00e1me s t\u00edm, \u017ee do konce roku zapo\u010dne projektov\u00e1n\u00ed a v n\u011bkter\u00fdch p\u0159\u00edpadech i v\u00fdstavba na minim\u00e1ln\u011b osmi lokalit\u00e1ch, kter\u00e9 se nach\u00e1z\u00ed v koridorech tzv. transevropsk\u00e9 dopravn\u00ed s\u00edt\u011b, tedy u t\u011bch nejd\u016fle\u017eit\u011bj\u0161\u00edch tah\u016f.\u201c<\/p>\n<p><strong>Vysokorychlostn\u00ed dob\u00edjec\u00ed stanice s v\u00fdkonem 150 kW na kl\u00ed\u010dov\u00fdch m\u00edstech<\/strong><\/p>\n<p>C\u00edlem spolupr\u00e1ce \u0160koda Auto a ORLEN Unipetrol je vybudovat rychlonab\u00edjec\u00ed stanice s v\u00fdkonem 150 kW a vy\u0161\u0161\u00edm na kl\u00ed\u010dov\u00fdch m\u00edstech s nejv\u011bt\u0161\u00edm potenci\u00e1lem pro tranzit elektromobil\u016f. Nov\u00e9 nab\u00edjec\u00ed huby budou um\u00edst\u011bny v lokalit\u00e1ch, kter\u00e9 vzejdou ze studie proveditelnosti, je\u017e identifikuje ide\u00e1ln\u00ed m\u00edsta pro v\u00fdstavbu stanic.<\/p>\n<p>V r\u00e1mci spolupr\u00e1ce ob\u011b spole\u010dnosti pl\u00e1nuj\u00ed tak\u00e9 propojen\u00ed ve\u0159ejn\u00fdch nab\u00edjec\u00edch stanic do jednotn\u00e9ho syst\u00e9mu tak, aby byly p\u0159\u00edstupn\u00e9 v s\u00edt\u00edch poskytovatel\u016f dob\u00edjec\u00edch \u0159e\u0161en\u00ed.<\/p>\n<p><strong>Na realizaci m\u00e1 dohl\u00e9dnout t\u00fdm odborn\u00edk\u016f<\/strong><\/p>\n<p>Projekt bude realizov\u00e1n ve dvou etap\u00e1ch. Prvn\u00ed etapa identifikuje tzv. \u201eb\u00edl\u00e1 m\u00edsta\u201c na z\u00e1klad\u011b mapy st\u00e1vaj\u00edc\u00edch nab\u00edjec\u00edch stanic za \u00fa\u010delem v\u00fdstavby nov\u00fdch hub\u016f s vysokorychlostn\u00edmi nab\u00edje\u010dkami.<\/p>\n<p>Ve druh\u00e9 integra\u010dn\u00ed etap\u011b bude \u0160koda Auto poskytovat poradenstv\u00ed p\u0159i propojov\u00e1n\u00ed nab\u00edjec\u00edch stanic, aby byly zp\u0159\u00edstupn\u011bny v dob\u00edjec\u00edch platform\u00e1ch. Napl\u0148ov\u00e1n\u00ed c\u00edl\u016f bude \u0159\u00eddit pracovn\u00ed t\u00fdm slo\u017een\u00fd z p\u0159edstavitel\u016f obou spole\u010dnost\u00ed a vybran\u00fdch dodavatel\u016f.<\/p>\n<figure id=\"attachment_87\" aria-describedby=\"caption-attachment-87\" style=\"width: 692px\" class=\"wp-caption alignnone\"><img loading=\"lazy\" decoding=\"async\" class=\"size-full wp-image-87\" src=\"http:\/\/www.automakersnews.cz\/wp-content\/uploads\/2022\/01\/ORLEN-filling_station-1-small.jpg\" alt=\"\" width=\"692\" height=\"378\" srcset=\"https:\/\/www.automakersnews.cz\/wp-content\/uploads\/2022\/01\/ORLEN-filling_station-1-small.jpg 692w, https:\/\/www.automakersnews.cz\/wp-content\/uploads\/2022\/01\/ORLEN-filling_station-1-small-300x164.jpg 300w\" sizes=\"auto, (max-width: 692px) 100vw, 692px\" \/><figcaption id=\"caption-attachment-87\" class=\"wp-caption-text\">Ilustra\u010dn\u00ed foto<\/figcaption><\/figure>\n","protected":false},"excerpt":{"rendered":"<div class=\"mh-excerpt\"><p>\u0160koda Auto a ORLEN Unipetrol uzav\u0159ely Memorandum o vz\u00e1jemn\u00e9 spolupr\u00e1ci s c\u00edlem podpo\u0159it rozvoj elektromobility v \u010cesk\u00e9 republice. Spolupr\u00e1ce m\u00e1 v\u00e9st k roz\u0161\u00ed\u0159en\u00ed nab\u00edjec\u00ed infrastruktury <a class=\"mh-excerpt-more\" href=\"https:\/\/www.automakersnews.cz\/index.php\/2023\/05\/11\/skoda-a-orlen-se-dohodly-na-rychlonabijeckach\/\" title=\"\u0160koda a ORLEN se dohodly na rychlonab\u00edje\u010dk\u00e1ch\">[&#8230;]<\/a><\/p>\n<\/div>","protected":false},"author":1,"featured_media":45310,"comment_status":"open","ping_status":"open","sticky":false,"template":"","format":"standard","meta":{"footnotes":""},"categories":[55,22],"tags":[],"class_list":["post-45309","post","type-post","status-publish","format-standard","has-post-thumbnail","hentry","category-alternativni-pohony","category-elektromobily"],"_links":{"self":[{"href":"https:\/\/www.automakersnews.cz\/index.php\/wp-json\/wp\/v2\/posts\/45309","targetHints":{"allow":["GET"]}}],"collection":[{"href":"https:\/\/www.automakersnews.cz\/index.php\/wp-json\/wp\/v2\/posts"}],"about":[{"href":"https:\/\/www.automakersnews.cz\/index.php\/wp-json\/wp\/v2\/types\/post"}],"author":[{"embeddable":true,"href":"https:\/\/www.automakersnews.cz\/index.php\/wp-json\/wp\/v2\/users\/1"}],"replies":[{"embeddable":true,"href":"https:\/\/www.automakersnews.cz\/index.php\/wp-json\/wp\/v2\/comments?post=45309"}],"version-history":[{"count":0,"href":"https:\/\/www.automakersnews.cz\/index.php\/wp-json\/wp\/v2\/posts\/45309\/revisions"}],"wp:featuredmedia":[{"embeddable":true,"href":"https:\/\/www.automakersnews.cz\/index.php\/wp-json\/wp\/v2\/media\/45310"}],"wp:attachment":[{"href":"https:\/\/www.automakersnews.cz\/index.php\/wp-json\/wp\/v2\/media?parent=45309"}],"wp:term":[{"taxonomy":"category","embeddable":true,"href":"https:\/\/www.automakersnews.cz\/index.php\/wp-json\/wp\/v2\/categories?post=45309"},{"taxonomy":"post_tag","embeddable":true,"href":"https:\/\/www.automakersnews.cz\/index.php\/wp-json\/wp\/v2\/tags?post=45309"}],"curies":[{"name":"wp","href":"https:\/\/api.w.org\/{rel}","templated":true}]}}