{"id":4537,"date":"2022-11-23T08:35:27","date_gmt":"2022-11-23T08:35:27","guid":{"rendered":"https:\/\/www.automakersnews.cz\/?p=4537"},"modified":"2022-11-23T08:43:05","modified_gmt":"2022-11-23T08:43:05","slug":"czech-news-center-meni-vedeni","status":"publish","type":"post","link":"https:\/\/www.automakersnews.cz\/index.php\/2022\/11\/23\/czech-news-center-meni-vedeni\/","title":{"rendered":"Czech News Center m\u011bn\u00ed veden\u00ed"},"content":{"rendered":"<p><strong>\u0160\u00e9fkou medi\u00e1ln\u00edho domu Czech News Center, kter\u00fd vyd\u00e1v\u00e1 Sv\u011bt motor\u016f a provozuje port\u00e1l Auto.cz,\u00a0 je od 23. listopadu\u00a0 Martina \u0158\u00edhov\u00e1, dosavadn\u00ed \u0161\u00e9fka Active Radio, rozhlasov\u00e9 divize Czech Media Invest, mate\u0159sk\u00e9ho koncernu kolem Daniela K\u0159et\u00ednsk\u00e9ho.<\/strong><!--more--><\/p>\n<p>\u0158\u00edhov\u00e1 ve veden\u00ed Czech News Center nahradila podle Medi\u00e1\u0159e <strong>Juraje Felixe<\/strong>\u00a0a\u00a0<strong>Tom\u00e1\u0161e Str\u00e1nsk\u00e9ho<\/strong>. Felix zaujme novou pozici managing director pro digit\u00e1ln\u00ed investice Czech Media Invest a m\u00e1 se v\u011bnovat \u0159\u00edzen\u00ed st\u00e1vaj\u00edc\u00edch digit\u00e1ln\u00edch projekt\u016f skupiny v \u010cesku i v zahrani\u010d\u00ed, z\u00e1rove\u0148 z\u016fst\u00e1v\u00e1 \u010dlenem p\u0159edstavenstva Czech News Center.<\/p>\n<p>Str\u00e1nsk\u00fd skupinu po dohod\u011b opou\u0161t\u00ed. P\u0159edstavenstvo Czech News Center to ozn\u00e1milo dnes r\u00e1no zam\u011bstnanc\u016fm. Felixovi se Str\u00e1nsk\u00fdm pod\u011bkovalo za to, \u017ee \u201erozpracovali do p\u0159edfin\u00e1ln\u00ed f\u00e1ze projekt digit\u00e1ln\u00ed transformace spole\u010dnosti\u201c.<\/p>\n<p>S \u0158\u00edhovou, kter\u00e1 m\u00e1 d\u00e1l \u0159\u00eddit i\u00a0r\u00e1dia, nastupuje do veden\u00ed Czech News Center i\u00a0<strong>Karel \u017dalud<\/strong>, a\u00a0to jako provozn\u00ed \u0159editel neboli chief operating officer. \u017dalud \u0159\u00edd\u00ed finance skupiny Czech Media Invest a\u00a0p\u016fsob\u00ed tak\u00e9 jako finan\u010dn\u00ed a\u00a0provozn\u00ed \u0159editel Active Radio.<\/p>\n<p>\u017dalud nejprve z\u00edskal n\u011bkolikalet\u00e9 zku\u0161enosti v\u00a0konzulta\u010dn\u00ed spole\u010dnosti Deloitte, poprv\u00e9 do medi\u00e1ln\u00edho prost\u0159ed\u00ed p\u0159e\u0161el n\u00e1sledn\u011b v\u00a0roce 2010, a\u00a0to\u00a0<a href=\"https:\/\/www.mediar.cz\/sefem-economie-i-centra-kamil-cermak-spolecny-obchod-ridi-pavel-voparil\/\">do pozice finan\u010dn\u00edho \u0159editele, respektive \u0161\u00e9fa controllingu vydavatelstv\u00ed Economia<\/a>. V\u00a0dal\u0161\u00edch letech \u0159\u00eddil podobnou agendu v\u00a0RSBC Group, OMD Czech, Media Service \u010di v\u00a0Hertford Investments. Ve skupin\u011b Czech Media Invest p\u016fsob\u00ed od za\u010d\u00e1tku roku 2020.<\/p>\n<p>Skupina dnes tak\u00e9 ozn\u00e1mila, \u017ee person\u00e1ln\u00ed zm\u011bny jsou prvn\u00edm krokem spojen\u00ed dvou dce\u0159in\u00fdch spole\u010dnost\u00ed Czech Media Invest, a\u00a0to Czech News Center a\u00a0Active Radio, v\u00a0z\u00e1jmu u\u017e\u0161\u00ed, efektivn\u011bj\u0161\u00ed spolupr\u00e1ce s\u00a0inzerenty i\u00a0konzumenty m\u00e9di\u00ed. Czech News Center vyd\u00e1v\u00e1 ti\u0161t\u011bn\u00e9 a\u00a0internetov\u00e9 tituly jako\u00a0<em><strong>Blesk<\/strong><\/em>,\u00a0<em><strong>Aha!<\/strong><\/em>,\u00a0<em><strong>E15<\/strong><\/em>,\u00a0<em><strong>Sport<\/strong><\/em>,\u00a0<em><strong>Reflex<\/strong><\/em>,\u00a0<em><strong>ABC<\/strong><\/em>\u00a0\u010di\u00a0<em><strong>Sv\u011bt motor\u016f<\/strong><\/em>, Active Radio provozuje rozhlasov\u00e9 stanice Frekvence 1, Evropa 2, Bonton a\u00a0Dance.<\/p>\n<p>Projekt f\u00faze pl\u00e1nuje Czech Media Invest dokon\u010dit po p\u0159est\u011bhov\u00e1n\u00ed obou firem do nov\u00fdch s\u00eddel na Hagiboru, a\u00a0to za\u010d\u00e1tkem p\u0159esp\u0159\u00ed\u0161t\u00edho roku 2024. Czech News Center nyn\u00ed s\u00eddl\u00ed v\u00a0Hole\u0161ovic\u00edch v\u00a0ulici Komunard\u016f, s\u00eddlem Active Radio je Wenzigova ulice na Praze 2, nedaleko Nuselsk\u00e9ho mostu.<\/p>\n<p>K\u0159et\u00ednsk\u00fd dr\u017e\u00ed v\u00a0Czech Media Invest pod\u00edl 50\u00a0% a\u00a0skupinu \u0159\u00edd\u00ed, 40\u00a0% vlastn\u00ed\u00a0<strong>Patrik Tk\u00e1\u010d<\/strong>\u00a0a\u00a010\u00a0%\u00a0<strong>Roman Korba\u010dka<\/strong>. Krom\u011b Czech News Center a\u00a0Active Radio do skupiny pat\u0159\u00ed tak\u00e9 tuzemsk\u00e9 firmy CMI News, kter\u00e1 provozuje n\u00e1zorov\u00fd den\u00edk\u00a0<em><strong>Info.cz<\/strong><\/em>, p\u0159edplatitelskou platformu Gazetisto a\u00a0<a href=\"https:\/\/www.mediar.cz\/kretinskeho-medialni-skupina-prodala-radio-z-koupil-ho-majitel-echa\/\">ned\u00e1vno prodala ztr\u00e1tov\u00e9 R\u00e1dio Z<\/a>, a Czech Video Center, provozovatel internetov\u00e9 televize Mall.tv.<\/p>\n<p><img loading=\"lazy\" decoding=\"async\" class=\"alignnone size-medium wp-image-4538\" src=\"http:\/\/www.automakersnews.cz\/wp-content\/uploads\/2022\/11\/martina-rihova-300x200.jpg\" alt=\"\" width=\"300\" height=\"200\" srcset=\"https:\/\/www.automakersnews.cz\/wp-content\/uploads\/2022\/11\/martina-rihova-300x200.jpg 300w, https:\/\/www.automakersnews.cz\/wp-content\/uploads\/2022\/11\/martina-rihova-1024x683.jpg 1024w, https:\/\/www.automakersnews.cz\/wp-content\/uploads\/2022\/11\/martina-rihova-768x512.jpg 768w, https:\/\/www.automakersnews.cz\/wp-content\/uploads\/2022\/11\/martina-rihova.jpg 1200w\" sizes=\"auto, (max-width: 300px) 100vw, 300px\" \/><\/p>\n<p>Martina \u0158\u00edhov\u00e1 p\u016fsobila velkou \u010d\u00e1st kari\u00e9ry v agenturn\u00edm prost\u0159ed\u00ed. P\u0159ed vstupem do veden\u00ed spole\u010dnost\u00ed pod Czech Media Invest str\u00e1vila 18 let ve francouzsk\u00e9 nadn\u00e1rodn\u00ed komunika\u010dn\u00ed skupin\u011b Publicis Groupe, prim\u00e1rn\u011b ve vedouc\u00edch pozic\u00edch medi\u00e1ln\u00edch agentur jako MediaVest a Starcom, naposledy zast\u00e1vala pozici chief information officer Publicis One.<\/p>\n","protected":false},"excerpt":{"rendered":"<div class=\"mh-excerpt\"><p>\u0160\u00e9fkou medi\u00e1ln\u00edho domu Czech News Center, kter\u00fd vyd\u00e1v\u00e1 Sv\u011bt motor\u016f a provozuje port\u00e1l Auto.cz,\u00a0 je od 23. listopadu\u00a0 Martina \u0158\u00edhov\u00e1, dosavadn\u00ed \u0161\u00e9fka Active Radio, rozhlasov\u00e9 <a class=\"mh-excerpt-more\" href=\"https:\/\/www.automakersnews.cz\/index.php\/2022\/11\/23\/czech-news-center-meni-vedeni\/\" title=\"Czech News Center m\u011bn\u00ed veden\u00ed\">[&#8230;]<\/a><\/p>\n<\/div>","protected":false},"author":1,"featured_media":4539,"comment_status":"open","ping_status":"open","sticky":false,"template":"","format":"standard","meta":{"footnotes":""},"categories":[24,27],"tags":[],"class_list":["post-4537","post","type-post","status-publish","format-standard","has-post-thumbnail","hentry","category-management","category-media"],"_links":{"self":[{"href":"https:\/\/www.automakersnews.cz\/index.php\/wp-json\/wp\/v2\/posts\/4537","targetHints":{"allow":["GET"]}}],"collection":[{"href":"https:\/\/www.automakersnews.cz\/index.php\/wp-json\/wp\/v2\/posts"}],"about":[{"href":"https:\/\/www.automakersnews.cz\/index.php\/wp-json\/wp\/v2\/types\/post"}],"author":[{"embeddable":true,"href":"https:\/\/www.automakersnews.cz\/index.php\/wp-json\/wp\/v2\/users\/1"}],"replies":[{"embeddable":true,"href":"https:\/\/www.automakersnews.cz\/index.php\/wp-json\/wp\/v2\/comments?post=4537"}],"version-history":[{"count":0,"href":"https:\/\/www.automakersnews.cz\/index.php\/wp-json\/wp\/v2\/posts\/4537\/revisions"}],"wp:featuredmedia":[{"embeddable":true,"href":"https:\/\/www.automakersnews.cz\/index.php\/wp-json\/wp\/v2\/media\/4539"}],"wp:attachment":[{"href":"https:\/\/www.automakersnews.cz\/index.php\/wp-json\/wp\/v2\/media?parent=4537"}],"wp:term":[{"taxonomy":"category","embeddable":true,"href":"https:\/\/www.automakersnews.cz\/index.php\/wp-json\/wp\/v2\/categories?post=4537"},{"taxonomy":"post_tag","embeddable":true,"href":"https:\/\/www.automakersnews.cz\/index.php\/wp-json\/wp\/v2\/tags?post=4537"}],"curies":[{"name":"wp","href":"https:\/\/api.w.org\/{rel}","templated":true}]}}