{"id":4544,"date":"2022-11-23T09:25:46","date_gmt":"2022-11-23T09:25:46","guid":{"rendered":"https:\/\/www.automakersnews.cz\/?p=4544"},"modified":"2022-11-23T09:25:46","modified_gmt":"2022-11-23T09:25:46","slug":"czechbus-scania-predstavuje-novy-fencer","status":"publish","type":"post","link":"https:\/\/www.automakersnews.cz\/index.php\/2022\/11\/23\/czechbus-scania-predstavuje-novy-fencer\/","title":{"rendered":"Czechbus: Scania p\u0159edstavuje nov\u00fd Fencer"},"content":{"rendered":"<p><span style=\"color: #000000;\"><span lang=\"cs-CZ\"><b>Na v\u00fdstavi\u0161ti v pra\u017esk\u00fdch Let\u0148anech odstartoval 22. listopadu 11. ro\u010dn\u00edk st\u0159edoevropsk\u00e9ho veletrhu autobus\u016f, hromadn\u00e9 dopravy, telematiky a servisn\u00ed techniky Czechbus. Spole\u010dnost Scania na n\u011bm poprv\u00e9 \u010desk\u00e9 ve\u0159ejnosti p\u0159edstav\u00ed sv\u016fj nov\u00fd model Fencer.<\/b><\/span><\/span><!--more--><\/p>\n<p><span style=\"color: #000000;\">\u201e<span lang=\"cs-CZ\">T\u011b\u0161\u00ed n\u00e1s, \u017ee m\u016f\u017eeme n\u00e1\u0161 nov\u00fd model poprv\u00e9 p\u0159edstavit pr\u00e1v\u011b na veletrhu Czechbus, kde si ho budou moci prohl\u00e9dnout nejen na\u0161i obchodn\u00ed partne\u0159i, ale i \u0161irok\u00e1 ve\u0159ejnost,\u201c \u0159\u00edk\u00e1 <\/span><\/span><span lang=\"cs-CZ\">Luk\u00e1\u0161 Martin\u016f, mana\u017eer prodeje autobus\u016f Scania (CZ <\/span><span lang=\"en-US\">&amp; SK)<\/span><span lang=\"cs-CZ\">. Nov\u00e1 modelov\u00e1 \u0159ada Fencer nab\u00edz\u00ed vysokou kvalitu za p\u0159ijatelnou cenu. Podobn\u011b jako z\u00e1jezdov\u00e9 autobusy \u0159ady Touring je i Fencer v\u00fdsledkem n\u011bkolikalet\u00e9ho spole\u010dn\u00e9ho v\u00fdvoje in\u017een\u00fdr\u016f zna\u010dek Scania a Higer. <\/span><\/p>\n<p><span style=\"color: #000000;\"><span lang=\"cs-CZ\">Autobus tak spojuje kvalitn\u00ed proveden\u00ed s\u00a0v\u00fdhodnou cenou. \u201eFencer je postaven\u00fd na zcela nov\u00e9 platform\u011b jako nejnov\u011bj\u0161\u00ed generace model\u016f Citywide a Interlink,\u201c \u0159\u00edk\u00e1 Martin\u016f. Nechyb\u00ed mu tedy nap\u0159\u00edklad pokro\u010dil\u00e9 asisten\u010dn\u00ed syst\u00e9my, modern\u00ed naftov\u00e9, nebo plynov\u00e9 motory a chystaj\u00ed se rovn\u011b\u017e elektrifikovan\u00e1 proveden\u00ed: hybrid a \u010dist\u00fd bateriov\u00fd elektromobil<\/span><\/span><span lang=\"cs-CZ\">.<\/span><\/p>\n<p><span style=\"color: #000000;\">\u201e<span lang=\"cs-CZ\">V podob\u011b Fenceru uv\u00e1d\u00edme na trh vozidlo, kter\u00e9 lze na m\u00edru p\u0159izp\u016fsobit pot\u0159eb\u00e1m \u010desk\u00fdch z\u00e1kazn\u00edk\u016f nejen, co se pohonn\u00e9ho \u00fastroj\u00ed t\u00fd\u010de. Budeme m\u00edt verze nejr\u016fzn\u011bj\u0161\u00edch d\u00e9lek se dv\u011bma, nebo t\u0159emi n\u00e1pravami,\u201c dopl\u0148uje Martin\u016f. Krom\u011b typu f1 se sn\u00ed\u017een\u00fdm n\u00e1stupem je v\u00a0nab\u00eddce rovn\u011b\u017e mezim\u011bstsk\u00fd model f6.<\/span><\/span><\/p>\n<p><span style=\"color: #000000;\"><span lang=\"cs-CZ\">Na st\u00e1nku Scanie bude Fencer vystaven ve verzi f1 se sn\u00ed\u017een\u00fdm n\u00e1stupem a s\u00a0naftov\u00fdm motorem o objemu dev\u00edti litr\u016f. \u201eZvolili jsme takovou podobu st\u00e1nku, aby korespondovala s\u00a0origin\u00e1ln\u00edm, ale z\u00e1rove\u0148 jednoduch\u00fdm, modern\u00edm designem autobusu. P\u0159ipom\u00edn\u00e1 tedy velkom\u011bstskou zast\u00e1vku, kde si n\u00e1v\u0161t\u011bvn\u00edci mohou snadno prohl\u00e9dnout ve\u0161ker\u00e9 informace na elektronick\u00e9 obrazovce. Posed\u011bt je mo\u017en\u00e9 p\u0159\u00edmo v\u00a0interi\u00e9ru autobusu,\u201c \u0159\u00edk\u00e1 mluv\u010d\u00ed spole\u010dnosti Scania Czech Republic Martin P\u0159ibyl. N\u00e1v\u0161t\u011bvn\u00edci si tak budou moci prohl\u00e9dnout i modern\u00ed pojet\u00ed pracovi\u0161t\u011b \u0159idi\u010de na palub\u011b Fenceru.<\/span><\/span><\/p>\n<p><span style=\"color: #000000;\">\u201e<span lang=\"cs-CZ\">M\u00e1me na co navazovat. V\u00a0lo\u0148sk\u00e9m roce z\u00edskala Scania druh\u00e9 m\u00edsto v sout\u011b\u017ei Top Expo za podobu sv\u00e9ho st\u00e1nku na veletrhu Czechbus,\u201c p\u0159ipom\u00edn\u00e1 P\u0159ibyl.<\/span><\/span><\/p>\n","protected":false},"excerpt":{"rendered":"<div class=\"mh-excerpt\"><p>Na v\u00fdstavi\u0161ti v pra\u017esk\u00fdch Let\u0148anech odstartoval 22. listopadu 11. ro\u010dn\u00edk st\u0159edoevropsk\u00e9ho veletrhu autobus\u016f, hromadn\u00e9 dopravy, telematiky a servisn\u00ed techniky Czechbus. Spole\u010dnost Scania na n\u011bm poprv\u00e9 <a class=\"mh-excerpt-more\" href=\"https:\/\/www.automakersnews.cz\/index.php\/2022\/11\/23\/czechbus-scania-predstavuje-novy-fencer\/\" title=\"Czechbus: Scania p\u0159edstavuje nov\u00fd Fencer\">[&#8230;]<\/a><\/p>\n<\/div>","protected":false},"author":1,"featured_media":4573,"comment_status":"open","ping_status":"open","sticky":false,"template":"","format":"standard","meta":{"footnotes":""},"categories":[28],"tags":[],"class_list":["post-4544","post","type-post","status-publish","format-standard","has-post-thumbnail","hentry","category-vystavy"],"_links":{"self":[{"href":"https:\/\/www.automakersnews.cz\/index.php\/wp-json\/wp\/v2\/posts\/4544","targetHints":{"allow":["GET"]}}],"collection":[{"href":"https:\/\/www.automakersnews.cz\/index.php\/wp-json\/wp\/v2\/posts"}],"about":[{"href":"https:\/\/www.automakersnews.cz\/index.php\/wp-json\/wp\/v2\/types\/post"}],"author":[{"embeddable":true,"href":"https:\/\/www.automakersnews.cz\/index.php\/wp-json\/wp\/v2\/users\/1"}],"replies":[{"embeddable":true,"href":"https:\/\/www.automakersnews.cz\/index.php\/wp-json\/wp\/v2\/comments?post=4544"}],"version-history":[{"count":0,"href":"https:\/\/www.automakersnews.cz\/index.php\/wp-json\/wp\/v2\/posts\/4544\/revisions"}],"wp:featuredmedia":[{"embeddable":true,"href":"https:\/\/www.automakersnews.cz\/index.php\/wp-json\/wp\/v2\/media\/4573"}],"wp:attachment":[{"href":"https:\/\/www.automakersnews.cz\/index.php\/wp-json\/wp\/v2\/media?parent=4544"}],"wp:term":[{"taxonomy":"category","embeddable":true,"href":"https:\/\/www.automakersnews.cz\/index.php\/wp-json\/wp\/v2\/categories?post=4544"},{"taxonomy":"post_tag","embeddable":true,"href":"https:\/\/www.automakersnews.cz\/index.php\/wp-json\/wp\/v2\/tags?post=4544"}],"curies":[{"name":"wp","href":"https:\/\/api.w.org\/{rel}","templated":true}]}}