{"id":45619,"date":"2023-05-12T08:33:59","date_gmt":"2023-05-12T08:33:59","guid":{"rendered":"https:\/\/www.automakersnews.cz\/?p=45619"},"modified":"2023-05-12T08:33:59","modified_gmt":"2023-05-12T08:33:59","slug":"skoda-poskytla-vozy-autoskolam","status":"publish","type":"post","link":"https:\/\/www.automakersnews.cz\/index.php\/2023\/05\/12\/skoda-poskytla-vozy-autoskolam\/","title":{"rendered":"\u0160koda poskytla vozy auto\u0161kol\u00e1m"},"content":{"rendered":"<p><strong>\u0160koda Auto ve spolupr\u00e1ci s autorizovan\u00fdm prodejcem LAURETA AUTO v Mlad\u00e9 Boleslavi p\u0159edala z\u00e1stupc\u016fm Asociace auto\u0161kol \u010cR 15 nov\u00fdch voz\u016f.<\/strong><!--more--><\/p>\n<p>Krom\u011b deseti nejnov\u011bj\u0161\u00edch model\u016f \u0160koda Fabia byly mezi p\u0159edan\u00fdmi automobily tak\u00e9 modely Kamiq, Scala a Karoq.<\/p>\n<p>Jedn\u00e1 se o pokra\u010duj\u00edc\u00ed spolupr\u00e1ci mezi \u010deskou automobilkou a nejv\u011bt\u0161\u00ed organizac\u00ed za\u0161ti\u0165uj\u00edc\u00ed provozovatele auto\u0161kol.<\/p>\n","protected":false},"excerpt":{"rendered":"<div class=\"mh-excerpt\"><p>\u0160koda Auto ve spolupr\u00e1ci s autorizovan\u00fdm prodejcem LAURETA AUTO v Mlad\u00e9 Boleslavi p\u0159edala z\u00e1stupc\u016fm Asociace auto\u0161kol \u010cR 15 nov\u00fdch voz\u016f.<\/p>\n<\/div>","protected":false},"author":1,"featured_media":45648,"comment_status":"open","ping_status":"open","sticky":false,"template":"","format":"standard","meta":{"footnotes":""},"categories":[10,60],"tags":[],"class_list":["post-45619","post","type-post","status-publish","format-standard","has-post-thumbnail","hentry","category-eventy","category-spolecenska-zodpovednost"],"_links":{"self":[{"href":"https:\/\/www.automakersnews.cz\/index.php\/wp-json\/wp\/v2\/posts\/45619","targetHints":{"allow":["GET"]}}],"collection":[{"href":"https:\/\/www.automakersnews.cz\/index.php\/wp-json\/wp\/v2\/posts"}],"about":[{"href":"https:\/\/www.automakersnews.cz\/index.php\/wp-json\/wp\/v2\/types\/post"}],"author":[{"embeddable":true,"href":"https:\/\/www.automakersnews.cz\/index.php\/wp-json\/wp\/v2\/users\/1"}],"replies":[{"embeddable":true,"href":"https:\/\/www.automakersnews.cz\/index.php\/wp-json\/wp\/v2\/comments?post=45619"}],"version-history":[{"count":0,"href":"https:\/\/www.automakersnews.cz\/index.php\/wp-json\/wp\/v2\/posts\/45619\/revisions"}],"wp:featuredmedia":[{"embeddable":true,"href":"https:\/\/www.automakersnews.cz\/index.php\/wp-json\/wp\/v2\/media\/45648"}],"wp:attachment":[{"href":"https:\/\/www.automakersnews.cz\/index.php\/wp-json\/wp\/v2\/media?parent=45619"}],"wp:term":[{"taxonomy":"category","embeddable":true,"href":"https:\/\/www.automakersnews.cz\/index.php\/wp-json\/wp\/v2\/categories?post=45619"},{"taxonomy":"post_tag","embeddable":true,"href":"https:\/\/www.automakersnews.cz\/index.php\/wp-json\/wp\/v2\/tags?post=45619"}],"curies":[{"name":"wp","href":"https:\/\/api.w.org\/{rel}","templated":true}]}}