{"id":45653,"date":"2023-05-12T09:06:38","date_gmt":"2023-05-12T09:06:38","guid":{"rendered":"https:\/\/www.automakersnews.cz\/?p=45653"},"modified":"2023-05-12T09:40:59","modified_gmt":"2023-05-12T09:40:59","slug":"kia-chysta-zmenu-designu-showroomu","status":"publish","type":"post","link":"https:\/\/www.automakersnews.cz\/index.php\/2023\/05\/12\/kia-chysta-zmenu-designu-showroomu\/","title":{"rendered":"Kia chyst\u00e1 zm\u011bnu designu showroom\u016f"},"content":{"rendered":"<p><strong>Kia Czech, \u010d\u00edslo 5 mezi tuzemsk\u00fdmi import\u00e9ry, chce letos vyztu\u017eit prodejn\u00ed s\u00ed\u0165 a chyst\u00e1 tak\u00e9 jej\u00ed redesign. Import\u00e9rsk\u00fd speci\u00e1l Automakers se ptal na podrobnosti gener\u00e1ln\u00edho \u0159editele importu Arno\u0161ta Barny.<\/strong><!--more--><\/p>\n<p><strong>Jak\u00fd byl loni v\u00fdvoj va\u0161\u00ed dealersk\u00e9 s\u00edt\u011b a co ji \u010dek\u00e1 letos?<\/strong><\/p>\n<p>V\u00a0uplynul\u00e9m obdob\u00ed jsme se sna\u017eili zaplnit v\u0161echny regiony prodejn\u00edmi a servisn\u00edmi m\u00edsty, brzy otev\u0159eme nov\u00e9 prodejny v Brn\u011b, Ostrav\u011b, Plzni, Hradci Kr\u00e1lov\u00e9, Mlad\u00e9 Boleslavi, Kol\u00edn\u011b a Znojmu. V leto\u0161n\u00edm roce zahajujeme zm\u011bnu designu dealerstv\u00ed, do konce roku bychom cht\u011bli m\u00edt celkem dvacet showroom\u016f v nov\u00e9m korpor\u00e1tn\u00edm designu.<\/p>\n<p><strong>Co to konkr\u00e9tn\u011b bude pro va\u0161e partnery znamenat? Bude se m\u011bnit exteri\u00e9r i interi\u00e9r showroom\u016f?<\/strong><\/p>\n<p><strong>\u00a0<\/strong>Zm\u011bna se t\u00fdk\u00e1 cel\u00e9ho exteri\u00e9ru i interi\u00e9ru dealerstv\u00ed. Zven\u010d\u00ed instalujeme nov\u00fd totem, nam\u00edsto \u010derven\u00fdch se na budov\u00e1ch objev\u00ed \u010dern\u00e9 prvky. V\u00a0interi\u00e9ru p\u0159il\u00e1k\u00e1 pozornost sv\u011bteln\u00fd prvek nekone\u010dn\u00e9 smy\u010dky v\u00a0\u010derven\u00e9 barv\u011b, tzv. Infinity Loop, kter\u00fd propoj\u00ed z\u00e1kaznickou z\u00f3nu s\u00a0prostorn\u00fdm showroomem. Obm\u011bn\u00ed se tak\u00e9 n\u00e1bytek, podlaha a cel\u00fd prostor bude vyu\u017e\u00edvat zejm\u00e9na p\u0159\u00edrodn\u00ed materi\u00e1ly jako je d\u0159evo v\u00a0tepl\u00fdch t\u00f3nech. Zm\u011bny tak\u00e9 zahrnuj\u00ed v\u00fdstavbu dob\u00edjec\u00edch stanic pro elektromobily na\u0161ich z\u00e1kazn\u00edk\u016f, v\u00a0t\u00e9to oblasti spolupracujeme hlavn\u011b se spole\u010dnost\u00ed E.ON.<\/p>\n<figure id=\"attachment_45654\" aria-describedby=\"caption-attachment-45654\" style=\"width: 1024px\" class=\"wp-caption alignnone\"><img loading=\"lazy\" decoding=\"async\" class=\"size-large wp-image-45654\" src=\"http:\/\/www.automakersnews.cz\/wp-content\/uploads\/2023\/05\/KIA_Auto_Stanek_Pisek_small-1024x683.jpg\" alt=\"\" width=\"1024\" height=\"683\" \/><figcaption id=\"caption-attachment-45654\" class=\"wp-caption-text\">Nov\u00fdm designem u\u017e se chlub\u00ed Auto Stan\u011bk v P\u00edsku<\/figcaption><\/figure>\n<p><strong>Jak bude tato zm\u011bna pro partnery KIA finan\u010dn\u011b n\u00e1ro\u010dn\u00e1? Podrobnosti najdete v ti\u0161t\u011bn\u00e9 verzi na\u0161eho zpravodajstv\u00ed!<\/strong><\/p>\n<p><strong>Zdroj: Import\u00e9rsk\u00fd speci\u00e1l Automakers 2023<\/strong><\/p>\n<p>&nbsp;<\/p>\n","protected":false},"excerpt":{"rendered":"<div class=\"mh-excerpt\"><p>Kia Czech, \u010d\u00edslo 5 mezi tuzemsk\u00fdmi import\u00e9ry, chce letos vyztu\u017eit prodejn\u00ed s\u00ed\u0165 a chyst\u00e1 tak\u00e9 jej\u00ed redesign. Import\u00e9rsk\u00fd speci\u00e1l Automakers se ptal na podrobnosti gener\u00e1ln\u00edho <a class=\"mh-excerpt-more\" href=\"https:\/\/www.automakersnews.cz\/index.php\/2023\/05\/12\/kia-chysta-zmenu-designu-showroomu\/\" title=\"Kia chyst\u00e1 zm\u011bnu designu showroom\u016f\">[&#8230;]<\/a><\/p>\n<\/div>","protected":false},"author":1,"featured_media":5956,"comment_status":"open","ping_status":"open","sticky":false,"template":"","format":"standard","meta":{"footnotes":""},"categories":[39],"tags":[],"class_list":["post-45653","post","type-post","status-publish","format-standard","has-post-thumbnail","hentry","category-dealeri"],"_links":{"self":[{"href":"https:\/\/www.automakersnews.cz\/index.php\/wp-json\/wp\/v2\/posts\/45653","targetHints":{"allow":["GET"]}}],"collection":[{"href":"https:\/\/www.automakersnews.cz\/index.php\/wp-json\/wp\/v2\/posts"}],"about":[{"href":"https:\/\/www.automakersnews.cz\/index.php\/wp-json\/wp\/v2\/types\/post"}],"author":[{"embeddable":true,"href":"https:\/\/www.automakersnews.cz\/index.php\/wp-json\/wp\/v2\/users\/1"}],"replies":[{"embeddable":true,"href":"https:\/\/www.automakersnews.cz\/index.php\/wp-json\/wp\/v2\/comments?post=45653"}],"version-history":[{"count":0,"href":"https:\/\/www.automakersnews.cz\/index.php\/wp-json\/wp\/v2\/posts\/45653\/revisions"}],"wp:featuredmedia":[{"embeddable":true,"href":"https:\/\/www.automakersnews.cz\/index.php\/wp-json\/wp\/v2\/media\/5956"}],"wp:attachment":[{"href":"https:\/\/www.automakersnews.cz\/index.php\/wp-json\/wp\/v2\/media?parent=45653"}],"wp:term":[{"taxonomy":"category","embeddable":true,"href":"https:\/\/www.automakersnews.cz\/index.php\/wp-json\/wp\/v2\/categories?post=45653"},{"taxonomy":"post_tag","embeddable":true,"href":"https:\/\/www.automakersnews.cz\/index.php\/wp-json\/wp\/v2\/tags?post=45653"}],"curies":[{"name":"wp","href":"https:\/\/api.w.org\/{rel}","templated":true}]}}