{"id":4582,"date":"2022-11-23T09:47:57","date_gmt":"2022-11-23T09:47:57","guid":{"rendered":"https:\/\/www.automakersnews.cz\/?p=4582"},"modified":"2022-11-23T09:48:49","modified_gmt":"2022-11-23T09:48:49","slug":"cartec-group-partnerem-prague-playoffs-2022","status":"publish","type":"post","link":"https:\/\/www.automakersnews.cz\/index.php\/2022\/11\/23\/cartec-group-partnerem-prague-playoffs-2022\/","title":{"rendered":"CarTec Group partnerem Prague Playoffs"},"content":{"rendered":"<p><strong>Celosv\u011btov\u00e1 \u0161pi\u010dka parkurov\u00fdch jezdc\u016f se v r\u00e1mci s\u00e9rie Global Champions Tour z\u00fa\u010dastnila galashow Prague Playoffs 2022, kter\u00e1 se konala od 17. do 20. listopadu v O2 ar\u00e9n\u011b.<\/strong> <!--more--><\/p>\n<p>BMW Autorizovan\u00fd Dealer CarTec Group byl i letos ofici\u00e1ln\u00edm partnerem a pro zaji\u0161t\u011bn\u00ed shuttle service pro vybran\u00e9 n\u00e1v\u0161t\u011bvn\u00edky a \u00fa\u010dastn\u00edky galashow poskytl v\u00edce ne\u017e 40 voz\u016f.<\/p>\n<p>V samotn\u00e9 z\u00e1vodn\u00ed ar\u00e9n\u011b d\u011blalo parkurov\u00fdm jezdc\u016fm spole\u010dnost BMW i7, vrcholn\u00fd model v segmentu luxusn\u00edch elektrick\u00fdch voz\u016f, a Rolls-Royce Cullinan. Uprost\u0159ed kolbi\u0161t\u011b bylo tak\u00e9 k vid\u011bn\u00ed BMW X5, BMW X6 a nov\u00e9 BMW X7. T\u011bmto voz\u016fm pat\u0159ila d\u016fle\u017eit\u00e1 role asistence p\u0159i stav\u011bn\u00ed p\u0159ek\u00e1\u017eek.<\/p>\n","protected":false},"excerpt":{"rendered":"<div class=\"mh-excerpt\"><p>Celosv\u011btov\u00e1 \u0161pi\u010dka parkurov\u00fdch jezdc\u016f se v r\u00e1mci s\u00e9rie Global Champions Tour z\u00fa\u010dastnila galashow Prague Playoffs 2022, kter\u00e1 se konala od 17. do 20. listopadu v <a class=\"mh-excerpt-more\" href=\"https:\/\/www.automakersnews.cz\/index.php\/2022\/11\/23\/cartec-group-partnerem-prague-playoffs-2022\/\" title=\"CarTec Group partnerem Prague Playoffs\">[&#8230;]<\/a><\/p>\n<\/div>","protected":false},"author":1,"featured_media":4583,"comment_status":"open","ping_status":"open","sticky":false,"template":"","format":"standard","meta":{"footnotes":""},"categories":[2],"tags":[],"class_list":["post-4582","post","type-post","status-publish","format-standard","has-post-thumbnail","hentry","category-news"],"_links":{"self":[{"href":"https:\/\/www.automakersnews.cz\/index.php\/wp-json\/wp\/v2\/posts\/4582","targetHints":{"allow":["GET"]}}],"collection":[{"href":"https:\/\/www.automakersnews.cz\/index.php\/wp-json\/wp\/v2\/posts"}],"about":[{"href":"https:\/\/www.automakersnews.cz\/index.php\/wp-json\/wp\/v2\/types\/post"}],"author":[{"embeddable":true,"href":"https:\/\/www.automakersnews.cz\/index.php\/wp-json\/wp\/v2\/users\/1"}],"replies":[{"embeddable":true,"href":"https:\/\/www.automakersnews.cz\/index.php\/wp-json\/wp\/v2\/comments?post=4582"}],"version-history":[{"count":0,"href":"https:\/\/www.automakersnews.cz\/index.php\/wp-json\/wp\/v2\/posts\/4582\/revisions"}],"wp:featuredmedia":[{"embeddable":true,"href":"https:\/\/www.automakersnews.cz\/index.php\/wp-json\/wp\/v2\/media\/4583"}],"wp:attachment":[{"href":"https:\/\/www.automakersnews.cz\/index.php\/wp-json\/wp\/v2\/media?parent=4582"}],"wp:term":[{"taxonomy":"category","embeddable":true,"href":"https:\/\/www.automakersnews.cz\/index.php\/wp-json\/wp\/v2\/categories?post=4582"},{"taxonomy":"post_tag","embeddable":true,"href":"https:\/\/www.automakersnews.cz\/index.php\/wp-json\/wp\/v2\/tags?post=4582"}],"curies":[{"name":"wp","href":"https:\/\/api.w.org\/{rel}","templated":true}]}}