{"id":4587,"date":"2022-11-23T10:05:19","date_gmt":"2022-11-23T10:05:19","guid":{"rendered":"https:\/\/www.automakersnews.cz\/?p=4587"},"modified":"2022-11-23T10:05:19","modified_gmt":"2022-11-23T10:05:19","slug":"volvo-svolava-do-servisu-model-xc90","status":"publish","type":"post","link":"https:\/\/www.automakersnews.cz\/index.php\/2022\/11\/23\/volvo-svolava-do-servisu-model-xc90\/","title":{"rendered":"Volvo svol\u00e1v\u00e1 do servisu model XC90"},"content":{"rendered":"<p><strong>Servisy zna\u010dky Volvo za\u010daly svol\u00e1vat majitele voz\u016f XC90 vyroben\u00fdch v obdob\u00ed 26. dubna 2021 \u2013 29. z\u00e1\u0159\u00ed 2022. Kde je probl\u00e9m?<br \/>\n<\/strong><!--more--><\/p>\n<p>Spalovac\u00ed motor nemus\u00ed u t\u011bchto voz\u016f nastartovat a k pohonu bude slou\u017eit pouze vysokonap\u011b\u0165ov\u00e1 baterie.<\/p>\n<p>To m\u016f\u017ee v\u00e9st k vybit\u00ed akumul\u00e1toru a ztr\u00e1t\u011b pohonu za j\u00edzdy, co\u017e zvy\u0161uje riziko nehody.<\/p>\n<p><strong>K\u00f3d svol\u00e1vac\u00ed akce Volvo:<\/strong>\u00a0R10198<br \/>\n<strong>Dot\u010den\u00e9 modely:<\/strong>\u00a0S60, V60, XC60, S90, V90, XC90, S90L<\/p>\n<p>Zdroj: Svolavacky.cz<\/p>\n","protected":false},"excerpt":{"rendered":"<div class=\"mh-excerpt\"><p>Servisy zna\u010dky Volvo za\u010daly svol\u00e1vat majitele voz\u016f XC90 vyroben\u00fdch v obdob\u00ed 26. dubna 2021 \u2013 29. z\u00e1\u0159\u00ed 2022. Kde je probl\u00e9m?<\/p>\n<\/div>","protected":false},"author":1,"featured_media":4588,"comment_status":"open","ping_status":"open","sticky":false,"template":"","format":"standard","meta":{"footnotes":""},"categories":[17],"tags":[],"class_list":["post-4587","post","type-post","status-publish","format-standard","has-post-thumbnail","hentry","category-servis"],"_links":{"self":[{"href":"https:\/\/www.automakersnews.cz\/index.php\/wp-json\/wp\/v2\/posts\/4587","targetHints":{"allow":["GET"]}}],"collection":[{"href":"https:\/\/www.automakersnews.cz\/index.php\/wp-json\/wp\/v2\/posts"}],"about":[{"href":"https:\/\/www.automakersnews.cz\/index.php\/wp-json\/wp\/v2\/types\/post"}],"author":[{"embeddable":true,"href":"https:\/\/www.automakersnews.cz\/index.php\/wp-json\/wp\/v2\/users\/1"}],"replies":[{"embeddable":true,"href":"https:\/\/www.automakersnews.cz\/index.php\/wp-json\/wp\/v2\/comments?post=4587"}],"version-history":[{"count":0,"href":"https:\/\/www.automakersnews.cz\/index.php\/wp-json\/wp\/v2\/posts\/4587\/revisions"}],"wp:featuredmedia":[{"embeddable":true,"href":"https:\/\/www.automakersnews.cz\/index.php\/wp-json\/wp\/v2\/media\/4588"}],"wp:attachment":[{"href":"https:\/\/www.automakersnews.cz\/index.php\/wp-json\/wp\/v2\/media?parent=4587"}],"wp:term":[{"taxonomy":"category","embeddable":true,"href":"https:\/\/www.automakersnews.cz\/index.php\/wp-json\/wp\/v2\/categories?post=4587"},{"taxonomy":"post_tag","embeddable":true,"href":"https:\/\/www.automakersnews.cz\/index.php\/wp-json\/wp\/v2\/tags?post=4587"}],"curies":[{"name":"wp","href":"https:\/\/api.w.org\/{rel}","templated":true}]}}