{"id":460,"date":"2022-09-09T08:16:50","date_gmt":"2022-09-09T08:16:50","guid":{"rendered":"http:\/\/www.automakersnews.cz\/?p=460"},"modified":"2022-09-09T08:16:50","modified_gmt":"2022-09-09T08:16:50","slug":"auto-elso-zve-na-premieru-ae-mobility","status":"publish","type":"post","link":"https:\/\/www.automakersnews.cz\/index.php\/2022\/09\/09\/auto-elso-zve-na-premieru-ae-mobility\/","title":{"rendered":"Auto Elso zve na premi\u00e9ru AE-MOBILITY"},"content":{"rendered":"<p><strong>AUTO ELSO, autorizovan\u00fd prodejce voz\u016f \u0160koda v pra\u017esk\u00fdch \u010cakovic\u00edch, chyst\u00e1 dal\u0161\u00ed krok v roz\u0161\u00ed\u0159en\u00ed komplexn\u00edch slu\u017eeb v oblasti mobility. Firma v z\u00e1\u0159\u00ed nab\u00eddne doslova pod jednou st\u0159echou 30 testovac\u00edch voz\u016f od Dacie Spring a\u017e po Porsche Taycan a to v\u010detn\u011b novinek v oblasti elektrick\u00fdch LUV.<\/strong><span id=\"more-154446\"><\/span><!--more--><\/p>\n<p>\u201eSamotn\u00e9 testovac\u00ed j\u00edzdy dopln\u00edme o s\u00e9rii p\u0159edn\u00e1\u0161ek a osobn\u00edch konzultac\u00ed na\u0161ich partner\u016f, kde pozvan\u00fdm host\u016fm krom\u011b detailn\u00edho p\u0159edstaven\u00ed voz\u016f odpov\u00edme i na dotazy souvisej\u00edc\u00ed s\u00a0budoucnost\u00ed mobility, financov\u00e1n\u00edm n\u00e1kupu elektromobil\u016f, ve\u0159ejn\u00e9ho, firemn\u00edho a dom\u00e1c\u00edho nab\u00edjen\u00ed, se sv\u011btem dotac\u00ed,\u201c up\u0159esnil organiz\u00e1tor akce Radek Donner.<\/p>\n<p>KDE: Praha \u010cakovice, Cukrovarsk\u00e1 900\/10<\/p>\n<p>KDY: 20. a 21. z\u00e1\u0159\u00ed 2022 (Sn\u00eddan\u011b pro novin\u00e1\u0159e 9:00, Tiskov\u00e9 dopoledne 9:30 \u2013 12:00 hod.)<\/p>\n","protected":false},"excerpt":{"rendered":"<div class=\"mh-excerpt\"><p>AUTO ELSO, autorizovan\u00fd prodejce voz\u016f \u0160koda v pra\u017esk\u00fdch \u010cakovic\u00edch, chyst\u00e1 dal\u0161\u00ed krok v roz\u0161\u00ed\u0159en\u00ed komplexn\u00edch slu\u017eeb v oblasti mobility. Firma v z\u00e1\u0159\u00ed nab\u00eddne doslova pod <a class=\"mh-excerpt-more\" href=\"https:\/\/www.automakersnews.cz\/index.php\/2022\/09\/09\/auto-elso-zve-na-premieru-ae-mobility\/\" title=\"Auto Elso zve na premi\u00e9ru AE-MOBILITY\">[&#8230;]<\/a><\/p>\n<\/div>","protected":false},"author":1,"featured_media":461,"comment_status":"open","ping_status":"open","sticky":false,"template":"","format":"standard","meta":{"footnotes":""},"categories":[22],"tags":[],"class_list":["post-460","post","type-post","status-publish","format-standard","has-post-thumbnail","hentry","category-elektromobily"],"_links":{"self":[{"href":"https:\/\/www.automakersnews.cz\/index.php\/wp-json\/wp\/v2\/posts\/460","targetHints":{"allow":["GET"]}}],"collection":[{"href":"https:\/\/www.automakersnews.cz\/index.php\/wp-json\/wp\/v2\/posts"}],"about":[{"href":"https:\/\/www.automakersnews.cz\/index.php\/wp-json\/wp\/v2\/types\/post"}],"author":[{"embeddable":true,"href":"https:\/\/www.automakersnews.cz\/index.php\/wp-json\/wp\/v2\/users\/1"}],"replies":[{"embeddable":true,"href":"https:\/\/www.automakersnews.cz\/index.php\/wp-json\/wp\/v2\/comments?post=460"}],"version-history":[{"count":0,"href":"https:\/\/www.automakersnews.cz\/index.php\/wp-json\/wp\/v2\/posts\/460\/revisions"}],"wp:featuredmedia":[{"embeddable":true,"href":"https:\/\/www.automakersnews.cz\/index.php\/wp-json\/wp\/v2\/media\/461"}],"wp:attachment":[{"href":"https:\/\/www.automakersnews.cz\/index.php\/wp-json\/wp\/v2\/media?parent=460"}],"wp:term":[{"taxonomy":"category","embeddable":true,"href":"https:\/\/www.automakersnews.cz\/index.php\/wp-json\/wp\/v2\/categories?post=460"},{"taxonomy":"post_tag","embeddable":true,"href":"https:\/\/www.automakersnews.cz\/index.php\/wp-json\/wp\/v2\/tags?post=460"}],"curies":[{"name":"wp","href":"https:\/\/api.w.org\/{rel}","templated":true}]}}